{"id":109443,"date":"2025-04-04T16:54:17","date_gmt":"2025-04-04T16:54:17","guid":{"rendered":"https:\/\/rdnews.al\/?p=109443"},"modified":"2025-04-04T16:54:17","modified_gmt":"2025-04-04T16:54:17","slug":"berisha-nuk-mund-te-integrohemi-ne-be-si-vendi-me-pensione-140-euro-apo-si-vendi-ku-behen-arrestime-politike","status":"publish","type":"post","link":"https:\/\/rdnews.al\/index.php\/2025\/04\/04\/berisha-nuk-mund-te-integrohemi-ne-be-si-vendi-me-pensione-140-euro-apo-si-vendi-ku-behen-arrestime-politike\/","title":{"rendered":"Berisha: Nuk mund t\u00eb integrohemi n\u00eb BE si vendi me pensione 140 euro, apo si vendi ku b\u00ebhen arrestime politike"},"content":{"rendered":"<p>Lideri i opozit\u00ebs, Sali Berisha ka hedhur posht\u00eb prograpand\u00ebn e Edi Ram\u00ebs me integrimin. Berisha e ka cil\u00ebsuar at\u00eb si nj\u00eb meme t\u00eb gjall\u00eb, i cili nuk di se \u00e7far\u00eb thot\u00eb.<\/p>\n<p>Berisha ka theksuar n\u00eb fjal\u00ebn e tij, se n\u00eb BE, Shqip\u00ebria nuk mund t\u00eb integrohet si vendi ku pensionet jan\u00eb 140-150 euro, ku burgosen politikisht drejtuesit e opozit\u00ebs, apo si vendi q\u00eb eksporton kriminalitet.<\/p>\n<p>\u201cMiq, ky njeri, t\u00eb rinjt\u00eb i kan\u00eb v\u00ebn\u00eb memen e fundit: meme e gjall\u00eb, dhe bravo u qoft\u00eb se ua kan\u00eb gjetur.<\/p>\n<p>Ky njeri q\u00eb nuk q\u00eb nuk l\u00eb gje pa g\u00ebnjyer. Tani, ka 3 jav\u00eb q\u00eb nxjerr nj\u00eb pasaport\u00eb biometrike t\u00eb prodhuar nga qeveria e m\u00ebparshme, dhe u thot\u00eb ja, pasaporta europiane.<\/p>\n<p>Kjo parti q\u00ebndroi n\u00eb pushtet 20 vjet, dhe n\u00eb m\u00ebnyr\u00eb absolute nuk ka regjistruar nj\u00eb akt t\u00eb vet\u00ebm madhor n\u00eb procesin e integrimit.<\/p>\n<p>PD e an\u00ebtar\u00ebsoi Shqip\u00ebrin\u00eb n\u00eb K\u00ebshillin e Europ\u00ebs. K\u00ebta th\u00ebrrisnin se, molla nuk \u00ebsht\u00eb pjekur, n\u00eb at\u00eb koh\u00eb, ju kujtohet. PD an\u00ebtar\u00ebsoi Shqip\u00ebrin\u00eb n\u00eb NATO. Edi Rama protestonte me portretet e Enver Hoxh\u00ebs, at\u00eb dit\u00eb q\u00eb Shqip\u00ebria an\u00ebtar\u00ebsohej n\u00eb NATO n\u00eb shesh.<\/p>\n<p>Komisioni Europian prpozoi Shqip\u00ebrin\u00eb p\u00ebr statusin e kandidatit. Ai bllokonte 3 ligjet n\u00eb parlament p\u00ebr k\u00ebshilltar\u00ebt e Fierit. Parlamenti Europian miratoi heqjen e vizave p\u00ebr shqiptar\u00ebt. Ai d\u00ebrgonte emaile se 800 mij\u00eb shqiptar\u00eb do u dynden n\u00eb Bruksel.<\/p>\n<p>Pse po i them k\u00ebto?<\/p>\n<p>Po i them k\u00ebto se, n\u00eb qoft\u00eb se ka nj\u00eb parti q\u00eb ka ADN-n\u00eb e integrimit, kjo \u00ebsht\u00eb PD-ja.<\/p>\n<p>Po PD-ja e integrimit nuk e imagjinon kurr\u00eb se mund t\u00eb integroj\u00eb Shqip\u00ebrin\u00eb si vend i burgosjeve dhe arrestimeve politike.<\/p>\n<p>Jo, Shqip\u00ebria nuk mund t\u00eb integrohet kurr\u00eb si vend i till\u00eb.<\/p>\n<p>PD nuk e imagjinon kurr\u00eb q\u00eb t\u00eb mund t\u00eb integroj\u00eb Shqip\u00ebrin\u00eb si nj\u00eb vend i tortur\u00ebs masive. A e dini ju miq, se sot n\u00eb burgjet e Shqip\u00ebris\u00eb 70% e 6200 t\u00eb burgosurve jan\u00eb n\u00eb paraburgim, jan\u00eb persona t\u00eb pad\u00ebnuar. N\u00eb parim e Kushtetut\u00ebs s\u00eb Shqip\u00ebris\u00eb, t\u00eb Konvent\u00ebs Europiane t\u00eb t\u00eb Drejtave t\u00eb Njeriut, t\u00eb Kart\u00ebs s\u00eb Organizat\u00ebs s\u00eb OKB, ata jan\u00eb t\u00eb pafajsh\u00ebm. Dhe ata mbahen aty, n\u00eb super kushte \u00e7njer\u00ebzore, torture t\u00eb v\u00ebrtet\u00eb.<\/p>\n<p>Jo, Shqip\u00ebria nuk mund t\u00eb ec\u00eb n\u00eb k\u00ebt\u00eb m\u00ebnyr\u00eb drejt BE.<\/p>\n<p>Por, t\u2019u them edhe nj\u00eb gj\u00eb tjet\u00ebr ju. Shqip\u00ebria nuk mund t\u00eb ec\u00eb drejt BE me pensionist\u00eb q\u00eb marrin 140 euro, 150 euro. Nuk ecet. E kan\u00eb edhe k\u00ebt\u00eb kriter. Nuk e shpallin. Por e kan\u00eb ata edhe k\u00ebt\u00eb kriter. Edhe, e kan\u00eb me t\u00eb drejt\u00eb. Ua jap plot\u00ebsisht t\u00eb drejt\u00eb.<\/p>\n<p>Shqip\u00ebria, nuk mund t\u00eb ec\u00eb drejt BE duke eksportuar krim dhe kriminalitet, duke dhunuar zgjedhjet e lira.<\/p>\n<p>Pra, t\u00eb gjitha k\u00ebto jan\u00eb vet\u00ebm mashtrime t\u00eb Edi Ram\u00ebs. N\u00eb qoft\u00eb se, ka nj\u00eb forc\u00eb politike q\u00eb \u00ebsht\u00eb faktuar se \u00ebsht\u00eb serioze dhe e suksesshme n\u00eb proceset integruese, kjo \u00ebsht\u00eb PD\u201d, u shpreh Berisha.<\/p>\n","protected":false},"excerpt":{"rendered":"<p>Lideri i opozit\u00ebs, Sali Berisha ka hedhur posht\u00eb prograpand\u00ebn e Edi Ram\u00ebs me integrimin. Berisha e ka cil\u00ebsuar at\u00eb si nj\u00eb meme t\u00eb gjall\u00eb, i cili nuk di se \u00e7far\u00eb thot\u00eb. Berisha ka theksuar n\u00eb fjal\u00ebn e tij, se n\u00eb BE, Shqip\u00ebria nuk mund t\u00eb integrohet si vendi ku pensionet jan\u00eb 140-150 euro, ku burgosen &hellip;<\/p>\n","protected":false},"author":4,"featured_media":109445,"comment_status":"closed","ping_status":"closed","sticky":false,"template":"","format":"standard","meta":{"footnotes":""},"categories":[37],"tags":[],"class_list":["post-109443","post","type-post","status-publish","format-standard","has-post-thumbnail","","category-politike"],"_links":{"self":[{"href":"https:\/\/rdnews.al\/index.php\/wp-json\/wp\/v2\/posts\/109443","targetHints":{"allow":["GET"]}}],"collection":[{"href":"https:\/\/rdnews.al\/index.php\/wp-json\/wp\/v2\/posts"}],"about":[{"href":"https:\/\/rdnews.al\/index.php\/wp-json\/wp\/v2\/types\/post"}],"author":[{"embeddable":true,"href":"https:\/\/rdnews.al\/index.php\/wp-json\/wp\/v2\/users\/4"}],"replies":[{"embeddable":true,"href":"https:\/\/rdnews.al\/index.php\/wp-json\/wp\/v2\/comments?post=109443"}],"version-history":[{"count":1,"href":"https:\/\/rdnews.al\/index.php\/wp-json\/wp\/v2\/posts\/109443\/revisions"}],"predecessor-version":[{"id":109446,"href":"https:\/\/rdnews.al\/index.php\/wp-json\/wp\/v2\/posts\/109443\/revisions\/109446"}],"wp:featuredmedia":[{"embeddable":true,"href":"https:\/\/rdnews.al\/index.php\/wp-json\/wp\/v2\/media\/109445"}],"wp:attachment":[{"href":"https:\/\/rdnews.al\/index.php\/wp-json\/wp\/v2\/media?parent=109443"}],"wp:term":[{"taxonomy":"category","embeddable":true,"href":"https:\/\/rdnews.al\/index.php\/wp-json\/wp\/v2\/categories?post=109443"},{"taxonomy":"post_tag","embeddable":true,"href":"https:\/\/rdnews.al\/index.php\/wp-json\/wp\/v2\/tags?post=109443"}],"curies":[{"name":"wp","href":"https:\/\/api.w.org\/{rel}","templated":true}]}}