{"id":109450,"date":"2025-04-04T17:04:28","date_gmt":"2025-04-04T17:04:28","guid":{"rendered":"https:\/\/rdnews.al\/?p=109450"},"modified":"2025-04-04T17:05:28","modified_gmt":"2025-04-04T17:05:28","slug":"malltezi-kryetarja-e-bashkise-percmon-banoret-e-durresit-te-ri","status":"publish","type":"post","link":"https:\/\/rdnews.al\/index.php\/2025\/04\/04\/malltezi-kryetarja-e-bashkise-percmon-banoret-e-durresit-te-ri\/","title":{"rendered":"Malltezi: Kryetarja e Bashkis\u00eb p\u00ebr\u00e7mon banor\u00ebt e Durr\u00ebsit t\u00eb ri!"},"content":{"rendered":"<p>Drejtuesi i Departamentit t\u00eb Mjedisit n\u00eb PD, Jamarb\u00ebr Malltezi, ka denoncuar nj\u00eb tjet\u00ebr skandal t\u00eb kryebashkiakes s\u00eb Durr\u00ebsit, Emiriana Sako, pasi denoncoi se si digjen hapur mbetjet n\u00eb qytetin bregdetar, duke krijuar ndotje mjedisore.<\/p>\n<p>N\u00eb postimin e tij n\u00eb Facebook, Malltezi thekson se kryetarja e bashkis\u00eb p\u00ebr\u00e7mon banor\u00ebt e Durr\u00ebsit t\u00eb ri, duke i quajtur \u2018ata q\u00eb jetojn\u00eb buz\u00eb kanalit t\u00eb bretkockave\u2019.<\/p>\n<p><strong>Postimi i plot\u00eb<\/strong><\/p>\n<p>Kryetarja n\u00eb detyr\u00eb e Bashkis\u00eb Durr\u00ebs Emirjana Sako ka 4 vjet qe ju ka prish shtepite banor\u00ebve q\u00eb jetojn\u00eb n\u00eb rrug\u00ebn \u201cAzem Hajdari\u201d n\u00eb Durr\u00ebs, dhe tani i percmon! Rikonstruksioni zvarritet prej 4 vitesh, por ca te verteta mund ti themi:<\/p>\n<ol>\n<li>Impianti i trajtimit te ujeave te ndotura ne Durres u inagurua nga Berisha dhe Olldashi ne Prill 2013<\/li>\n<li>Ka 12 vjet qe hajdutet qe vjedhin Durresin as nuk kane bere kanalizime ne tokesore dhe as nuk kane lidh kanalin siperfaqsor ne rr. Azem Hajdari me impiantin<\/li>\n<li>Sako ka qene drejtoreshe e sherbimeve publike pra edhe e kanalizimeve te ujrave te zeza dhe trajtimit te mbetjeve urbane por situata edhte trishtim<\/li>\n<li>U shpall emergjence per mbetjet urbane por u be vetem qe te cojne cdo vit 20 miljon euro tek mafia e inceneratoreve se 0 zgjidhje<\/li>\n<li>Durresi ka Impiant te ujrave te zeza qe degradon prej 12 vitesh se as nuk mirembahet dhe as nuk eshte lidhur me kanalet dhe i vetmi qytet ne ballkan qe kur shkon tek varrezat mund te mbytesh nga era e rende e ujrave te zeza.<\/li>\n<\/ol>\n<p>Kanali i\u00a0 hapur i uj\u00ebrave t\u00eb zeza n\u00eb rrug\u00ebn e \u201cAzem Hajdari\u201d nuk sistemua ndon\u00ebse nga buxheti i shtetit jan\u00eb alokuar miliona euro dhe ky kanal \u00ebsht\u00eb kthyer n\u00eb nj\u00eb bomb\u00eb ekologjike q\u00eb rrezikon\u00a0 gjith\u00eb qytetin dhe alarmi i ngritur nga KLSH dhe komisioneri p\u00ebr diskriminin ka r\u00ebn\u00eb n\u00eb vesh t\u00eb shurdh\u00ebr.<\/p>\n<p>N\u00eb\u00a0 prill r\u00eb 2020 n\u00eb cil\u00ebsin\u00eb kreut t\u00eb Departamentit t\u00eb Mjedisit n\u00eb PD kam denoncuar masakr\u00ebn mjerisore n\u00eb rrug\u00ebn \u201cAzem Hajdari\u201d dhe rrezikun\u00a0 i kanasej qytetit bregdetar. N\u00eb at\u00eb koh\u00eb Emirjana Sako\u00a0 sapo ishte em\u00ebruar n\u00ebnKryetare e Bashkis\u00eb Durr\u00ebs, teksa p\u00ebr vite me radh\u00eb ajo kishte mbajtur postin e drejtoresh\u00ebs P\u00ebrgjithshme e Sh\u00ebrbimeve dhe Pun\u00ebve Publike n\u00eb Bashkin\u00eb e Durr\u00ebsit, pra p\u00ebrgjegj\u00ebse p\u00ebr k\u00ebto kanalet e bretkockave.<\/p>\n<p>Jan\u00eb mbi\u00a010 kanale t\u00eb hapura n\u00eb zon\u00ebn e Durr\u00ebsit t\u00eb ri, Spitall\u00eb e Shkozet q\u00eb jan\u00eb n\u00eb k\u00ebt\u00eb gjendje dhe nuk jan\u00eb sistemuar nga ana e Bashkis\u00eb dhe AKUM, ndon\u00ebse jan\u00eb l\u00ebvruar miliona euro.<\/p>\n<p>Rreth 50 mij\u00eb banor\u00eb t\u00eb Durr\u00ebsit t\u00eb ri fal\u00eb Emirjana Sakos dhe Vangjush Dakos bashk\u00ebjetojn\u00eb me kanalet e hapura t\u00eb uj\u00ebrave t\u00eb zeza ose \u201ckanalet e bretkockave\u201d si\u00e7 i cil\u00ebson Emirjana Sako dhe kjo e ekspozon p\u00ebrball\u00eb p\u00ebrgjegj\u00ebsise penale.<\/p>\n<div class=\"fotogaleri\">\n<div class=\"bx-wrapper\">\n<div class=\"bx-viewport\">\n<ul class=\"read-slider\">\n<li><a href=\"https:\/\/www.syri.net\/fotogaleria\/776829\/ata-qe-jetonin-buze-kanalit-te-bretkockave-malltezi-kryetarja-e-bashkise-percmon-banoret-e-durresit-te-ri\/\" target=\"_blank\" rel=\"noopener\"><img decoding=\"async\" src=\"https:\/\/www.syri.net\/uploads\/syri.net\/images\/2025\/April\/04\/auto_488885709_10162001918948190_975422478869404798_n1743781625.jpg\" \/><\/a><\/li>\n<\/ul>\n<\/div>\n<\/div>\n<\/div>\n","protected":false},"excerpt":{"rendered":"<p>Drejtuesi i Departamentit t\u00eb Mjedisit n\u00eb PD, Jamarb\u00ebr Malltezi, ka denoncuar nj\u00eb tjet\u00ebr skandal t\u00eb kryebashkiakes s\u00eb Durr\u00ebsit, Emiriana Sako, pasi denoncoi se si digjen hapur mbetjet n\u00eb qytetin bregdetar, duke krijuar ndotje mjedisore. N\u00eb postimin e tij n\u00eb Facebook, Malltezi thekson se kryetarja e bashkis\u00eb p\u00ebr\u00e7mon banor\u00ebt e Durr\u00ebsit t\u00eb ri, duke i quajtur &hellip;<\/p>\n","protected":false},"author":4,"featured_media":51326,"comment_status":"closed","ping_status":"closed","sticky":false,"template":"","format":"standard","meta":{"footnotes":""},"categories":[37],"tags":[],"class_list":["post-109450","post","type-post","status-publish","format-standard","has-post-thumbnail","","category-politike"],"_links":{"self":[{"href":"https:\/\/rdnews.al\/index.php\/wp-json\/wp\/v2\/posts\/109450","targetHints":{"allow":["GET"]}}],"collection":[{"href":"https:\/\/rdnews.al\/index.php\/wp-json\/wp\/v2\/posts"}],"about":[{"href":"https:\/\/rdnews.al\/index.php\/wp-json\/wp\/v2\/types\/post"}],"author":[{"embeddable":true,"href":"https:\/\/rdnews.al\/index.php\/wp-json\/wp\/v2\/users\/4"}],"replies":[{"embeddable":true,"href":"https:\/\/rdnews.al\/index.php\/wp-json\/wp\/v2\/comments?post=109450"}],"version-history":[{"count":2,"href":"https:\/\/rdnews.al\/index.php\/wp-json\/wp\/v2\/posts\/109450\/revisions"}],"predecessor-version":[{"id":109452,"href":"https:\/\/rdnews.al\/index.php\/wp-json\/wp\/v2\/posts\/109450\/revisions\/109452"}],"wp:featuredmedia":[{"embeddable":true,"href":"https:\/\/rdnews.al\/index.php\/wp-json\/wp\/v2\/media\/51326"}],"wp:attachment":[{"href":"https:\/\/rdnews.al\/index.php\/wp-json\/wp\/v2\/media?parent=109450"}],"wp:term":[{"taxonomy":"category","embeddable":true,"href":"https:\/\/rdnews.al\/index.php\/wp-json\/wp\/v2\/categories?post=109450"},{"taxonomy":"post_tag","embeddable":true,"href":"https:\/\/rdnews.al\/index.php\/wp-json\/wp\/v2\/tags?post=109450"}],"curies":[{"name":"wp","href":"https:\/\/api.w.org\/{rel}","templated":true}]}}