{"id":109453,"date":"2025-04-04T17:52:54","date_gmt":"2025-04-04T17:52:54","guid":{"rendered":"https:\/\/rdnews.al\/?p=109453"},"modified":"2025-04-04T17:52:54","modified_gmt":"2025-04-04T17:52:54","slug":"berisha-cdo-shqiptar-do-te-marre-minimumi-200-euro-ne-muaj-pra-6-3-euro-ne-dite-me-kete-shume-ai-del-nga-mjerimi","status":"publish","type":"post","link":"https:\/\/rdnews.al\/index.php\/2025\/04\/04\/berisha-cdo-shqiptar-do-te-marre-minimumi-200-euro-ne-muaj-pra-6-3-euro-ne-dite-me-kete-shume-ai-del-nga-mjerimi\/","title":{"rendered":"Berisha: \u00c7do shqiptar do t\u00eb marr\u00eb minimumi 200 euro n\u00eb muaj, pra 6.3 euro n\u00eb dit\u00eb! Me k\u00ebt\u00eb shum\u00eb, ai del nga mjerimi"},"content":{"rendered":"<p>Kryetari i Partis\u00eb Demokratike, Sali Berisha n\u00eb takimin me an\u00ebtar\u00ebt e deg\u00ebs 7 n\u00eb Tiran\u00eb dhe qytetar\u00ebt, ka ritheksuar edhe nj\u00ebher\u00eb paket\u00ebn e dhembshuris\u00eb dhe p\u00ebrcaktimin e minimumit jetik prej 200 eurosh p\u00ebr \u00e7do person q\u00eb \u00ebsht\u00eb n\u00eb varf\u00ebri ekstreme.<\/p>\n<p>Berisha tha se, ne kemi nj\u00eb nd\u00ebrhyrje urgjente dhe kjo nd\u00ebrhyrje urgjente \u00ebsht\u00eb vendosja e minimumit jetik 200 euro.<\/p>\n<p>\u201cS\u00eb pari ju fal\u00ebnderoj me mir\u00ebnjohjen m\u00eb t\u00eb thell\u00eb p\u00ebr k\u00ebt\u00eb pritje t\u00eb zjarrt\u00eb dhe entuziaste.<\/p>\n<p>P\u00ebrsh\u00ebndes secilin prej jush, p\u00ebrsh\u00ebndes qytetar\u00ebt e k\u00ebsaj lagje.<\/p>\n<p>P\u00ebrsh\u00ebndes kryetarin e PD, kandidat\u00ebt tan\u00eb p\u00ebr deputet\u00eb dhe t\u00eb gjith\u00eb t\u00eb pranishmit k\u00ebtu.<\/p>\n<p>T\u00eb dashur miq, sot ne jemi n\u00eb k\u00ebt\u00eb takim p\u00ebr t\u00eb diskutuar programin e PD me ju, me q\u00ebllim q\u00eb ju k\u00ebt\u00eb program ta diskutoni, ta paraqisni me \u00e7do qytetar t\u00eb k\u00ebsaj lagje, por edhe me \u00e7do t\u00eb njohur tuajin kudo q\u00eb ndodhet.<\/p>\n<p>N\u00eb rast se ndalemi n\u00eb k\u00ebt\u00eb fushat\u00eb, ju konstatoni se ata q\u00eb qeveris\u00ebn 12 vite, ata prej 2 muajsh m\u00eb s\u00eb shumti paraqit\u00ebn kopje t\u00eb deformuar t\u00eb programit ton\u00eb.<\/p>\n<p>Dhe t\u00eb tjerat pastaj nj\u00eb lloj p\u00ebr\u00e7mimi ndaj qytetar\u00ebve.<\/p>\n<p>Se n\u00eb rast se ti, kryeminist\u00ebr 12 vite, del para qytetar\u00ebve dhe u flet p\u00ebr zhaba, hardhuca, bretkosa, atyre q\u00eb nuk blejn\u00eb dot ila\u00e7et, atyre q\u00eb nuk e mbyllin dot muajin me ushqime, atyre q\u00eb t\u00eb s\u00ebmur\u00ebt n\u00eb spitale i kan\u00eb pa mjekim, atyre q\u00eb sado t\u00eb ndajn\u00eb n\u00eb sof\u00ebr nuk u mjafton dhe p\u00ebr f\u00ebmij\u00ebt e tyre dhe detyrohen t\u2019u thon\u00eb ndiq rrug\u00ebt e bot\u00ebs s\u00eb k\u00ebtu nuk na del.<\/p>\n<p>N\u00eb qoft\u00eb se ti kryeminist\u00ebr, kur n\u00eb janar paraqet buxhetin 8 miliard\u00eb, qindark\u00eb p\u00ebr qindark\u00eb djers\u00eb dhe taks\u00eb e juaja, dhe l\u00eb p\u00ebr 780 mij\u00eb pensionist\u00eb 16 milion\u00eb euro dhe u thua se po t\u00eb rrisim pensionet apo po t\u00eb vendosim minimumin jetik 200 euro, biem n\u00eb humner\u00eb. Refuzon votimin e ligjit me pashpirt\u00ebsi dhe kur e sheh q\u00eb njer\u00ebzit po t\u00eb shohin me p\u00ebr\u00e7mim, kur e sheh q\u00eb njer\u00ebzit po e kuptojn\u00eb se ty nuk ta ndjen p\u00ebr ta, at\u00ebher\u00eb del e mashtrim, kthehesh tek arma jote e vjet\u00ebr e thua do b\u00ebj pensionin 200 euro, por n\u00eb vitin 2030.<\/p>\n<p>Miqt\u00eb e mi, ne vijm\u00eb para jush me nj\u00eb program, i cili iu garantoj se ka eksperienc\u00ebn m\u00eb t\u00eb mir\u00eb t\u00eb t\u00eb shkuar\u00ebs son\u00eb, por ka edhe mendimin m\u00eb t\u00eb mir\u00eb t\u00eb institucioneve dhe specialist\u00ebve jo vet\u00ebm shqiptar\u00eb, por edhe t\u00eb huaj.<\/p>\n<p>Ky program do nis\u00eb me urgjenc\u00eb p\u00ebr t\u00eb ndihmuar ata q\u00eb jan\u00eb m\u00eb n\u00eb nevoj\u00eb.<\/p>\n<p>Dhe ata q\u00eb jan\u00eb m\u00eb n\u00eb nevoj\u00eb jan\u00eb ata t\u00eb cil\u00ebt jetojn\u00eb n\u00eb varf\u00ebri t\u00eb skajshme.<\/p>\n<p>Jan\u00eb ata t\u00eb cil\u00ebt nuk e mbyllin dot muajin me tre vakte.<\/p>\n<p>Jan\u00eb ata t\u00eb cil\u00ebt jan\u00eb identifikuar. Organizatat e f\u00ebmij\u00ebve d\u00ebshmojn\u00eb se 18 p\u00ebrqind e familjeve nuk u japin dot f\u00ebmij\u00ebve tre vakte. Po k\u00ebto organizata thon\u00eb se 41 p\u00ebrqind e familjeve nuk u japin dot f\u00ebmij\u00ebve ushqimin e duhur.<\/p>\n<p>Ju mund t\u00eb takoni t\u00eb moshuar q\u00eb nuk blejn\u00eb ila\u00e7et, q\u00eb kan\u00eb v\u00ebshtir\u00ebsi p\u00ebr ushqimin.<\/p>\n<p>At\u00ebher\u00eb ne kemi nj\u00eb nd\u00ebrhyrje urgjente dhe kjo nd\u00ebrhyrje urgjente \u00ebsht\u00eb vendosja e minimumit jetik 200 euro.<\/p>\n<p>\u00c7do shqiptar do marr\u00eb 200 euro, \u00e7ka do t\u00eb thot\u00eb se ai do ket\u00eb 6.3 euro n\u00eb dit\u00eb. Me 6.3 euro n\u00eb dit\u00eb del nga mjerimi, prap\u00eb varf\u00ebri ka, por mjerim jo.<\/p>\n<p>Ky \u00ebsht\u00eb standard nd\u00ebrkomb\u00ebtar, ky \u00ebsht\u00eb standard real\u201d, u shpreh Berisha.<\/p>\n","protected":false},"excerpt":{"rendered":"<p>Kryetari i Partis\u00eb Demokratike, Sali Berisha n\u00eb takimin me an\u00ebtar\u00ebt e deg\u00ebs 7 n\u00eb Tiran\u00eb dhe qytetar\u00ebt, ka ritheksuar edhe nj\u00ebher\u00eb paket\u00ebn e dhembshuris\u00eb dhe p\u00ebrcaktimin e minimumit jetik prej 200 eurosh p\u00ebr \u00e7do person q\u00eb \u00ebsht\u00eb n\u00eb varf\u00ebri ekstreme. Berisha tha se, ne kemi nj\u00eb nd\u00ebrhyrje urgjente dhe kjo nd\u00ebrhyrje urgjente \u00ebsht\u00eb vendosja e &hellip;<\/p>\n","protected":false},"author":4,"featured_media":109454,"comment_status":"closed","ping_status":"closed","sticky":false,"template":"","format":"standard","meta":{"footnotes":""},"categories":[37],"tags":[],"class_list":["post-109453","post","type-post","status-publish","format-standard","has-post-thumbnail","","category-politike"],"_links":{"self":[{"href":"https:\/\/rdnews.al\/index.php\/wp-json\/wp\/v2\/posts\/109453","targetHints":{"allow":["GET"]}}],"collection":[{"href":"https:\/\/rdnews.al\/index.php\/wp-json\/wp\/v2\/posts"}],"about":[{"href":"https:\/\/rdnews.al\/index.php\/wp-json\/wp\/v2\/types\/post"}],"author":[{"embeddable":true,"href":"https:\/\/rdnews.al\/index.php\/wp-json\/wp\/v2\/users\/4"}],"replies":[{"embeddable":true,"href":"https:\/\/rdnews.al\/index.php\/wp-json\/wp\/v2\/comments?post=109453"}],"version-history":[{"count":1,"href":"https:\/\/rdnews.al\/index.php\/wp-json\/wp\/v2\/posts\/109453\/revisions"}],"predecessor-version":[{"id":109455,"href":"https:\/\/rdnews.al\/index.php\/wp-json\/wp\/v2\/posts\/109453\/revisions\/109455"}],"wp:featuredmedia":[{"embeddable":true,"href":"https:\/\/rdnews.al\/index.php\/wp-json\/wp\/v2\/media\/109454"}],"wp:attachment":[{"href":"https:\/\/rdnews.al\/index.php\/wp-json\/wp\/v2\/media?parent=109453"}],"wp:term":[{"taxonomy":"category","embeddable":true,"href":"https:\/\/rdnews.al\/index.php\/wp-json\/wp\/v2\/categories?post=109453"},{"taxonomy":"post_tag","embeddable":true,"href":"https:\/\/rdnews.al\/index.php\/wp-json\/wp\/v2\/tags?post=109453"}],"curies":[{"name":"wp","href":"https:\/\/api.w.org\/{rel}","templated":true}]}}