{"id":109461,"date":"2025-04-04T18:11:12","date_gmt":"2025-04-04T18:11:12","guid":{"rendered":"https:\/\/rdnews.al\/?p=109461"},"modified":"2025-04-04T18:11:12","modified_gmt":"2025-04-04T18:11:12","slug":"berisha-te-gjitha-gjobat-do-amnistohen-ne-2-muajt-e-pare-te-qeverisjes-se-pd","status":"publish","type":"post","link":"https:\/\/rdnews.al\/index.php\/2025\/04\/04\/berisha-te-gjitha-gjobat-do-amnistohen-ne-2-muajt-e-pare-te-qeverisjes-se-pd\/","title":{"rendered":"Berisha: T\u00eb gjitha gjobat do amnistohen n\u00eb 2 muajt e par\u00eb t\u00eb qeverisjes s\u00eb PD!"},"content":{"rendered":"<p>Kryetari i Partis\u00eb Demokratike, Sali Berisha gjat\u00eb takimit me an\u00ebtar\u00ebt e PD-s\u00eb s\u00eb deg\u00ebs 7 n\u00eb Tiran\u00eb, dhe qytetar\u00ebt \u00ebsht\u00eb shprehur se t\u00eb gjitha gjobat do t\u00eb amnistohen n\u00eb 2 muaj e par\u00eb t\u00eb qeveris\u00ebs\u00eb PD-s\u00eb.<\/p>\n<p>Berisha denoncoi gjithashtu edhe faktin se, jan\u00eb m\u00eb shum\u00eb se 50 mij\u00eb rroga n\u00eb shtet, q\u00eb i marrin njer\u00ebz t\u00eb cil\u00ebt jetojn\u00eb jasht\u00eb Shqip\u00ebris\u00eb.<\/p>\n<p>\u201cT\u00eb dashur qytetar\u00eb, kjo qeveri, un\u00eb nuk di ndonj\u00eb t\u00eb dyt\u00eb, iu merr n\u00eb \u00e7do lit\u00ebr naft\u00eb 1.1 euro.<\/p>\n<p>Merr n\u00eb \u00e7do lit\u00ebr naft\u00eb taks\u00eb. Prandaj nafta k\u00ebtu shitet 40-50 p\u00ebrqind m\u00eb shtrenjt\u00eb se n\u00eb Kosov\u00eb dhe Maqedoni.<\/p>\n<p>Po shum\u00eb mund t\u00eb thon\u00eb, nuk kemi vetura. Jo, \u00e7mimi i naft\u00ebs pasqyrohet edhe tek \u00e7mimi i domateve, orizit, sheqerit, n\u00eb \u00e7mimin e \u00e7do gj\u00ebje q\u00eb transportohet.<\/p>\n<p>Ne do p\u00ebrgjysmojm\u00eb barr\u00ebn fiskale, do e barazojm\u00eb me t\u00eb vendeve p\u00ebrreth n\u00eb m\u00ebnyr\u00eb q\u00eb nafta t\u00eb mos mund t\u00eb shitet asnj\u00ebher\u00eb m\u00eb shtrenjt\u00eb se plus\/minus 10 p\u00ebrqind krahasuar me Kosov\u00ebn dhe Maqedonin\u00eb.<\/p>\n<p>Dhe s\u00eb fundmi, po n\u00eb k\u00ebt\u00eb paket\u00eb, t\u00eb gjitha gjobat e pensionist\u00ebve, e biznesit t\u00eb vog\u00ebl, t\u00eb gjitha gjobat me kamata t\u00eb energjis\u00eb elektrike do amnistohen dy muajt e par\u00eb t\u00eb qeverisjes s\u00eb PD.<\/p>\n<p>Un\u00eb e di se nes\u00ebr do u bien borive, ky po fal gjobat, po shkel ligjet. Jo, ka nj\u00eb moral k\u00ebtu shum\u00eb t\u00eb madh, ata gjobisin nj\u00eb fshatar pse ka meremetuar \u00e7atin\u00eb pa leje, kurse k\u00ebtij q\u00eb nd\u00ebrton pallat 13 kate pa leje, ia legalizojn\u00eb n\u00eb kund\u00ebrshtim me ligjin dhe gjith\u00e7ka. K\u00ebtij ia falin, kurse at\u00eb pas Dajtit jo vet\u00ebm e gjobisin, por e fusin n\u00eb burg.<\/p>\n<p>Marrin fund k\u00ebto. Do jemi t\u00eb barabart\u00eb para ligjit.<\/p>\n<p>Absolutisht \u00e7do gjob\u00eb p\u00ebr uj\u00eb, drita, IKMT, etj, \u00e7do kamat\u00eb&#8230;<\/p>\n<p>Un\u00eb po vij nga lagjia 2, m\u00eb doli nj\u00eb qytetar, mua tha, me kamata nga viti 2006 a 2008, tani m\u00eb ka arritur n\u00eb 20 milion\u00eb lek\u00eb gjoba. A mund ta imagjinoni?<\/p>\n<p>K\u00ebta jan\u00eb nj\u00eb mafie. Sepse k\u00ebta marrin dhe pun\u00ebsojn\u00eb&#8230; sepse n\u00eb qoft\u00eb se KESH duhet t\u00eb ket\u00eb ta z\u00ebm\u00eb 1200 punonj\u00ebs, aty fusin 230 punonj\u00ebs patronazhist\u00eb.<\/p>\n<p>A e dini ju q\u00eb ky shtet u jep 230 mij\u00eb rroga n\u00eb muaj dhe t\u00eb pakt\u00ebn 50 mij\u00eb rroga vidhen sepse rrog\u00ebtar\u00ebt jan\u00eb jasht\u00eb n\u00eb emigracion. Po, e provuar 100 p\u00ebrqind.<\/p>\n<p>I kam me shifra.<\/p>\n<p>Bashkit\u00eb me radh\u00eb, fut n\u00eb bordero, ndajn\u00eb parat\u00eb dhe t\u00eb tjer\u00ebt jan\u00eb&#8230; dhe po t\u00eb shihni ju borderot\u00eb e tyre, 10 mij\u00eb ka bashkia e Tiran\u00ebs. A mund ta imagjinoni ju?<\/p>\n<p>Pra, n\u00eb k\u00ebt\u00eb m\u00ebnyr\u00eb ne qet\u00ebsojm\u00eb situat\u00ebn.<\/p>\n<p>Por Shqip\u00ebria ka nevoj\u00eb p\u00ebr m\u00eb shum\u00eb. Kjo \u00ebsht\u00eb t\u00eb heqim dhimbjet.<\/p>\n<p>Por Shqip\u00ebria duhet t\u00eb begatoj\u00eb qytetar\u00ebt e saj, duhet t\u00eb m\u00ebk\u00ebmb\u00eb qytetar\u00ebt e saj, duhet t\u2019i pun\u00ebsoj\u00eb qytetar\u00ebt e saj.<\/p>\n<p>Ju keni sh\u00ebtitur sigurisht shum\u00eb prej jush.<\/p>\n<p>Un\u00eb personalisht nuk kam par\u00eb nj\u00eb vend q\u00eb t\u00eb ket\u00eb pasurit\u00eb Shqip\u00ebris\u00eb. Nuk kam par\u00eb nj\u00eb vend kund q\u00eb t\u00eb ket\u00eb pasurit\u00eb p\u00ebrrallore si t\u00eb Shqip\u00ebris\u00eb.<\/p>\n<p>Dhe, qytear\u00ebt e saj m\u00eb t\u00eb varfrit.<\/p>\n<p>Po pse jan\u00eb m\u00eb t\u00eb varfrit? Korrupsioni, sepse qeveritar\u00ebt vjedhin nga m\u00ebngjesi gjer n\u00eb dark\u00eb.<\/p>\n<p>Sepse qeveritar\u00ebt zhdukin qindra milion\u00eb. Ku \u00ebsht\u00eb djeg\u00ebsi i Tiran\u00ebs?<\/p>\n<p>Po pse nj\u00ebsia e mbik\u00ebqyrjes s\u00eb nd\u00ebrtimit t\u00eb djeg\u00ebsit q\u00eb varet nga Lubi Balluku nuk njoftonte q\u00eb djeg\u00ebsi nuk po nd\u00ebrtohej? Sepse dardhat i hante Edi Rama.<\/p>\n<p>Ndryshe nuk mund t\u00eb ndodhte kjo n\u00eb nj\u00eb vend q\u00eb n\u00eb 6 vite nuk vihet nj\u00eb tull\u00eb dhe paguhen parat\u00eb.<\/p>\n<p>\u00cbsht\u00eb nj\u00eb shembull ky.<\/p>\n<p>Po ai hap shishen e ver\u00ebs q\u00eb u garantoj se p\u00ebrve\u00e7 sheik\u00ebve nuk e hap njeri.<\/p>\n<p>Shkon e udh\u00ebton me avion. Po pse udh\u00ebton me avion kur i sheh qytetar\u00ebt e tu t\u00eb punojn\u00eb tok\u00ebn me parmend\u00eb, t\u00eb tjer\u00ebt hipin n\u00eb gomone dhe emigrojn\u00eb. Po l\u00ebre at\u00eb avion, udh\u00ebto me linjat e tregtis\u00eb. 21 milion\u00eb euro.<\/p>\n<p>5 milion\u00eb euro Kopshti i Edenit se zot\u00ebria e tij do t\u00eb eglendiset. Edhe aty i ka ndar\u00eb parat\u00eb dhe ka vjedhje t\u00eb padiskutueshme\u201d, u shpreh Berisha.<\/p>\n","protected":false},"excerpt":{"rendered":"<p>Kryetari i Partis\u00eb Demokratike, Sali Berisha gjat\u00eb takimit me an\u00ebtar\u00ebt e PD-s\u00eb s\u00eb deg\u00ebs 7 n\u00eb Tiran\u00eb, dhe qytetar\u00ebt \u00ebsht\u00eb shprehur se t\u00eb gjitha gjobat do t\u00eb amnistohen n\u00eb 2 muaj e par\u00eb t\u00eb qeveris\u00ebs\u00eb PD-s\u00eb. Berisha denoncoi gjithashtu edhe faktin se, jan\u00eb m\u00eb shum\u00eb se 50 mij\u00eb rroga n\u00eb shtet, q\u00eb i marrin njer\u00ebz &hellip;<\/p>\n","protected":false},"author":4,"featured_media":109462,"comment_status":"closed","ping_status":"closed","sticky":false,"template":"","format":"standard","meta":{"footnotes":""},"categories":[37],"tags":[],"class_list":["post-109461","post","type-post","status-publish","format-standard","has-post-thumbnail","","category-politike"],"_links":{"self":[{"href":"https:\/\/rdnews.al\/index.php\/wp-json\/wp\/v2\/posts\/109461","targetHints":{"allow":["GET"]}}],"collection":[{"href":"https:\/\/rdnews.al\/index.php\/wp-json\/wp\/v2\/posts"}],"about":[{"href":"https:\/\/rdnews.al\/index.php\/wp-json\/wp\/v2\/types\/post"}],"author":[{"embeddable":true,"href":"https:\/\/rdnews.al\/index.php\/wp-json\/wp\/v2\/users\/4"}],"replies":[{"embeddable":true,"href":"https:\/\/rdnews.al\/index.php\/wp-json\/wp\/v2\/comments?post=109461"}],"version-history":[{"count":1,"href":"https:\/\/rdnews.al\/index.php\/wp-json\/wp\/v2\/posts\/109461\/revisions"}],"predecessor-version":[{"id":109463,"href":"https:\/\/rdnews.al\/index.php\/wp-json\/wp\/v2\/posts\/109461\/revisions\/109463"}],"wp:featuredmedia":[{"embeddable":true,"href":"https:\/\/rdnews.al\/index.php\/wp-json\/wp\/v2\/media\/109462"}],"wp:attachment":[{"href":"https:\/\/rdnews.al\/index.php\/wp-json\/wp\/v2\/media?parent=109461"}],"wp:term":[{"taxonomy":"category","embeddable":true,"href":"https:\/\/rdnews.al\/index.php\/wp-json\/wp\/v2\/categories?post=109461"},{"taxonomy":"post_tag","embeddable":true,"href":"https:\/\/rdnews.al\/index.php\/wp-json\/wp\/v2\/tags?post=109461"}],"curies":[{"name":"wp","href":"https:\/\/api.w.org\/{rel}","templated":true}]}}