{"id":109465,"date":"2025-04-04T18:29:12","date_gmt":"2025-04-04T18:29:12","guid":{"rendered":"https:\/\/rdnews.al\/?p=109465"},"modified":"2025-04-04T18:29:12","modified_gmt":"2025-04-04T18:29:12","slug":"berisha-e-ftoj-edi-ramen-ne-debat-si-te-doje-dhe-ku-te-doje-por-ai-ka-frike-nga-vetja-e-tij","status":"publish","type":"post","link":"https:\/\/rdnews.al\/index.php\/2025\/04\/04\/berisha-e-ftoj-edi-ramen-ne-debat-si-te-doje-dhe-ku-te-doje-por-ai-ka-frike-nga-vetja-e-tij\/","title":{"rendered":"Berisha: E ftoj Edi Ram\u00ebn n\u00eb debat si t\u00eb doj\u00eb dhe ku t\u00eb doj\u00eb, por ai ka frik\u00eb nga vetja e tij!"},"content":{"rendered":"<p>Kryetari i Partis\u00eb Demokratike, Sali Berisha, ka sfiduar Edi Ram\u00ebn duke e ftuar n\u00eb debat publik. Gjat\u00eb takimit me qytetar\u00eb dhe demokrat\u00ebt e deg\u00ebs 7 n\u00eb kryeqytet, Berisha u shpreh se e fton n\u00eb debat Ram\u00ebn, si t\u00eb doj\u00eb dhe ku t\u00eb doj\u00eb ai.\u00a0Por sipas kryedemokratit, Rama ka frik\u00eb nga vetja e tij.<\/p>\n<p>\u201cTani, ne kemi nj\u00eb objektiv, suksesin e qytetar\u00ebve.<\/p>\n<p>Ndaj dhe ne do b\u00ebjm\u00eb gjith\u00e7ka q\u00eb ata t\u00eb m\u00ebk\u00ebmb\u00ebn n\u00eb biznesin e tyre me pun\u00ebn e tyre, me djers\u00ebn e tyre. Ulim taks\u00ebn.<\/p>\n<p>Nga r\u00ebnia e taks\u00ebs nga 23 n\u00eb 10 p\u00ebrqind, fiton \u00e7do biznes, \u00e7do biznesmen, fiton \u00e7do punonj\u00ebs.<\/p>\n<p>Me nj\u00eb t\u00eb r\u00ebn\u00eb t\u00eb lapsit, punonj\u00ebsve u rriten rrogat 13 p\u00ebrqind. Bizneseve u mbeten 13 p\u00ebrqind e fitimit p\u00ebr ta investuar, p\u00ebr t\u00eb pun\u00ebsuar, p\u00ebr t\u00eb zgjeruar biznesin.<\/p>\n<p>Po ju do thoni po arka? Ne e b\u00ebm\u00eb nj\u00ebher\u00eb k\u00ebt\u00eb dhe n\u00eb ark\u00eb jo vet\u00ebm q\u00eb nuk munguan, por u shtuan. 6 muajt e par\u00eb mor\u00ebm 300 milion\u00eb m\u00eb shum\u00eb, n\u00eb krye t\u00eb mandatit dyfishuam t\u00eb ardhurat.<\/p>\n<p>Pra, kjo nuk pak\u00ebson, p\u00ebrkundrazi kjo shton t\u00eb ardhurat, shton biznesin, t\u00ebrheq investimet.<\/p>\n<p>Ky vit \u00ebsht\u00eb viti i diaspor\u00ebs dhe ju e keni par\u00eb me \u00e7far\u00eb malli, me \u00e7far\u00eb dashurie, me \u00e7far\u00eb vendosm\u00ebrie u regjistruan ata dhe do vijn\u00eb p\u00ebr t\u00eb votuar p\u00ebr t\u00eb ndryshuar Shqip\u00ebrin\u00eb.<\/p>\n<p>Por edhe Shqip\u00ebria do ndryshoj\u00eb ndaj tyre.<\/p>\n<p>\u00c7do familjar i juaji q\u00eb d\u00ebshiron t\u00eb kthehet n\u00eb vendin e vet, do ket\u00eb 5 vite asnj\u00eb taks\u00eb.<\/p>\n<p>T\u00eb vij\u00eb, t\u00eb investoj\u00eb ato fitime q\u00eb ka krijuar, t\u00eb pun\u00ebsoj\u00eb edhe dik\u00eb tjet\u00ebr, t\u00eb vazhdojm\u00eb.<\/p>\n<p>K\u00ebtu ka probleme t\u00eb akumuluara.<\/p>\n<p>Legalizimi. Kam firmosur nj\u00eb pakt, nj\u00eb kontrat\u00eb me banor\u00ebt p\u00ebr legalizimin. Dy jan\u00eb pikat themelore t\u00eb k\u00ebtij pakti.<\/p>\n<p>Nuk do ket\u00eb kurr\u00eb urbanizim para legalizimit. Nuk kemi b\u00ebr\u00eb ne.<\/p>\n<p>Shteti duhet t\u00eb jet\u00eb i drejt\u00eb. Dhe kur shteti \u00ebsht\u00eb i drejt\u00eb, edhe qytetari e ndjek m\u00eb shum\u00eb t\u00eb drejt\u00ebn.<\/p>\n<p>At\u00ebher\u00eb ne nuk b\u00ebjm\u00eb urbanizim para legalizimit. Ne do legalizojm\u00eb dhe garantoj t\u00eb gjith\u00eb, se ato leje q\u00eb k\u00ebta u kan\u00eb dh\u00ebn\u00eb, t\u00eb gjitha do t\u00eb quhen tapi dhe do i g\u00ebzoni p\u00ebrfundimisht.<\/p>\n<p>Miq, e keni v\u00ebn\u00eb re ju, q\u00eb ai&#8230; m\u00eb mir\u00eb t\u00eb mos ia themi emrin, flet me vete \u00e7do m\u00ebngjes dhe shpik emra. Por prisni dhe ju lutem \u00ebsht\u00eb shum\u00eb e r\u00ebnd\u00ebsishme t\u00eb kuptohet.<\/p>\n<p>Pse e b\u00ebn k\u00ebt\u00eb ai? Ai e b\u00ebn k\u00ebt\u00eb sepse ka mashtruar, sepse ka krijuar k\u00ebt\u00eb gjendje dhe tani do ta b\u00ebj\u00eb fushat\u00ebn elektorale nj\u00eb shaka banale, nj\u00eb parodi, nj\u00eb di\u00e7ka t\u00eb pavler\u00eb, n\u00eb m\u00ebnyr\u00eb q\u00eb programin serioz q\u00eb paraqesim ne para qytetar\u00ebve, ta krahasoj\u00eb me banalitetet e tij.<\/p>\n<p>Tani un\u00eb nuk kam d\u00ebshir\u00eb kurr\u00eb ta takoj at\u00eb njeri, por ua them k\u00ebtu, e ftoj t\u00eb dalim n\u00eb debat para qytetar\u00ebve.<\/p>\n<p>L\u00ebri monologjet \u00e7do m\u00ebngjes me zhaba, hardhuc\u00eb dhe zhapinj dhe urdh\u00ebron zot\u00ebri t\u00eb dalim si t\u00eb kesh d\u00ebshir\u00eb, me gazetar\u00eb, pa gazetar\u00eb, me qytetar\u00eb, pa qytetar\u00eb, urdh\u00ebro t\u00eb dalim t\u00eb paraqesim programin ton\u00eb p\u00ebr qytetarin shqiptar dhe Shqip\u00ebrin\u00eb.<\/p>\n<p>Nuk vjen dot sepse tani \u00e7\u2019kuptova un\u00eb, ai ka frik\u00eb nga vetja e tij.<\/p>\n<p>Po, absolutisht.<\/p>\n<p>Kuptova se ai nga m\u00ebngjesi gjer n\u00eb dark\u00eb beson g\u00ebnjeshtrat e tij. Nxjerr nj\u00eb pasaport\u00eb, e prodhuar fal\u00eb asaj reforme q\u00eb b\u00ebm\u00eb dhe thot\u00eb ja pasaporta evropiane.<\/p>\n<p>Por harron se ADN-ja e integrimit \u00ebsht\u00eb ADN-ja e PD-s\u00eb. Kjo \u00ebsht\u00eb e v\u00ebrteta\u201d, u shpreh Berisha.<\/p>\n","protected":false},"excerpt":{"rendered":"<p>Kryetari i Partis\u00eb Demokratike, Sali Berisha, ka sfiduar Edi Ram\u00ebn duke e ftuar n\u00eb debat publik. Gjat\u00eb takimit me qytetar\u00eb dhe demokrat\u00ebt e deg\u00ebs 7 n\u00eb kryeqytet, Berisha u shpreh se e fton n\u00eb debat Ram\u00ebn, si t\u00eb doj\u00eb dhe ku t\u00eb doj\u00eb ai.\u00a0Por sipas kryedemokratit, Rama ka frik\u00eb nga vetja e tij. \u201cTani, ne &hellip;<\/p>\n","protected":false},"author":4,"featured_media":109466,"comment_status":"closed","ping_status":"closed","sticky":false,"template":"","format":"standard","meta":{"footnotes":""},"categories":[37],"tags":[],"class_list":["post-109465","post","type-post","status-publish","format-standard","has-post-thumbnail","","category-politike"],"_links":{"self":[{"href":"https:\/\/rdnews.al\/index.php\/wp-json\/wp\/v2\/posts\/109465","targetHints":{"allow":["GET"]}}],"collection":[{"href":"https:\/\/rdnews.al\/index.php\/wp-json\/wp\/v2\/posts"}],"about":[{"href":"https:\/\/rdnews.al\/index.php\/wp-json\/wp\/v2\/types\/post"}],"author":[{"embeddable":true,"href":"https:\/\/rdnews.al\/index.php\/wp-json\/wp\/v2\/users\/4"}],"replies":[{"embeddable":true,"href":"https:\/\/rdnews.al\/index.php\/wp-json\/wp\/v2\/comments?post=109465"}],"version-history":[{"count":1,"href":"https:\/\/rdnews.al\/index.php\/wp-json\/wp\/v2\/posts\/109465\/revisions"}],"predecessor-version":[{"id":109467,"href":"https:\/\/rdnews.al\/index.php\/wp-json\/wp\/v2\/posts\/109465\/revisions\/109467"}],"wp:featuredmedia":[{"embeddable":true,"href":"https:\/\/rdnews.al\/index.php\/wp-json\/wp\/v2\/media\/109466"}],"wp:attachment":[{"href":"https:\/\/rdnews.al\/index.php\/wp-json\/wp\/v2\/media?parent=109465"}],"wp:term":[{"taxonomy":"category","embeddable":true,"href":"https:\/\/rdnews.al\/index.php\/wp-json\/wp\/v2\/categories?post=109465"},{"taxonomy":"post_tag","embeddable":true,"href":"https:\/\/rdnews.al\/index.php\/wp-json\/wp\/v2\/tags?post=109465"}],"curies":[{"name":"wp","href":"https:\/\/api.w.org\/{rel}","templated":true}]}}