{"id":109473,"date":"2025-04-04T20:13:42","date_gmt":"2025-04-04T20:13:42","guid":{"rendered":"https:\/\/rdnews.al\/?p=109473"},"modified":"2025-04-04T20:14:03","modified_gmt":"2025-04-04T20:14:03","slug":"cudia-jeton-ne-suedi-fatura-14-milione-leke-per-2-muaj-drita-ne-sarande","status":"publish","type":"post","link":"https:\/\/rdnews.al\/index.php\/2025\/04\/04\/cudia-jeton-ne-suedi-fatura-14-milione-leke-per-2-muaj-drita-ne-sarande\/","title":{"rendered":"Skandal! Jeton n\u00eb Suedi, fatura 14 milion\u00eb Lek\u00eb p\u00ebr 2 muaj drita n\u00eb Sarand\u00eb"},"content":{"rendered":"<p>Florim Fetiu nj\u00eb qytetar i lindur e rritur n\u00eb Suedi, tregon se ka bler\u00eb nj\u00eb sht\u00ebpi pushimi n\u00eb Sarand\u00eb n\u00eb vitin 2014, por nuk jetoi asnj\u00ebher\u00eb aty, pasi kishte disa apartamente n\u00eb at\u00eb pallat.<\/p>\n<p>Florimi vendosi ta shes\u00eb apartamentin n\u00eb vitin 2024 dhe shkoi t\u00eb b\u00ebnte pagesat e ujit dhe t\u00eb energjis\u00eb elektrike. Uji ishte n\u00eb rregull, nd\u00ebrsa energjia elektrike i rezultoi se kishte dy fatura t\u00eb muajit Janar dhe Mars 2020 me nga 7 milion lek\u00eb t\u00eb vjetra.<\/p>\n<p>B\u00ebri ankes\u00eb, por nuk mori asnj\u00eb p\u00ebrgjigje edhe pse pretendon, se nuk e ka konsumuar energjin\u00eb e faturuar.<\/p>\n<p><em>\u201cB\u00ebra pagesat e ujit, t\u00eb gjitha n\u00eb rregull, por kur erdhi puna tek elektrikja ma b\u00ebn\u00eb14 milion\u00eb lek\u00eb p\u00ebr 2 muaj. Kemi b\u00ebr\u00eb ankesa, por nuk m\u00eb kan\u00eb ndihmuar p\u00ebr asgj\u00eb k\u00ebto ankesat. Nuk kemi marr\u00eb asnj\u00eb p\u00ebrgjigje prej OSHEE-s\u00eb, as na kan\u00eb lajm\u00ebruar. Kjo gj\u00eb u ka ndodhur dhe 2 personave t\u00eb tjer\u00eb n\u00eb k\u00ebt\u00eb pallat edhe ata kan\u00eb marr\u00eb diku tek 15 mij\u00eb euro, q\u00eb n\u00eb at\u00eb koh\u00eb. Edhe ata i kan\u00eb pasur bosh apartamentet. Nuk di! Edhe t\u00eb duash t\u00eb harxhosh 15 mij\u00eb euro p\u00ebr 2 muaj nuk b\u00ebn, nuk ka logjik\u00eb gj\u00ebkundi. Nuk mundesh n\u00eb at\u00eb apartament aq t\u00eb vog\u00ebl dhe me ato kabllo t\u00eb energjis\u00eb q\u00eb t\u00eb harxhosh gjith\u00eb k\u00ebt\u00eb rrym\u00eb. Nuk ka shanse. Kontrata e energjis\u00eb elektrike nuk \u00ebsht\u00eb n\u00eb emrin tim, por n\u00eb em\u00ebr t\u00eb firm\u00ebs s\u00eb nd\u00ebrtimit\u201d,\u00a0<\/em>tregon p\u00ebr mikrofonin e emisionit \u201cStop\u201d denoncuesi.<\/p>\n<p>\u201cStop\u201d u drejtua n\u00eb nj\u00ebsin\u00eb e OSHEE Sarand\u00eb, ku u tha se nuk kan\u00eb kompetenc\u00eb, p\u00ebr t\u00eb folur p\u00ebr k\u00ebt\u00eb problematik\u00eb.<\/p>\n<p><strong>Gazetarja:<\/strong>\u00a0<em>Florim Fetiu!<\/em><\/p>\n<p><strong>Punonj\u00ebsja:<\/strong>\u00a0<em>\u00cbsht\u00eb b\u00ebr\u00eb. Erdhi nj\u00eb zonj\u00eb k\u00ebtu. P\u00ebrgjigjen te Kujdesi ndaj klientit!<\/em><\/p>\n<p><strong>Gazetarja:<\/strong>\u00a0<em>P\u00ebrgjigja \u00ebsht\u00eb kjo, q\u00eb \u00ebsht\u00eb jasht\u00eb afateve.<\/em><\/p>\n<p><strong>Shefi i ekipit:<\/strong>\u00a0<em>N\u00eb n\u00ebntor t\u00eb 2024-\u00ebs kam ardhur un\u00eb, shef ekipi, n\u00eb n\u00ebntor. N\u00ebse proces-verbali \u00ebsht\u00eb para n\u00ebntorit, nuk duhet t\u00eb jap un\u00eb p\u00ebr k\u00ebt\u00eb xhevap. M\u00eb kupton?<\/em><\/p>\n<p><strong>Gazetarja:<\/strong>\u00a0<em>Ke qen\u00eb faturist m\u00eb par\u00eb?<\/em><\/p>\n<p><strong>Shefi i ekipit:<\/strong>\u00a0<em>Po, faturist po!<\/em><\/p>\n<p><strong>Gazetarja:<\/strong>\u00a0<em>N\u00eb 2020-\u00ebn ke qen\u00eb faturist?<\/em><\/p>\n<p><strong>Shefi i ekipit:<\/strong>\u00a0<em>N\u00eb 2021-shin!<\/em><\/p>\n<p><strong>Gazetarja:<\/strong>\u00a0<em>Dakord! Tani, kush m\u00eb p\u00ebrgjigjet mua p\u00ebr k\u00ebt\u00eb?<\/em><\/p>\n<p><strong>Punonj\u00ebsja:<\/strong>\u00a0<em>Do t\u2019ju komunikojm\u00eb t\u00eb kthejm\u00eb p\u00ebrgjigje, sepse t\u00eb gjith\u00eb kemi qen\u00eb\u2026Ky s\u2019ka qen\u00eb shef ekipi n\u00eb at\u00eb koh\u00eb, ka qen\u00eb lexues, tjetri ka qen\u00eb shef ekipi, k\u00ebshtu q\u00eb\u2026<\/em><\/p>\n<p>Nga Furnizuesi i Sh\u00ebrbimit Universal \u00ebsht\u00eb kthyer nj\u00eb p\u00ebrgjigje, ku thuhet se ankesa \u00ebsht\u00eb b\u00ebr\u00eb jasht\u00eb afatit 1-vje\u00e7ar, q\u00eb lejohet.<\/p>\n<p><strong>Punonj\u00ebsja FSHU:<\/strong>\u00a0<em>Mund t\u00eb ankohesh brenda nj\u00eb viti kalendarik, q\u00eb nga prodhimi i fatur\u00ebs. P\u00ebr t\u00eb gjith\u00eb k\u00ebt\u00eb proces \u00ebsht\u00eb b\u00ebr\u00eb verifikimi nga OSHEE-ja edhe kan\u00eb kthyer k\u00ebt\u00eb p\u00ebrgjigje, drejtuesi m\u00eb i lart\u00eb i kompanis\u00eb. Edhe ne aktualisht e kemi t\u00eb ndaluar t\u00eb marrim k\u00ebrkesa p\u00ebr fatura m\u00eb t\u00eb hershme, se sa nj\u00eb vit kalendarik.<\/em><\/p>\n<p>Nga ana tjet\u00ebr, apartamenti ka pasur sh\u00ebrbim gjith\u00eb koh\u00ebs dhe nuk u nd\u00ebrpre asnj\u00ebher\u00eb dhe pse faturat pretendohet se nuk ishin paguar.<em>\/tvklan<\/em><\/p>\n","protected":false},"excerpt":{"rendered":"<p>Florim Fetiu nj\u00eb qytetar i lindur e rritur n\u00eb Suedi, tregon se ka bler\u00eb nj\u00eb sht\u00ebpi pushimi n\u00eb Sarand\u00eb n\u00eb vitin 2014, por nuk jetoi asnj\u00ebher\u00eb aty, pasi kishte disa apartamente n\u00eb at\u00eb pallat. Florimi vendosi ta shes\u00eb apartamentin n\u00eb vitin 2024 dhe shkoi t\u00eb b\u00ebnte pagesat e ujit dhe t\u00eb energjis\u00eb elektrike. Uji ishte &hellip;<\/p>\n","protected":false},"author":4,"featured_media":109474,"comment_status":"closed","ping_status":"closed","sticky":false,"template":"","format":"standard","meta":{"footnotes":""},"categories":[37],"tags":[],"class_list":["post-109473","post","type-post","status-publish","format-standard","has-post-thumbnail","","category-politike"],"_links":{"self":[{"href":"https:\/\/rdnews.al\/index.php\/wp-json\/wp\/v2\/posts\/109473","targetHints":{"allow":["GET"]}}],"collection":[{"href":"https:\/\/rdnews.al\/index.php\/wp-json\/wp\/v2\/posts"}],"about":[{"href":"https:\/\/rdnews.al\/index.php\/wp-json\/wp\/v2\/types\/post"}],"author":[{"embeddable":true,"href":"https:\/\/rdnews.al\/index.php\/wp-json\/wp\/v2\/users\/4"}],"replies":[{"embeddable":true,"href":"https:\/\/rdnews.al\/index.php\/wp-json\/wp\/v2\/comments?post=109473"}],"version-history":[{"count":2,"href":"https:\/\/rdnews.al\/index.php\/wp-json\/wp\/v2\/posts\/109473\/revisions"}],"predecessor-version":[{"id":109476,"href":"https:\/\/rdnews.al\/index.php\/wp-json\/wp\/v2\/posts\/109473\/revisions\/109476"}],"wp:featuredmedia":[{"embeddable":true,"href":"https:\/\/rdnews.al\/index.php\/wp-json\/wp\/v2\/media\/109474"}],"wp:attachment":[{"href":"https:\/\/rdnews.al\/index.php\/wp-json\/wp\/v2\/media?parent=109473"}],"wp:term":[{"taxonomy":"category","embeddable":true,"href":"https:\/\/rdnews.al\/index.php\/wp-json\/wp\/v2\/categories?post=109473"},{"taxonomy":"post_tag","embeddable":true,"href":"https:\/\/rdnews.al\/index.php\/wp-json\/wp\/v2\/tags?post=109473"}],"curies":[{"name":"wp","href":"https:\/\/api.w.org\/{rel}","templated":true}]}}