{"id":109477,"date":"2025-04-04T20:21:06","date_gmt":"2025-04-04T20:21:06","guid":{"rendered":"https:\/\/rdnews.al\/?p=109477"},"modified":"2025-04-04T20:21:06","modified_gmt":"2025-04-04T20:21:06","slug":"policia-dhunon-dhe-shoqeron-kryetarin-e-ballit-kombetar","status":"publish","type":"post","link":"https:\/\/rdnews.al\/index.php\/2025\/04\/04\/policia-dhunon-dhe-shoqeron-kryetarin-e-ballit-kombetar\/","title":{"rendered":"Policia dhunon dhe shoq\u00ebron kryetarin e Ballit Komb\u00ebtar"},"content":{"rendered":"<p>Narkopolicia ka filluar ushtrimin e dhun\u00ebs dhe terrorit ndaj drejtuesve t\u00eb partive opozitare, n\u00eb prag t\u00eb zgjedhjeve t\u00eb p\u00ebrgjithshme t\u00eb 11 majit.<\/p>\n<p>Nga nj\u00eb video e mb\u00ebrritur n\u00eb redaksin\u00eb e\u00a0<strong>SYRI-t<\/strong>, dallohet se si Adriatik Alimadhi, Kryetar i Ballit Komb\u00ebtar \u00ebsht\u00eb dhunuar n\u00eb ambientet e nj\u00eb lokali n\u00eb Tiran\u00eb n\u00eb or\u00ebn 21:00 mbr\u00ebmjen e sotme.<\/p>\n<p>Pamjet tregojn\u00eb dhun\u00ebn e ushtruar ndaj tij nga m\u00eb shum\u00eb se dy efektiv\u00eb t\u00eb narkopolicis\u00eb, t\u00eb cil\u00ebt duksh\u00ebm e t\u00ebrheqin nga ambientet e brendshme t\u00eb lokalit, drejt makin\u00ebs s\u00eb policis\u00eb.<\/p>\n<p>Ende nuk kemi reagim nga ana e Policis\u00eb s\u00eb Shtetit, se p\u00ebrse \u00ebsht\u00eb dhunuar kryetari i Ballit Komb\u00ebtar, Adriatik Alimadhi dhe cila \u00ebsht\u00eb arsyeja e shoq\u00ebrimit t\u00eb tij n\u00eb komisariat.<\/p>\n","protected":false},"excerpt":{"rendered":"<p>Narkopolicia ka filluar ushtrimin e dhun\u00ebs dhe terrorit ndaj drejtuesve t\u00eb partive opozitare, n\u00eb prag t\u00eb zgjedhjeve t\u00eb p\u00ebrgjithshme t\u00eb 11 majit. Nga nj\u00eb video e mb\u00ebrritur n\u00eb redaksin\u00eb e\u00a0SYRI-t, dallohet se si Adriatik Alimadhi, Kryetar i Ballit Komb\u00ebtar \u00ebsht\u00eb dhunuar n\u00eb ambientet e nj\u00eb lokali n\u00eb Tiran\u00eb n\u00eb or\u00ebn 21:00 mbr\u00ebmjen e sotme. Pamjet &hellip;<\/p>\n","protected":false},"author":4,"featured_media":94267,"comment_status":"closed","ping_status":"closed","sticky":false,"template":"","format":"standard","meta":{"footnotes":""},"categories":[37],"tags":[],"class_list":["post-109477","post","type-post","status-publish","format-standard","has-post-thumbnail","","category-politike"],"_links":{"self":[{"href":"https:\/\/rdnews.al\/index.php\/wp-json\/wp\/v2\/posts\/109477","targetHints":{"allow":["GET"]}}],"collection":[{"href":"https:\/\/rdnews.al\/index.php\/wp-json\/wp\/v2\/posts"}],"about":[{"href":"https:\/\/rdnews.al\/index.php\/wp-json\/wp\/v2\/types\/post"}],"author":[{"embeddable":true,"href":"https:\/\/rdnews.al\/index.php\/wp-json\/wp\/v2\/users\/4"}],"replies":[{"embeddable":true,"href":"https:\/\/rdnews.al\/index.php\/wp-json\/wp\/v2\/comments?post=109477"}],"version-history":[{"count":1,"href":"https:\/\/rdnews.al\/index.php\/wp-json\/wp\/v2\/posts\/109477\/revisions"}],"predecessor-version":[{"id":109478,"href":"https:\/\/rdnews.al\/index.php\/wp-json\/wp\/v2\/posts\/109477\/revisions\/109478"}],"wp:featuredmedia":[{"embeddable":true,"href":"https:\/\/rdnews.al\/index.php\/wp-json\/wp\/v2\/media\/94267"}],"wp:attachment":[{"href":"https:\/\/rdnews.al\/index.php\/wp-json\/wp\/v2\/media?parent=109477"}],"wp:term":[{"taxonomy":"category","embeddable":true,"href":"https:\/\/rdnews.al\/index.php\/wp-json\/wp\/v2\/categories?post=109477"},{"taxonomy":"post_tag","embeddable":true,"href":"https:\/\/rdnews.al\/index.php\/wp-json\/wp\/v2\/tags?post=109477"}],"curies":[{"name":"wp","href":"https:\/\/api.w.org\/{rel}","templated":true}]}}