{"id":10952,"date":"2022-05-01T18:20:49","date_gmt":"2022-05-01T18:20:49","guid":{"rendered":"https:\/\/rdnews.al\/?p=10952"},"modified":"2022-05-01T18:21:59","modified_gmt":"2022-05-01T18:21:59","slug":"kuvendi-kombetar-i-pd-shenjon-nje-fillim-te-ri","status":"publish","type":"post","link":"https:\/\/rdnews.al\/index.php\/2022\/05\/01\/kuvendi-kombetar-i-pd-shenjon-nje-fillim-te-ri\/","title":{"rendered":"Kuvendi Komb\u00ebtar i PD shenjon nj\u00eb fillim t\u00eb ri"},"content":{"rendered":"<p><strong>Nga Rezenbrik SERJANI<\/strong><\/p>\n<p>Kuvendi Komb\u00ebtar i Partis\u00eb Demokratike i 30 Prillit shenjon nj\u00eb fillim t\u00eb mbar\u00eb t\u00eb nj\u00eb dekade t\u00eb ndritur p\u00ebr Partin\u00eb Demokratike dhe Shqiperin\u00eb.<\/p>\n<p>Kuvendi i 30 Prillit rrezatonte opozit\u00ebn e v\u00ebrtet\u00eb. Ishte nj\u00eb kuvendim shpirtrash demokrat, duke i dh\u00ebn\u00eb atij Kuvendi drit\u00ebn e vazhdim\u00ebsis\u00eb s\u00eb forcimit dhe ringritjes s\u00eb vlerave q\u00eb nd\u00ebrtojn\u00eb ADN-n\u00eb e Partis\u00eb Demokratike.<\/p>\n<p>Ai Kuvend \u00e7eli fillimin e nj\u00eb epoke t\u00eb re p\u00ebr Partin\u00eb Demokratike, parti e lindur, rritur, forcuar e provuar nga v\u00ebshtir\u00ebsit\u00eb.<\/p>\n<p>30 Prilli hyn\u00eb n\u00eb dit\u00ebt m\u00eb t\u00eb m\u00ebdha t\u00eb Partis\u00eb Demokratike, nj\u00eb dit\u00eb e art\u00eb kalendarike, e cila do t\u00eb mbahet mend n\u00eb vazhdim\u00ebsin\u00eb ton\u00eb politike, dita e dekad\u00ebs s\u00eb re, e dekad\u00ebs s\u00eb fitores mbi t\u00eb keqen, e prevalimit t\u00eb vlerave.<\/p>\n<p>Kuvendi i opozit\u00ebs s\u00eb v\u00ebrtet\u00eb, opozit\u00ebs s\u00eb njer\u00ebzve t\u00eb lir\u00eb, forca q\u00eb i duhet Shqip\u00ebris\u00eb si alternativa m\u00eb e ndritur e s\u00eb nes\u00ebrmes.<\/p>\n<p>Ai Kuvend u shnd\u00ebrrua n\u00eb burimin e energjis\u00eb s\u00eb shpres\u00ebs e besimit.<\/p>\n<p>Ai Kuvend mbarte djers\u00eb, sakrific\u00ebn e mundin e \u00e7do demokrati, si bekimi m\u00eb i madh q\u00eb mund ti jepej nj\u00eb eventi t\u00eb till\u00eb t\u00eb madh demokracie.<\/p>\n<p>Kuvendi shnd\u00ebrrohet n\u00eb leksionin e demokracis\u00eb shqiptare.<\/p>\n<p>Demokrat\u00ebt e q\u00ebndres\u00ebs s\u00eb madhe mbeten themeli i Partis\u00eb Demokratike.<\/p>\n<p>Zoti i bekoft\u00eb Demokrat\u00ebt!<\/p>\n<p>E mbara na prift\u00eb n\u00eb rrug\u00ebtimin ton\u00eb demokratik!<\/p>\n<p><img loading=\"lazy\" decoding=\"async\" class=\"alignnone wp-image-10955\" src=\"https:\/\/rdnews.al\/wp-content\/uploads\/2022\/05\/berisha-300x200.jpg\" alt=\"\" width=\"368\" height=\"245\" srcset=\"https:\/\/rdnews.al\/wp-content\/uploads\/2022\/05\/berisha-300x200.jpg 300w, https:\/\/rdnews.al\/wp-content\/uploads\/2022\/05\/berisha-310x205.jpg 310w, https:\/\/rdnews.al\/wp-content\/uploads\/2022\/05\/berisha.jpg 721w\" sizes=\"auto, (max-width: 368px) 100vw, 368px\" \/><\/p>\n<p><img loading=\"lazy\" decoding=\"async\" class=\"alignnone wp-image-10936\" src=\"https:\/\/rdnews.al\/wp-content\/uploads\/2022\/04\/kuvendi-1-300x200.jpg\" alt=\"\" width=\"368\" height=\"245\" srcset=\"https:\/\/rdnews.al\/wp-content\/uploads\/2022\/04\/kuvendi-1-300x200.jpg 300w, https:\/\/rdnews.al\/wp-content\/uploads\/2022\/04\/kuvendi-1-1024x683.jpg 1024w, https:\/\/rdnews.al\/wp-content\/uploads\/2022\/04\/kuvendi-1-768x512.jpg 768w, https:\/\/rdnews.al\/wp-content\/uploads\/2022\/04\/kuvendi-1-310x205.jpg 310w, https:\/\/rdnews.al\/wp-content\/uploads\/2022\/04\/kuvendi-1.jpg 1066w\" sizes=\"auto, (max-width: 368px) 100vw, 368px\" \/><\/p>\n<p>&nbsp;<\/p>\n","protected":false},"excerpt":{"rendered":"<p>Nga Rezenbrik SERJANI Kuvendi Komb\u00ebtar i Partis\u00eb Demokratike i 30 Prillit shenjon nj\u00eb fillim t\u00eb mbar\u00eb t\u00eb nj\u00eb dekade t\u00eb ndritur p\u00ebr Partin\u00eb Demokratike dhe Shqiperin\u00eb. Kuvendi i 30 Prillit rrezatonte opozit\u00ebn e v\u00ebrtet\u00eb. Ishte nj\u00eb kuvendim shpirtrash demokrat, duke i dh\u00ebn\u00eb atij Kuvendi drit\u00ebn e vazhdim\u00ebsis\u00eb s\u00eb forcimit dhe ringritjes s\u00eb vlerave q\u00eb nd\u00ebrtojn\u00eb &hellip;<\/p>\n","protected":false},"author":4,"featured_media":0,"comment_status":"open","ping_status":"open","sticky":false,"template":"","format":"standard","meta":{"footnotes":""},"categories":[44],"tags":[],"class_list":["post-10952","post","type-post","status-publish","format-standard","","category-editorial"],"_links":{"self":[{"href":"https:\/\/rdnews.al\/index.php\/wp-json\/wp\/v2\/posts\/10952","targetHints":{"allow":["GET"]}}],"collection":[{"href":"https:\/\/rdnews.al\/index.php\/wp-json\/wp\/v2\/posts"}],"about":[{"href":"https:\/\/rdnews.al\/index.php\/wp-json\/wp\/v2\/types\/post"}],"author":[{"embeddable":true,"href":"https:\/\/rdnews.al\/index.php\/wp-json\/wp\/v2\/users\/4"}],"replies":[{"embeddable":true,"href":"https:\/\/rdnews.al\/index.php\/wp-json\/wp\/v2\/comments?post=10952"}],"version-history":[{"count":0,"href":"https:\/\/rdnews.al\/index.php\/wp-json\/wp\/v2\/posts\/10952\/revisions"}],"wp:attachment":[{"href":"https:\/\/rdnews.al\/index.php\/wp-json\/wp\/v2\/media?parent=10952"}],"wp:term":[{"taxonomy":"category","embeddable":true,"href":"https:\/\/rdnews.al\/index.php\/wp-json\/wp\/v2\/categories?post=10952"},{"taxonomy":"post_tag","embeddable":true,"href":"https:\/\/rdnews.al\/index.php\/wp-json\/wp\/v2\/tags?post=10952"}],"curies":[{"name":"wp","href":"https:\/\/api.w.org\/{rel}","templated":true}]}}