{"id":109533,"date":"2025-04-05T16:28:02","date_gmt":"2025-04-05T16:28:02","guid":{"rendered":"https:\/\/rdnews.al\/?p=109533"},"modified":"2025-04-05T16:28:02","modified_gmt":"2025-04-05T16:28:02","slug":"boci-ky-eshte-nje-takim-ku-ne-japim-besen-tone-dhe-marrim-besimin-tuaj","status":"publish","type":"post","link":"https:\/\/rdnews.al\/index.php\/2025\/04\/05\/boci-ky-eshte-nje-takim-ku-ne-japim-besen-tone-dhe-marrim-besimin-tuaj\/","title":{"rendered":"Bo\u00e7i: Ky \u00ebsht\u00eb nj\u00eb takim ku ne japim bes\u00ebn ton\u00eb dhe marrim besimin tuaj"},"content":{"rendered":"<p>Kryetari i PD, Sali Berisha ka prezantuar k\u00ebt\u00eb pasdite kandidat\u00ebt &#8216;PD-ASHM&#8217; n\u00eb Mal\u00ebsin\u00eb e Madhe. Drejtuesi politik i PD p\u00ebr Shkodr\u00ebn Lu\u00e7iano Bo\u00e7i deklaroi gjat\u00eb takimin se Mal\u00ebsia e madhe do t\u00eb jet\u00eb \u201cMadh\u00ebshtore\u201d.<\/p>\n<p><strong>\u201c<\/strong>Dua t\u00eb ju them dhe t\u2019ju p\u00ebrcjell di\u00e7ka shum\u00eb personale. T\u00eb vish n\u00eb Mal\u00ebsin\u00eb e Madhe t\u00eb duket vetja se po kap\u00ebrcen n\u00ebp\u00ebr mite, n\u00ebp\u00ebr legjenda, n\u00ebp\u00ebr epose, n\u00ebp\u00ebr heroizma. T\u00eb duket vetja sikur ti p\u00ebrshkon historin\u00eb dhe takon ato burra dhe gra t\u00eb cil\u00ebt e kan\u00eb b\u00ebr\u00eb dhe e b\u00ebjn\u00eb Mal\u00ebsin\u00eb e Madhe t\u00eb madhe, prek at\u00eb konstitucion shpirt\u00ebror prej kombi q\u00eb ka n\u00eb themel t\u00eb tij bes\u00ebn dhe burr\u00ebrin\u00eb q\u00eb nuk n\u00ebnshtrohet asnj\u00ebher\u00eb qoft\u00eb pushtues i huaj qoft\u00eb pushtues politik si\u00e7 \u00ebsht\u00eb sot.<\/p>\n<p>Ky nuk \u00ebsht\u00eb nj\u00eb takim i thjesht\u00eb elektoral. Ky \u00ebsht\u00eb nj\u00eb takim ku ne japim bes\u00ebn ton\u00eb dhe marrim besimin tuaj q\u00eb t\u00eb shp\u00ebrndajm\u00eb fitoren dhe flamurin e PD. Ky \u00ebsht\u00eb nj\u00eb takim me historin\u00eb ku secili prej nesh \u00ebsht\u00eb i gatsh\u00ebm t\u00eb shkruaj\u00eb historin\u00eb dhe \u00ebsht\u00eb i gatsh\u00ebm t\u00eb jap\u00eb vot\u00ebn p\u00ebr ndryshimin dhe rr\u00ebzimin e regjimit.<\/p>\n<p>Prandaj ne jemi k\u00ebtu p\u00ebr t\u2019ju th\u00ebn\u00eb se ajo q\u00eb na ka sjell\u00eb k\u00ebtu ne\u00a0 bashke me Sali Berish\u00ebn \u00ebsht\u00eb m\u00eb e fort\u00eb se politike \u00ebsht\u00eb m\u00eb e amdhe se ambicia jone, \u00ebsht\u00eb madje me e bukur se \u00e7do p\u00ebrpjekje n\u00eb jet\u00ebn ton\u00eb dhe \u00ebsht\u00eb me e sinqert\u00eb se disa karrige t\u00eb parlamentit. Ne k\u00ebtu vijm\u00eb t\u00eb sjellim n\u00eb sh\u00ebrbimin tuaj njer\u00ebz t\u00eb ndersh\u00ebm si ju, profesionist\u00eb t\u00eb aft\u00eb q\u00eb marrin angazhime politike.<\/p>\n<p>Kemi p\u00ebrball\u00eb nj\u00eb makineri propagande q\u00eb shan e shpif \u00e7do dit\u00eb. Kemi p\u00ebrball\u00eb nj\u00eb politike banditeske. Kemi p\u00ebrball\u00eb nj\u00eb kryebandit dhe grabit \u00e7far\u00eb ti dal\u00eb p\u00ebrpara, det, toke , mal pyje sepse k\u00ebrkon t\u00eb mbaj\u00eb me vete sh\u00ebrb\u00ebtor\u00ebt e tij. Kemi p\u00ebrballe kriminel\u00eb jo vet\u00ebm nga politike\u201d, tha Bo\u00e7i.<\/p>\n","protected":false},"excerpt":{"rendered":"<p>Kryetari i PD, Sali Berisha ka prezantuar k\u00ebt\u00eb pasdite kandidat\u00ebt &#8216;PD-ASHM&#8217; n\u00eb Mal\u00ebsin\u00eb e Madhe. Drejtuesi politik i PD p\u00ebr Shkodr\u00ebn Lu\u00e7iano Bo\u00e7i deklaroi gjat\u00eb takimin se Mal\u00ebsia e madhe do t\u00eb jet\u00eb \u201cMadh\u00ebshtore\u201d. \u201cDua t\u00eb ju them dhe t\u2019ju p\u00ebrcjell di\u00e7ka shum\u00eb personale. T\u00eb vish n\u00eb Mal\u00ebsin\u00eb e Madhe t\u00eb duket vetja se po &hellip;<\/p>\n","protected":false},"author":4,"featured_media":109534,"comment_status":"closed","ping_status":"closed","sticky":false,"template":"","format":"standard","meta":{"footnotes":""},"categories":[37],"tags":[],"class_list":["post-109533","post","type-post","status-publish","format-standard","has-post-thumbnail","","category-politike"],"_links":{"self":[{"href":"https:\/\/rdnews.al\/index.php\/wp-json\/wp\/v2\/posts\/109533","targetHints":{"allow":["GET"]}}],"collection":[{"href":"https:\/\/rdnews.al\/index.php\/wp-json\/wp\/v2\/posts"}],"about":[{"href":"https:\/\/rdnews.al\/index.php\/wp-json\/wp\/v2\/types\/post"}],"author":[{"embeddable":true,"href":"https:\/\/rdnews.al\/index.php\/wp-json\/wp\/v2\/users\/4"}],"replies":[{"embeddable":true,"href":"https:\/\/rdnews.al\/index.php\/wp-json\/wp\/v2\/comments?post=109533"}],"version-history":[{"count":1,"href":"https:\/\/rdnews.al\/index.php\/wp-json\/wp\/v2\/posts\/109533\/revisions"}],"predecessor-version":[{"id":109535,"href":"https:\/\/rdnews.al\/index.php\/wp-json\/wp\/v2\/posts\/109533\/revisions\/109535"}],"wp:featuredmedia":[{"embeddable":true,"href":"https:\/\/rdnews.al\/index.php\/wp-json\/wp\/v2\/media\/109534"}],"wp:attachment":[{"href":"https:\/\/rdnews.al\/index.php\/wp-json\/wp\/v2\/media?parent=109533"}],"wp:term":[{"taxonomy":"category","embeddable":true,"href":"https:\/\/rdnews.al\/index.php\/wp-json\/wp\/v2\/categories?post=109533"},{"taxonomy":"post_tag","embeddable":true,"href":"https:\/\/rdnews.al\/index.php\/wp-json\/wp\/v2\/tags?post=109533"}],"curies":[{"name":"wp","href":"https:\/\/api.w.org\/{rel}","templated":true}]}}