{"id":109536,"date":"2025-04-05T16:31:25","date_gmt":"2025-04-05T16:31:25","guid":{"rendered":"https:\/\/rdnews.al\/?p=109536"},"modified":"2025-04-05T16:33:29","modified_gmt":"2025-04-05T16:33:29","slug":"berisha-gjeja-me-madheshtore-ne-malesine-e-madhe-eshte-familja-paraqesim-nje-program-qe-nuk-eshte-paraqitur-ne-34-vite","status":"publish","type":"post","link":"https:\/\/rdnews.al\/index.php\/2025\/04\/05\/berisha-gjeja-me-madheshtore-ne-malesine-e-madhe-eshte-familja-paraqesim-nje-program-qe-nuk-eshte-paraqitur-ne-34-vite\/","title":{"rendered":"Berisha: Gj\u00ebja m\u00eb madh\u00ebshtore n\u00eb Mal\u00ebsin\u00eb e Madhe \u00ebsht\u00eb familja! Paraqesim nj\u00eb program q\u00eb nuk \u00ebsht\u00eb paraqitur n\u00eb 34 vite"},"content":{"rendered":"<p>Kryetari i Partis\u00eb Demokratike, Sali Berisha, ka prezantuar gjat\u00eb dit\u00ebs s\u00eb sotme kandidat\u00ebt e &#8220;PD-ASHM&#8221; n\u00eb Mal\u00ebsin\u00eb e Madhe, duke theksuar angazhimin e forc\u00ebs opozitare p\u00ebr nj\u00eb Shqip\u00ebri t\u00eb madh\u00ebshtore.<\/p>\n<p>Ai u shpreh se ky program \u00ebsht\u00eb nj\u00eb angazhim p\u00ebr t\u00eb rivendosur vlerat e familjes dhe dinjitetin e shqiptar\u00ebve, duke vendosur gjithashtu nj\u00eb theks t\u00eb ve\u00e7ant\u00eb mbi r\u00ebnd\u00ebsin\u00eb e trash\u00ebgimis\u00eb historike dhe kulturore t\u00eb Mal\u00ebsis\u00eb s\u00eb Madhe.<\/p>\n<p>\u201cNj\u00eb fal\u00ebnderim shum\u00eb t\u00eb p\u00ebrzem\u00ebrt dhe mir\u00ebnjohje t\u00eb pakufijshme ndaj jush burra, gra, t\u00eb rinj e t\u00eb reja t\u00eb k\u00ebsaj mal\u00ebsie. Mal\u00ebsi Madh\u00ebshtore do ta quajm\u00eb sot ne mal\u00ebsin\u00eb e Madhe, sepse n\u00eb fakt, Zoti, natyra, e ka b\u00ebr\u00eb madh\u00ebshtore. Ky \u00ebsht\u00eb realiteti.<\/p>\n<p>Cilido q\u00eb e njeh k\u00ebt\u00eb Mal\u00ebsi, mund t\u2019i thot\u00eb e madhe, e mir\u00eb, por mund t\u2019i thot\u00eb dhe Madh\u00ebshtore.<\/p>\n<p>I dashur Lu\u00e7iano, drejtues politik i Qarkut t\u00eb Shkodr\u00ebs. T\u00eb dashur drejtues t\u00eb deg\u00ebve t\u00eb PD t\u00eb Mal\u00ebsis\u00eb s\u00eb Madhe, Shkodr\u00ebs, Vaut t\u00eb Dej\u00ebs, Puk\u00ebs. T\u00eb dashur deputet\u00eb dhe kandidat\u00eb p\u00ebr deputet\u00eb t\u00eb k\u00ebtij qarku.<\/p>\n<p>\u00cbsht\u00eb nder i madh shum\u00eb t\u00eb vij sot tek ju p\u00ebr t\u00eb paraqitur nj\u00eb program t\u00eb cilin nuk e kam paraqitur kurr\u00eb n\u00eb 34 vite.<\/p>\n<p>Nj\u00eb program q\u00eb ne e kemi quajtur programin e Shqip\u00ebris\u00eb Madh\u00ebshtore. Pra, duket si di\u00e7ka e st\u00ebrmadhe, di\u00e7ka e lart\u00eb, por ju garantoj secilit prej jush dhe \u00e7do shqitpar, q\u00eb \u00ebsht\u00eb nj\u00eb program m\u00eb i miri dhe m\u00eb realisti q\u00eb ka njohur Shqip\u00ebria dhe shqiptar\u00ebt.<\/p>\n<p>Dhe ju garantoj se, Ramadan Lika dhe Aurel Marku, dhe deputet\u00ebt e Shkodr\u00ebs, Vaut t\u00eb Dej\u00ebs, Puk\u00ebs dhe t\u00eb mbar\u00eb Shqip\u00ebris\u00eb do t\u00eb jen\u00eb garant absolut t\u00eb zbatimit t\u00eb k\u00ebtij programi n\u00eb \u00e7do nen dhe \u00e7do premtim t\u00eb tij.<\/p>\n<p>Ky program, miqt\u00eb e mi, fillon aty ku fillon jeta, dinjiteti, respekti, fillon tek familja.<\/p>\n<p>Ne, do t\u00eb vendosim n\u00eb piedestal n\u00eb k\u00ebt\u00eb program familjen shqiptare.<\/p>\n<p>Po ta shoh\u00ebsh n\u00eb shum\u00eb an\u00eb, kjo Mal\u00ebsi ka patur shum\u00eb an\u00eb madh\u00ebshtore, historin\u00eb e saj me ngritjen e flamurit p\u00ebr her\u00eb t\u00eb par\u00eb n\u00eb trojet shqiptare. Epik\u00ebn e hotjan\u00ebve, e grudasve kund\u00ebr padrejt\u00ebsive under Kongresit t\u00eb Berlinit. Kryengritjen dhe qendres\u00ebn ndaj pushtimit komunist t\u00eb burrave t\u00eb k\u00ebsaj mal\u00ebsie t\u00eb udh\u00ebhequr nga Prek\u00eb Cali.<\/p>\n<p>Por cilido q\u00eb do t\u00eb njoh\u00eb n\u00eb thell\u00ebsi k\u00ebt\u00eb mal\u00ebsi, dhe lexon e studion p\u00ebr t\u00eb, do t\u00ebgjej\u00eb se gj\u00ebja m\u00eb madh\u00ebshtore q\u00eb ka kjo mal\u00ebsi \u00ebsht\u00eb familja shqiptare, familja e saj.<\/p>\n<p>Nj\u00eb udh\u00ebtare shum\u00eb e v\u00ebmendshme, e cila udh\u00ebtoi disa her\u00eb n\u00eb viset e veriut. Ka nj\u00eb p\u00ebrshkrim t\u00eb nj\u00eb nate q\u00eb kalon n\u00eb nj\u00eb familje n\u00eb Mal\u00ebsi t\u00eb Madhe. Familje partiarkale, i zoti i sht\u00ebpis\u00eb 100 vje\u00e7, me nj\u00eb past\u00ebrti shembullore, me nj\u00eb mik\u00ebpritje dhe harmoni t\u00eb pap\u00ebrshkruar.<\/p>\n<p>I zoti i sht\u00ebpis\u00eb i thot\u00eb t\u00eb nes\u00ebrmen: dua t\u00eb rrish dhe dy net\u00eb. Dhe kjo shkruan: nuk arrita do t\u00eb rri, thot\u00eb. Por ndjeva keqardhjen m\u00eb t\u00eb madhe q\u00eb u largova nga ajo familje, e cila ishte nj\u00eb institucion i v\u00ebrtet\u00eb. Ajo foli p\u00ebr nj\u00eb familje, por t\u00eb tilla kan\u00eb qen\u00eb familjet shqiptare. Ato jan\u00eb institucione t\u00eb v\u00ebrteta, dhe ne do ta vendosim familjen shqiptare n\u00eb piedestal.<\/p>\n<p>Nuk u ndala rast\u00ebsisht k\u00ebtu, se nj\u00eb rrym\u00eb, nj\u00eb agresion kund\u00ebr familjes fryu n\u00eb mbar\u00eb bot\u00ebn. Dhe absolutisht nuk kishte asnj\u00eb frym\u00ebzim tjet\u00ebr, vet\u00ebm frym\u00ebzimin p\u00ebrtej marksist, ekstremist p\u00ebrtej marksist.<\/p>\n<p>Ne do qendrojm\u00eb, dhe ne i konsiderojm\u00eb sa tok\u00ebsore dhe aq hyjnore familjet dhe vlerat e saj\u201d, u shpreh Berisha.<\/p>\n","protected":false},"excerpt":{"rendered":"<p>Kryetari i Partis\u00eb Demokratike, Sali Berisha, ka prezantuar gjat\u00eb dit\u00ebs s\u00eb sotme kandidat\u00ebt e &#8220;PD-ASHM&#8221; n\u00eb Mal\u00ebsin\u00eb e Madhe, duke theksuar angazhimin e forc\u00ebs opozitare p\u00ebr nj\u00eb Shqip\u00ebri t\u00eb madh\u00ebshtore. Ai u shpreh se ky program \u00ebsht\u00eb nj\u00eb angazhim p\u00ebr t\u00eb rivendosur vlerat e familjes dhe dinjitetin e shqiptar\u00ebve, duke vendosur gjithashtu nj\u00eb theks t\u00eb &hellip;<\/p>\n","protected":false},"author":4,"featured_media":109537,"comment_status":"closed","ping_status":"closed","sticky":false,"template":"","format":"standard","meta":{"footnotes":""},"categories":[37],"tags":[],"class_list":["post-109536","post","type-post","status-publish","format-standard","has-post-thumbnail","","category-politike"],"_links":{"self":[{"href":"https:\/\/rdnews.al\/index.php\/wp-json\/wp\/v2\/posts\/109536","targetHints":{"allow":["GET"]}}],"collection":[{"href":"https:\/\/rdnews.al\/index.php\/wp-json\/wp\/v2\/posts"}],"about":[{"href":"https:\/\/rdnews.al\/index.php\/wp-json\/wp\/v2\/types\/post"}],"author":[{"embeddable":true,"href":"https:\/\/rdnews.al\/index.php\/wp-json\/wp\/v2\/users\/4"}],"replies":[{"embeddable":true,"href":"https:\/\/rdnews.al\/index.php\/wp-json\/wp\/v2\/comments?post=109536"}],"version-history":[{"count":2,"href":"https:\/\/rdnews.al\/index.php\/wp-json\/wp\/v2\/posts\/109536\/revisions"}],"predecessor-version":[{"id":109539,"href":"https:\/\/rdnews.al\/index.php\/wp-json\/wp\/v2\/posts\/109536\/revisions\/109539"}],"wp:featuredmedia":[{"embeddable":true,"href":"https:\/\/rdnews.al\/index.php\/wp-json\/wp\/v2\/media\/109537"}],"wp:attachment":[{"href":"https:\/\/rdnews.al\/index.php\/wp-json\/wp\/v2\/media?parent=109536"}],"wp:term":[{"taxonomy":"category","embeddable":true,"href":"https:\/\/rdnews.al\/index.php\/wp-json\/wp\/v2\/categories?post=109536"},{"taxonomy":"post_tag","embeddable":true,"href":"https:\/\/rdnews.al\/index.php\/wp-json\/wp\/v2\/tags?post=109536"}],"curies":[{"name":"wp","href":"https:\/\/api.w.org\/{rel}","templated":true}]}}