{"id":109540,"date":"2025-04-05T16:36:41","date_gmt":"2025-04-05T16:36:41","guid":{"rendered":"https:\/\/rdnews.al\/?p=109540"},"modified":"2025-04-05T16:36:41","modified_gmt":"2025-04-05T16:36:41","slug":"berisha-tregon-historine-e-te-moshuarit-merrte-6700-lek-pension-sa-gjysma-e-pages-qe-gjermania-jep-per-qenin-e-shtepise","status":"publish","type":"post","link":"https:\/\/rdnews.al\/index.php\/2025\/04\/05\/berisha-tregon-historine-e-te-moshuarit-merrte-6700-lek-pension-sa-gjysma-e-pages-qe-gjermania-jep-per-qenin-e-shtepise\/","title":{"rendered":"Berisha tregon historin\u00eb e t\u00eb moshuarit: Merrte 6700 lek pension, sa gjysma e pag\u00ebs q\u00eb Gjermania jep p\u00ebr qenin e sht\u00ebpis\u00eb"},"content":{"rendered":"<p>Kryetari i Partis\u00eb Demokratike, Sali Berisha, zhvilloi sot nj\u00eb takim me demokrat\u00ebt e Mal\u00ebsis\u00eb s\u00eb Madhe.<\/p>\n<p>Berisha shtroi pyetjen: Sa qytetar\u00eb, jan\u00eb larguar nga Mal\u00ebsia e Madhe dhe Shqip\u00ebria n\u00eb k\u00ebto 12 vite? T\u00eb shtroj\u00eb pyetjen, po pse u larguan k\u00ebta? \u00c7far\u00eb i detyroi t\u00eb largohen k\u00ebta?<\/p>\n<p>\u201cT\u00eb dashur miq, Shqip\u00ebria n\u00eb 12 vite, si eci, cili ishte drejtimi i saj.<\/p>\n<p>K\u00ebtu un\u00eb ftoj \u00e7do shqiptar, \u00e7do banor t\u00eb k\u00ebsaj mal\u00ebsie, pavar\u00ebsisht nga bindjet politike, t\u2019i shtroj\u00eb vetes disa pyetje. Ku i kan\u00eb f\u00ebmij\u00ebt, miqt\u00eb, njer\u00ebzit, q\u00eb para 12 vitesh i kishte k\u00ebtu?<\/p>\n<p>Sa prej tyre jan\u00eb larguar nga Mal\u00ebsia e Madhe dhe Shqip\u00ebria n\u00eb k\u00ebto 12 vite? T\u00eb shtroj\u00eb pyetjen, po pse u larguan k\u00ebta? \u00c7far\u00eb i detyroi t\u00eb largohen k\u00ebta?<\/p>\n<p>Dhe \u00e7donj\u00ebri prej jush, nuk mund t\u00eb gjej\u00eb p\u00ebrgjigjen, ve\u00e7se varf\u00ebria, papun\u00ebsia. K\u00ebto jan\u00eb shkaqet. Shqiptar\u00ebt nuk largohen m\u00eb nga kurioziteti p\u00ebr t\u00eb par\u00eb nj\u00eb vend, p\u00ebr t\u00eb par\u00eb nj\u00eb tjet\u00ebr. Jo.<\/p>\n<p>I kan\u00eb par\u00eb tani, u b\u00ebn\u00eb 30 vite. Ka dal\u00eb, kan\u00eb shkuar, kan\u00eb ardhur. Nuk shkojn\u00eb m\u00eb, hajde dalim t\u00eb shohim nj\u00ebher\u00eb. Jo, jo.<\/p>\n<p>Por, jan\u00eb me mij\u00ebra e mij\u00ebra familje, t\u00eb cilat n\u00eb sofr\u00ebn e tyre nuk kan\u00eb m\u00eb ushqim p\u00ebr t\u00eb gjith\u00eb f\u00ebmij\u00ebt e tyre, p\u00ebr t\u00eb gjith\u00eb familjen. Jo.<\/p>\n<p>Detyrohen t\u2019u thon\u00eb: shko djal\u00eb, shko vajz\u00eb, pa\u00e7 fatin! Gjej fatin t\u00ebnd, se k\u00ebtu kaq kemi. Sepse fare e thjesht\u00eb. Kjo qeveri, n\u00eb vend se, taksat q\u00eb mblidhte nga ju t\u2019i shp\u00ebrndante me drejt\u00ebsi, duke ua kthyer nj\u00eb pjes\u00eb t\u00eb mir\u00eb ju n\u00eb rroga, pensione, sh\u00ebrbime. Kjo qeveri i zhduk ato n\u00eb m\u00ebnyr\u00ebn m\u00eb t\u00eb paimagjinueshme, si asnj\u00eb vend tjet\u00ebr n\u00eb Europ\u00eb dhe n\u00eb bot\u00eb.<\/p>\n<p>12 vjet m\u00eb par\u00eb, pensionet dhe rrogat minimale n\u00eb Mal t\u00eb Zi shin m\u00eb t\u00eb ul\u00ebta se n\u00eb Shqip\u00ebri. Sot, pensioni \u00ebsht\u00eb 3 her\u00eb m\u00eb i lart\u00eb se n\u00eb Shqip\u00ebri, n\u00eb Mal t\u00eb Zi. \u00c7far\u00eb pasurie ka m\u00eb shum\u00eb Mali i Zi se sa Shqip\u00ebria? Absolutisht, as 1\/5, as 1\/10 nuk e ka.<\/p>\n<p>Jo! Por ka qeveri, e cila taksat q\u00eb mbledh i ndan p\u00ebr rroga, pension, shkolla, sh\u00ebndet\u00ebsi, rrug\u00eb dhe nuk i vjedh n\u00eb k\u00ebt\u00eb m\u00ebnyr\u00eb.<\/p>\n<p>Pra, ku shkuam ne? Mund t\u00eb citosh sa t\u00eb duash statistika, por disa jan\u00eb m\u00eb trondit\u00ebse. 18% e familjeve nuk i japin dot f\u00ebmij\u00ebve 3 vakte.<\/p>\n<p>41% e familjeve nuk i japin dot ushqimin e duhur. Ku shkuam ne? Ne shkuam sot, nj\u00eb pjes\u00eb e madhe e pensionist\u00ebve nuk marrin dot ila\u00e7et.<\/p>\n<p>Mbr\u00ebm\u00eb takova nj\u00eb pensionit.<\/p>\n<p>Muhamet Gashi. Jam nga Puka, m\u00eb tha. Un\u00eb, tha, kam punuar 45 vite. Kam punuar shofer, k\u00ebto e k\u00ebto, dhe tani kam dal me nj\u00eb pension 67 mij\u00eb lek\u00eb.<\/p>\n<p>Tokat n\u00eb Puk\u00eb i kam marr, por nj\u00eb pjes\u00eb ia fala kish\u00ebs, dhe bravo i qoft\u00eb, nd\u00ebrtuan nj\u00eb kish\u00eb aty, tha.<\/p>\n<p>Toka n\u00eb Kavaj\u00eb, t\u00eb bashk\u00ebshortes sime nuk i kemi marr\u00eb. Tani, t\u2019i l\u00ebm\u00eb fjalimet dhe t\u2019i l\u00ebm\u00eb filozofit, po ky njeri q\u00eb ka punuar 46 vjet dhe merr, t\u00eb m\u00eb fal\u00eb p\u00ebr krahasimin, merr sa gjysma e pag\u00ebs q\u00eb Gjermania paguan p\u00ebr qenin e sht\u00ebpis\u00eb. 130 euro paguan. A ka \u00e7njer\u00ebzi m\u00eb t\u00eb madhe se kjo?<\/p>\n<p>Pse kjo \u00ebsht\u00eb mund\u00ebsia?<\/p>\n<p>Jo, kurr\u00eb nuk \u00ebsht\u00eb mund\u00ebsia kjo. Kurr\u00eb! Se kur erdhi puna te rrogat e larta o miqt\u00eb e mi, jan\u00eb m\u00eb t\u00eb lartat n\u00eb Ballkan, o miqt\u00eb e mi. Rrogat, jan\u00eb rrogat m\u00eb t\u00eb larta se kudo tjet\u00ebr. T\u00eb ministrave, t\u00eb deputet\u00ebve, t\u00eb gjykat\u00ebsve, t\u00eb president\u00ebve, etj. Po ata t\u00eb cil\u00ebt u p\u00ebrjashtuan ishin pensionist\u00ebt\u201d, u shpreh Berisha.<\/p>\n","protected":false},"excerpt":{"rendered":"<p>Kryetari i Partis\u00eb Demokratike, Sali Berisha, zhvilloi sot nj\u00eb takim me demokrat\u00ebt e Mal\u00ebsis\u00eb s\u00eb Madhe. Berisha shtroi pyetjen: Sa qytetar\u00eb, jan\u00eb larguar nga Mal\u00ebsia e Madhe dhe Shqip\u00ebria n\u00eb k\u00ebto 12 vite? T\u00eb shtroj\u00eb pyetjen, po pse u larguan k\u00ebta? \u00c7far\u00eb i detyroi t\u00eb largohen k\u00ebta? \u201cT\u00eb dashur miq, Shqip\u00ebria n\u00eb 12 vite, si &hellip;<\/p>\n","protected":false},"author":4,"featured_media":109541,"comment_status":"closed","ping_status":"closed","sticky":false,"template":"","format":"standard","meta":{"footnotes":""},"categories":[37],"tags":[],"class_list":["post-109540","post","type-post","status-publish","format-standard","has-post-thumbnail","","category-politike"],"_links":{"self":[{"href":"https:\/\/rdnews.al\/index.php\/wp-json\/wp\/v2\/posts\/109540","targetHints":{"allow":["GET"]}}],"collection":[{"href":"https:\/\/rdnews.al\/index.php\/wp-json\/wp\/v2\/posts"}],"about":[{"href":"https:\/\/rdnews.al\/index.php\/wp-json\/wp\/v2\/types\/post"}],"author":[{"embeddable":true,"href":"https:\/\/rdnews.al\/index.php\/wp-json\/wp\/v2\/users\/4"}],"replies":[{"embeddable":true,"href":"https:\/\/rdnews.al\/index.php\/wp-json\/wp\/v2\/comments?post=109540"}],"version-history":[{"count":1,"href":"https:\/\/rdnews.al\/index.php\/wp-json\/wp\/v2\/posts\/109540\/revisions"}],"predecessor-version":[{"id":109542,"href":"https:\/\/rdnews.al\/index.php\/wp-json\/wp\/v2\/posts\/109540\/revisions\/109542"}],"wp:featuredmedia":[{"embeddable":true,"href":"https:\/\/rdnews.al\/index.php\/wp-json\/wp\/v2\/media\/109541"}],"wp:attachment":[{"href":"https:\/\/rdnews.al\/index.php\/wp-json\/wp\/v2\/media?parent=109540"}],"wp:term":[{"taxonomy":"category","embeddable":true,"href":"https:\/\/rdnews.al\/index.php\/wp-json\/wp\/v2\/categories?post=109540"},{"taxonomy":"post_tag","embeddable":true,"href":"https:\/\/rdnews.al\/index.php\/wp-json\/wp\/v2\/tags?post=109540"}],"curies":[{"name":"wp","href":"https:\/\/api.w.org\/{rel}","templated":true}]}}