{"id":109543,"date":"2025-04-05T16:44:25","date_gmt":"2025-04-05T16:44:25","guid":{"rendered":"https:\/\/rdnews.al\/?p=109543"},"modified":"2025-04-05T16:44:25","modified_gmt":"2025-04-05T16:44:25","slug":"berisha-brenda-100-diteve-te-para-barra-fiskale-mbi-naften-zbret-ne-nivelin-e-maqedonise-dhe-kosoves","status":"publish","type":"post","link":"https:\/\/rdnews.al\/index.php\/2025\/04\/05\/berisha-brenda-100-diteve-te-para-barra-fiskale-mbi-naften-zbret-ne-nivelin-e-maqedonise-dhe-kosoves\/","title":{"rendered":"Berisha: Brenda 100 dit\u00ebve t\u00eb para barra fiskale mbi naft\u00ebn zbret n\u00eb nivelin e Maqedonis\u00eb dhe Kosov\u00ebs"},"content":{"rendered":"<p>Kreu i Partis\u00eb Demokratike, Sali Berisha, zhvilloi sot nj\u00eb takim me demokrat\u00ebt e Mal\u00ebsis\u00eb s\u00eb Madhe. Ai gjat\u00eb fjal\u00ebs s\u00eb tij ka premtuar se, brenda 100 dit\u00ebve t\u00eb para, barra fiskale mbi naft\u00ebn zbret n\u00eb nivelin e Maqedonis\u00eb dhe Kosov\u00ebs.<\/p>\n<p>\u201cK\u00ebt\u00eb vit n\u00eb\u00a0janar, Edi Rama shtroi n\u00eb tavolin\u00eb buxhetin. 8 miliard\u00eb euro. 8 miliard\u00eb, \u00e7do taks\u00eb e paguar nga ju. Qeveria nuk prodhon asnj\u00eb qindark\u00eb. 8 miliard\u00eb euro. Dhe kur thot\u00eb, p\u00ebr pensionist\u00ebt 16 milion\u00eb.<\/p>\n<p>At\u00ebher\u00eb, m\u00eb thoni ju mua? A ka ciniz\u00ebm m\u00eb t\u00eb madh se ky?<\/p>\n<p>A ka shp\u00ebrfillje m\u00eb t\u00eb madhe se kjo? \u00c7far\u00eb i quan ti k\u00ebta njer\u00ebz? I konsideron ti njer\u00ebz?<\/p>\n<p>Dhe kur ne d\u00ebrguam ligjin p\u00ebr t\u00eb vendosur minimumin jetik 200 euro, e mbajti n\u00eb parlament nuk e votoi kurr\u00eb. Deklaroi se kjo e zhyt n\u00eb humner\u00eb Shqip\u00ebrin\u00eb.<\/p>\n<p>Un\u00eb jam k\u00ebtu para jush, dhe ju lutem t\u00eb trokisni, se un\u00eb do t\u00eb doja shum\u00eb, t\u00eb mos mbaja asnj\u00eb fjalim n\u00ebp\u00ebr mitingje, por t\u00eb shkoja t\u00eb flisja n\u00eb \u00e7do der\u00eb, tek \u00e7do shqiptar, tek \u00e7do mal\u00ebsor, tek \u00e7do mal\u00ebsore dhe t\u00eb ulemi t\u00eb bisedojm\u00eb me t\u00eb. Jo, absolutisht! Nga 8 miliard\u00eb q\u00eb jan\u00eb k\u00ebtu n\u00eb tavolin\u00eb, do t\u00eb ndahen ato q\u00eb do t\u2019i jepen 200 euro \u00e7do shqiptari dhe nuk ka shqiptar q\u00eb t\u00eb marr\u00eb pension n\u00ebn 200 euro.<\/p>\n<p>Nuk jan\u00eb shum\u00eb. Jo, absolutisht! Problemi \u00ebhst\u00eb se 57% e pensionist\u00ebve n\u00eb Shqip\u00ebri marrin nj\u00eb pension nga 67 euro q\u00eb tha zot\u00ebria mbr\u00ebm\u00eb, maksimumi 168 euro. Pra, marrin nj\u00eb pension nd\u00ebn 200 euro. T\u00eb gjith\u00eb pa p\u00ebrjashtim nga vitet e pun\u00ebs, nga \u00e7far\u00ebdo lloj faktori tjet\u00ebr do t\u00eb marr\u00eb 200 euro.<\/p>\n<p>200 euro do marr\u00eb \u00e7do i papun\u00eb, \u00e7do person n\u00eb ndihm\u00eb ekonomike. Dhe jo vet\u00ebm kaq. Secili prej tyre do t\u00eb ket\u00eb kart\u00ebn e konsumatorit. \u00c7far\u00eb \u00ebsht\u00eb ajo? T\u00eb gjitha mallrat q\u00eb blejn\u00eb p\u00ebr ushqime dhe p\u00ebr gj\u00ebrat baz\u00eb do t\u2019i blini m\u00eb lir\u00eb se t\u00eb tjer\u00ebt. 20% m\u00eb lir\u00eb. Tvsh-n\u00eb do ua kthejm\u00eb dhe do merrni 450 euro n\u00eb vit, sipas llogarive t\u00eb sotme, dhe sa t\u00eb shkoj\u00eb p\u00ebr ushqimet pa tvsh.<\/p>\n<p>Jo vet\u00ebm k\u00ebto.<\/p>\n<p>Ila\u00e7et. E kam th\u00ebn\u00eb dhe e them. N\u00eb m\u00ebnyr\u00eb absolute, Shqip\u00ebria do ket\u00eb list\u00ebn e rimbursimit t\u00eb plot\u00eb t\u00eb ila\u00e7eve q\u00eb ka republika italiane.<\/p>\n<p>Jemi larg italian\u00ebve ne me gjendje ekonomike, por me ila\u00e7e do t\u00eb jemi nj\u00eblloj si ata. E kemi k\u00ebt\u00eb mund\u00ebsi, padiskutim. Dhe ne do ta b\u00ebjm\u00eb.<\/p>\n<p>Rroga minimale nuk do jet\u00eb n\u00ebn 500 euro.<\/p>\n<p>\u00c7do biznesmeni i them, nuk duhet t\u00eb zem\u00ebrohesh, duhet t\u00eb tregosh mir\u00ebkuptim t\u00eb plot\u00eb, sepse ne do t\u00eb ulim taksat dhe barra tjera fiskale dhe t\u00eb garantoj se do\u00a0 t\u00eb kesh sukses m\u00eb t\u00eb madh. Por, ne nuk mund t\u00eb pranojm\u00eb q\u00eb shqiptar\u00ebt t\u00eb trajtohen me nj\u00eb rrog\u00eb me t\u00eb cil\u00ebn nuk e mbyllin dot muajin e as 15 dit\u00ebshin. Jo, do t\u00eb trajtohen me nj\u00eb rrog\u00eb q\u00eb t\u00eb mund t\u00eb p\u00ebrballojn\u00eb jet\u00ebn. Kurse, ty si biznesmen, ne do t\u00eb t\u00eb ulim taksat, do t\u00eb t\u00eb ulim \u00e7mimin e energjis\u00eb nga 18 lek\u00eb, n\u00eb 6 lek\u00eb.<\/p>\n<p>Sot, isha n\u00eb tregun e Tiran\u00ebs dhe i them nj\u00eb zonje: do ta ulim \u00e7mimin e energjis\u00eb. Aq e kemi patur kur ke qen\u00eb ti, tha.<\/p>\n<p>Nafta. Po ka nj\u00eb m\u00ebnyr\u00eb p\u00ebr t\u2019i r\u00ebnduar qytetar\u00ebt. Shkon dhe i \u00ebvn\u00eb naft\u00ebs taks\u00ebn 1.1 euro, n\u00eb nj\u00eb koh\u00eb kur t\u00eb tjer\u00ebt t\u00eb dashur mi\u00eb, e shesin naft\u00ebn bot\u00eb 1.1 euro.<\/p>\n<p>Ky 1.1 euro i merr taks\u00eb. Ky, me k\u00ebt\u00eb \u00e7mim ka inkurajuar gjithashtu kontraband\u00ebn. 300 mij\u00eb ton \u00ebsht\u00eb kontrabanda e naft\u00ebs, minimumi n\u00eb Shqip\u00ebri.<\/p>\n<p>Brenda 100 dit\u00ebve t\u00eb para barra fiskale mbi naft\u00ebn zbret n\u00eb nivelin e Maqedonis\u00eb dhe Kosov\u00ebn. Se ne tani kemi r\u00ebn\u00eb aq n\u00eb grop\u00eb, sa duhet t\u00eb marrim nj\u00ebher\u00eb shembullin, t\u00eb ngjitemi ku jan\u00eb Kosova, Maqedonia, Mali i Zi dhe pastaj t\u00eb shohim m\u00eb lart\u00eb.<\/p>\n<p>Kosova e merr naft\u00ebn nga Durr\u00ebsi, e shet 40% m\u00eb lir\u00eb n\u00eb Prishtin\u00eb. Kjo merr fund. Nafta nuk do mund t\u00eb shitet n\u00eb Shqip\u00ebri kurr\u00eb m\u00eb shum\u00eb plus minus me \u00e7mimin q\u00eb do t\u00eb shitet n\u00eb Kosov\u00eb, Maqedoni dhe n\u00eb vende tjera.<\/p>\n<p>\u00c7donjeri duhet ta dij\u00eb se n\u00eb \u00e7mimin e naft\u00ebs, nuk r\u00ebndohet vet\u00ebm ai q\u00eb ka makin\u00ebn. R\u00ebndohet secili prej atyre q\u00eb blen, pasi \u00e7mimi i naft\u00ebs \u00ebsht\u00eb \u00e7mim transporti p\u00ebr mallrat.<\/p>\n<p>Pra, me k\u00ebt\u00eb paket\u00eb ne japim nj\u00eb frym\u00ebmarrje. Ne, n\u00eb nj\u00eb far\u00eb m\u00ebnyre edhe rikthejm\u00eb dinjitetin e njer\u00ebzve, njer\u00ebz q\u00eb nuk ulen dot t\u00eb pijn\u00eb nj\u00eb kafe. Njer\u00ebz q\u00eb rrin\u00eb n\u00eb stola. Burra e gra q\u00eb kan\u00eb shkri jet\u00ebn e tyre n\u00eb pun\u00eb, dhe tani marrin nj\u00eb shp\u00ebrblim qesharak. Merr fund kjo! Merr fund!<\/p>\n<p>Ne fillojm\u00eb me k\u00ebt\u00eb paket\u00eb, dhe i garantoj pensionist\u00ebt dhe rrog\u00ebul\u00ebtit, do ken\u00eb kart\u00ebn e konsumatorit\u201d, u shpreh Berisha.<\/p>\n","protected":false},"excerpt":{"rendered":"<p>Kreu i Partis\u00eb Demokratike, Sali Berisha, zhvilloi sot nj\u00eb takim me demokrat\u00ebt e Mal\u00ebsis\u00eb s\u00eb Madhe. Ai gjat\u00eb fjal\u00ebs s\u00eb tij ka premtuar se, brenda 100 dit\u00ebve t\u00eb para, barra fiskale mbi naft\u00ebn zbret n\u00eb nivelin e Maqedonis\u00eb dhe Kosov\u00ebs. \u201cK\u00ebt\u00eb vit n\u00eb\u00a0janar, Edi Rama shtroi n\u00eb tavolin\u00eb buxhetin. 8 miliard\u00eb euro. 8 miliard\u00eb, \u00e7do &hellip;<\/p>\n","protected":false},"author":4,"featured_media":109544,"comment_status":"closed","ping_status":"closed","sticky":false,"template":"","format":"standard","meta":{"footnotes":""},"categories":[37],"tags":[],"class_list":["post-109543","post","type-post","status-publish","format-standard","has-post-thumbnail","","category-politike"],"_links":{"self":[{"href":"https:\/\/rdnews.al\/index.php\/wp-json\/wp\/v2\/posts\/109543","targetHints":{"allow":["GET"]}}],"collection":[{"href":"https:\/\/rdnews.al\/index.php\/wp-json\/wp\/v2\/posts"}],"about":[{"href":"https:\/\/rdnews.al\/index.php\/wp-json\/wp\/v2\/types\/post"}],"author":[{"embeddable":true,"href":"https:\/\/rdnews.al\/index.php\/wp-json\/wp\/v2\/users\/4"}],"replies":[{"embeddable":true,"href":"https:\/\/rdnews.al\/index.php\/wp-json\/wp\/v2\/comments?post=109543"}],"version-history":[{"count":1,"href":"https:\/\/rdnews.al\/index.php\/wp-json\/wp\/v2\/posts\/109543\/revisions"}],"predecessor-version":[{"id":109545,"href":"https:\/\/rdnews.al\/index.php\/wp-json\/wp\/v2\/posts\/109543\/revisions\/109545"}],"wp:featuredmedia":[{"embeddable":true,"href":"https:\/\/rdnews.al\/index.php\/wp-json\/wp\/v2\/media\/109544"}],"wp:attachment":[{"href":"https:\/\/rdnews.al\/index.php\/wp-json\/wp\/v2\/media?parent=109543"}],"wp:term":[{"taxonomy":"category","embeddable":true,"href":"https:\/\/rdnews.al\/index.php\/wp-json\/wp\/v2\/categories?post=109543"},{"taxonomy":"post_tag","embeddable":true,"href":"https:\/\/rdnews.al\/index.php\/wp-json\/wp\/v2\/tags?post=109543"}],"curies":[{"name":"wp","href":"https:\/\/api.w.org\/{rel}","templated":true}]}}