{"id":109552,"date":"2025-04-05T17:15:27","date_gmt":"2025-04-05T17:15:27","guid":{"rendered":"https:\/\/rdnews.al\/?p=109552"},"modified":"2025-04-05T17:15:27","modified_gmt":"2025-04-05T17:15:27","slug":"berisha-vendosim-sistemin-me-te-ulet-te-taksave-garantoj-biznesin-e-vogel-se-energjine-do-e-kete-6-leke-fatura-e-ujit-do-te-pergjysmohet","status":"publish","type":"post","link":"https:\/\/rdnews.al\/index.php\/2025\/04\/05\/berisha-vendosim-sistemin-me-te-ulet-te-taksave-garantoj-biznesin-e-vogel-se-energjine-do-e-kete-6-leke-fatura-e-ujit-do-te-pergjysmohet\/","title":{"rendered":"Berisha: Vendosim sistemin m\u00eb t\u00eb ul\u00ebt t\u00eb taksave! Garantoj biznesin e vog\u00ebl se energjin\u00eb do e ket\u00eb 6 lek\u00eb, fatura e ujit do t\u00eb p\u00ebrgjysmohet"},"content":{"rendered":"<p>Kryetari i Partis\u00eb Demokratike, Sali Berisha gjat\u00eb nj\u00eb takimi n\u00eb Mal\u00ebsin\u00eb e Madhe ka shpallur edhe pjes\u00eb t\u00eb premtimeve t\u00eb opozit\u00ebs dhe q\u00eb do t\u00eb b\u00ebhen realitet n\u00eb qeverisjen e ardhshme.<\/p>\n<p>Berisha tha se, garantoj biznesin e vog\u00ebl, se energjin\u00eb do e k\u00ebt\u00eb me 6 lek\u00eb, fatura e ujit do t\u00eb p\u00ebrgjysmohet.<\/p>\n<p><strong>Berisha:\u00a0<\/strong>\u00c7far\u00eb ka ndodhur n\u00eb Shqip\u00ebri, miq? Ajo q\u00eb nuk ka ndodhur n\u00eb asnj\u00eb vend tjet\u00ebr. Cila? Rrogat minimale kan\u00eb mbetur minimale, rrogat maksimale jan\u00eb b\u00ebr\u00eb st\u00ebrmaksimale. Nuk ka vend demokratik q\u00eb e b\u00ebn k\u00ebt\u00eb. Mend\u00ebsi staliniste.<\/p>\n<p>N\u00eb diktatura ndodhte kjo. Kryetari i presidiumit merrte 32 mij\u00eb lek\u00eb, pastruesja e presidiumit merrte 4, 5 mij\u00eb lek\u00eb. N\u00eb SHBA-t\u00eb, rroga mesatare dhe rroga e presidentit ndryshojn\u00eb 4 gjer n\u00eb 5 her\u00eb, aspak m\u00eb shum\u00eb. Jo vet\u00ebm atje, kudo.<\/p>\n<p>Kurse n\u00eb Shqip\u00ebri 10 her\u00eb, 11 her\u00eb. Merr fund! Rrogat e larta do rrin\u00eb aty, por do rrisim t\u00eb ul\u00ebtat dhe mesataret. Rroga mesatare do shkoj\u00eb 1200 euro dhe ju garantoj ju, se ky vrap nuk ndalet gjersa ne t\u00eb paguhemi m\u00eb mir\u00eb se t\u00eb gjith\u00eb qytetar\u00ebt e Ballkanit. Sepse ne jem im\u00eb t\u00eb pasurit.<\/p>\n<p>Sepse pasurit\u00eb tona p\u00ebrrallore nuk i ka asnj\u00eb vend tjet\u00ebr.<\/p>\n<p>Sepse ne, do t\u00eb ndezim fuqish\u00ebm e \u2018Made in Albania\u2019.<\/p>\n<p>P\u00ebrfytyroni p\u00ebr nj\u00eb moment territorin e k\u00ebsaj mal\u00ebsie. \u00c7far\u00eb pasurish p\u00ebrrallore? \u00c7far\u00eb pasurish me fam\u00eb bot\u00ebrore i ka dh\u00ebn\u00eb natyra dhe Zoti k\u00ebsaj toke? A ka prodhime m\u00eb cil\u00ebsore se n\u00eb k\u00ebt\u00eb mal\u00ebsi? Absolutisht, nuk ka! Ku jan\u00eb djemt\u00eb e saj, duke punua n\u00eb fermat e vendeve e tjera q\u00eb nuk kan\u00eb as gjysm\u00ebn e k\u00ebtyre prodhimeve.<\/p>\n<p>Ndaj dhe n\u00eb i rikthehemi prodhimit. Vendosim sistemin m\u00eb t\u00eb ul\u00ebt t\u00eb taksave. Garantoj biznesin e vog\u00ebl, se energjin\u00eb do e k\u00ebt\u00eb me 6 lek\u00eb, se fatura e ujit do t\u00eb p\u00ebrgjysmohet, se nuk do guxojn\u00eb kurr\u00eb Tonin\u00ebt, Bec\u00ebt, apo tjer\u00ebt t\u2019i \u00e7ojn\u00eb ato taksa, ndonj\u00ebher\u00eb edhe 10% t\u00eb xhiros. Nuk do mund t\u00eb tatojn\u00eb biznesin e vog\u00ebl kurr\u00eb m\u00eb shum\u00eb se 1% t\u00eb xhiros.<\/p>\n<p>Shkoj se un\u00eb n\u00eb treg, gjej 14 fishuar metrin katror t\u00eb hap\u00ebsir\u00ebs publike. A mund t\u00eb imagjinohet? M\u00eb than\u00eb punonj\u00ebsit, e kemi patur 1200 lek\u00eb e kemi 15 mij\u00eb lek\u00eb. Aty do shkoj\u00eb, do ket\u00eb ligje. \u00c7far\u00eb b\u00ebjn\u00eb k\u00ebta?<\/p>\n<p>Merrni pak regjistrat e Toninit k\u00ebtu, t\u00eb Becit atje, t\u00eb zyrave n\u00eb Tiran\u00eb. Absolutisht, 30-40% e t\u00eb gjith\u00eb njer\u00ebzve n\u00eb bordero jan\u00eb n\u00eb emigracion dhe k\u00ebta ndajn\u00eb me nj\u00ebri tjetrin rrogat e tyre.<\/p>\n<p>Po, merrni pak piramid\u00ebn e rrogave k\u00ebtu. Kudo ky hesap. P\u00ebr k\u00ebta sukses \u00ebsht\u00eb vjedhja. Merr fund kjo!<\/p>\n","protected":false},"excerpt":{"rendered":"<p>Kryetari i Partis\u00eb Demokratike, Sali Berisha gjat\u00eb nj\u00eb takimi n\u00eb Mal\u00ebsin\u00eb e Madhe ka shpallur edhe pjes\u00eb t\u00eb premtimeve t\u00eb opozit\u00ebs dhe q\u00eb do t\u00eb b\u00ebhen realitet n\u00eb qeverisjen e ardhshme. Berisha tha se, garantoj biznesin e vog\u00ebl, se energjin\u00eb do e k\u00ebt\u00eb me 6 lek\u00eb, fatura e ujit do t\u00eb p\u00ebrgjysmohet. Berisha:\u00a0\u00c7far\u00eb ka ndodhur &hellip;<\/p>\n","protected":false},"author":4,"featured_media":109553,"comment_status":"closed","ping_status":"closed","sticky":false,"template":"","format":"standard","meta":{"footnotes":""},"categories":[37],"tags":[],"class_list":["post-109552","post","type-post","status-publish","format-standard","has-post-thumbnail","","category-politike"],"_links":{"self":[{"href":"https:\/\/rdnews.al\/index.php\/wp-json\/wp\/v2\/posts\/109552","targetHints":{"allow":["GET"]}}],"collection":[{"href":"https:\/\/rdnews.al\/index.php\/wp-json\/wp\/v2\/posts"}],"about":[{"href":"https:\/\/rdnews.al\/index.php\/wp-json\/wp\/v2\/types\/post"}],"author":[{"embeddable":true,"href":"https:\/\/rdnews.al\/index.php\/wp-json\/wp\/v2\/users\/4"}],"replies":[{"embeddable":true,"href":"https:\/\/rdnews.al\/index.php\/wp-json\/wp\/v2\/comments?post=109552"}],"version-history":[{"count":1,"href":"https:\/\/rdnews.al\/index.php\/wp-json\/wp\/v2\/posts\/109552\/revisions"}],"predecessor-version":[{"id":109554,"href":"https:\/\/rdnews.al\/index.php\/wp-json\/wp\/v2\/posts\/109552\/revisions\/109554"}],"wp:featuredmedia":[{"embeddable":true,"href":"https:\/\/rdnews.al\/index.php\/wp-json\/wp\/v2\/media\/109553"}],"wp:attachment":[{"href":"https:\/\/rdnews.al\/index.php\/wp-json\/wp\/v2\/media?parent=109552"}],"wp:term":[{"taxonomy":"category","embeddable":true,"href":"https:\/\/rdnews.al\/index.php\/wp-json\/wp\/v2\/categories?post=109552"},{"taxonomy":"post_tag","embeddable":true,"href":"https:\/\/rdnews.al\/index.php\/wp-json\/wp\/v2\/tags?post=109552"}],"curies":[{"name":"wp","href":"https:\/\/api.w.org\/{rel}","templated":true}]}}