{"id":109574,"date":"2025-04-05T18:42:41","date_gmt":"2025-04-05T18:42:41","guid":{"rendered":"https:\/\/rdnews.al\/?p=109574"},"modified":"2025-04-05T18:42:41","modified_gmt":"2025-04-05T18:42:41","slug":"berisha-merr-fund-cdo-perpjekje-per-te-denigruar-familjen-shqiptare","status":"publish","type":"post","link":"https:\/\/rdnews.al\/index.php\/2025\/04\/05\/berisha-merr-fund-cdo-perpjekje-per-te-denigruar-familjen-shqiptare\/","title":{"rendered":"Berisha: Merr fund \u00e7do p\u00ebrpjekje p\u00ebr t\u00eb denigruar familjen shqiptare!"},"content":{"rendered":"<p>Kryetari i Partis\u00eb Demokratike, Sali Berisha gjat\u00eb nj\u00eb takimi n\u00eb Vaun e Dej\u00ebs tha se, qytetar\u00ebt shqiptar\u00eb meritojn\u00eb nj\u00eb t\u00eb ardhme m\u00eb t\u00eb ndritur dhe nj\u00eb Shqip\u00ebri q\u00eb t\u00eb ofroj\u00eb mund\u00ebsi dhe dinjitet p\u00ebr t\u00eb gjith\u00eb. Ai theksoi se Shqip\u00ebria ka potenciale t\u00eb jasht\u00ebzakonshme, por \u00ebsht\u00eb n\u00eb duar t\u00eb gabuar q\u00eb po e shkat\u00ebrrojn\u00eb me varf\u00ebri dhe mjerim.<br \/>\n&#8220;T\u00eb dashur qytetar\u00eb dhe qytetare, banore dhe banor\u00eb t\u00eb Bashkis\u00eb s\u00eb Vaut t\u00eb Dej\u00ebs, nj\u00eb mir\u00ebnjohje t\u00eb pakufishme dhe nj\u00eb p\u00ebrulje me nderimin m\u00eb t\u00eb madh para jush p\u00ebr k\u00ebt\u00eb pritje t\u00eb zjarrt\u00eb dhe v\u00ebllaz\u00ebrore.<br \/>\nNj\u00eb p\u00ebrsh\u00ebndetje t\u00eb p\u00ebrzem\u00ebrt dhe p\u00ebrg\u00ebzim p\u00ebr k\u00ebt\u00eb atmosfer\u00eb optimizmi dhe entuziazmi.<br \/>\nAtmosfer\u00eb frym\u00ebzuese q\u00eb keni krijuar, e cila d\u00ebshmon se kjo pranver\u00eb do t\u00eb jet\u00eb pranvera e fitores historike t\u00eb qytetar\u00ebve shqiptar\u00eb.<br \/>\nDo t\u00eb jet\u00eb pranvera e ndryshimit t\u00eb madh.<br \/>\nDo t\u00eb jet\u00eb pranvera n\u00eb t\u00eb cil\u00ebn shqiptar\u00ebt, m\u00eb t\u00eb bashkuar se kurr\u00eb, do ndalin k\u00ebt\u00eb t\u00eb keqe t\u00eb madhe q\u00eb ka pllakosur anek\u00ebnd k\u00ebt\u00eb vend.<br \/>\nK\u00ebt\u00eb t\u00eb keqe, e cila po i p\u00ebrz\u00eb shqiptar\u00ebt m\u00eb shum\u00eb se \u00e7do pushtues.<br \/>\nKjo e keqe q\u00eb po i varf\u00ebron shqiptar\u00ebt n\u00eb m\u00ebnyr\u00eb t\u00eb pam\u00ebshir\u00eb.<br \/>\nKur mendon se 12 vite m\u00eb par\u00eb, shqiptar\u00ebt me mundin, me djers\u00ebn e tyre, dol\u00ebn nga kombi me t\u00eb ardhura m\u00eb t\u00eb ul\u00ebta n\u00eb grupin e vendeve me t\u00eb ardhura t\u00eb mesme t\u00eb larta.<br \/>\nKur arrit\u00ebn pas shekujsh t\u00eb ken\u00eb rrogat m\u00eb t\u00eb larta n\u00eb rajon.<br \/>\nKur n\u00eb Shqip\u00ebri, numri i shqiptar\u00ebve shtohej nga viti n\u00eb vit me gjith\u00eb v\u00ebshtir\u00ebsit\u00eb dhe problemet.<br \/>\nPra, Shqip\u00ebria ishte nj\u00eb vend shprese dhe mund\u00ebsish.<br \/>\nK\u00ebt\u00eb t\u00eb keqe duhet ta ndalojm\u00eb se Shqip\u00ebria ka potenciale t\u00eb jasht\u00ebzakonshme.<br \/>\nJu jeni njer\u00ebz t\u00eb sh\u00ebtitur sot dhe kudo q\u00eb t\u00eb shkoni, kudo q\u00eb t\u00eb shkelni, nuk keni p\u00ebr t\u00eb gjetur m\u00eb tok\u00eb pjellore se kjo tok\u00eb, gjer n\u00eb Velipoj\u00eb, Bushati, Vau i Dej\u00ebs. Nuk ka tok\u00eb m\u00eb t\u00eb bekuar nga Zoti se kjo.<br \/>\nKjo bashki ka potenciale mahnit\u00ebse.<br \/>\nNuk ka fjord q\u00eb mund t\u00eb krahasohet me liqenin e Komanit. Asnj\u00eb!<br \/>\nNga bukurit\u00eb mahnit\u00ebse t\u00eb turizmit shqiptar vitet e fundit dy u b\u00ebn\u00eb m\u00eb t\u00eb famshme n\u00eb bot\u00eb, Ksamili dhe Lumi i Shal\u00ebs.<br \/>\nDo t\u2019u rr\u00ebfej nj\u00eb ndodhi.<br \/>\nGjat\u00eb 12 viteve, rruga Vau i Dej\u00ebs-Koman mbeti si\u00e7 ishte duke u shkat\u00ebrruar \u00e7do vit e m\u00eb shum\u00eb. Nj\u00eb dit\u00eb n\u00eb parlament, deputet\u00ebt e Shkodr\u00ebs ia ngren\u00eb Ram\u00ebs nd\u00ebrtimin e rrug\u00ebs. Aty, n\u00eb p\u00ebrgjigje, ajo q\u00eb un\u00eb e quaj Lubi Balluku, se nuk ka njeri m\u00eb t\u00eb pap\u00ebrmbajtur n\u00eb pla\u00e7kitje, del e tha: Ne investojm\u00eb n\u00eb zona turistike. Nuk kishte injoranc\u00eb m\u00eb t\u00eb madhe, t\u00eb heq\u00ebsh nga lista e zonave turistike liqenin e Vaut t\u00eb Dej\u00ebs, liqenin e Komanit, lumin e Shal\u00ebs, Alpet, jo shqiptar, por nuk jeton as n\u00eb planet. Duhet t\u00eb jesh alien q\u00eb t\u00eb flas\u00ebsh n\u00eb k\u00ebt\u00eb m\u00ebnyr\u00eb. Por kjo ishte gjuha n\u00eb parlamentin shqiptar.<br \/>\nMiqt\u00eb e mi, ndalimi i k\u00ebsaj t\u00eb keqeje \u00ebsht\u00eb mision historik p\u00ebr \u00e7do shqiptar.<br \/>\nNdaj dhe ne k\u00ebt\u00eb vit dalim n\u00eb k\u00ebto zgjedhje para shqiptar\u00ebve me nj\u00eb program, me t\u00eb cilin ne duam t\u00eb nd\u00ebrtojm\u00eb Shqip\u00ebrin\u00eb Madh\u00ebshtore.<br \/>\nShqip\u00ebria Madh\u00ebshtore nuk \u00ebsht\u00eb nj\u00eb fantazi. Jo.<br \/>\nNuk \u00ebsht\u00eb nj\u00eb term absurd, jorealist.<br \/>\nShqip\u00ebria Madh\u00ebshtore n\u00eb t\u00eb v\u00ebrtet\u00eb q\u00ebndron n\u00eb genin e k\u00ebtij vendi. Zoti, natyra e ka b\u00ebr\u00eb k\u00ebt\u00eb vend me pasurit\u00eb m\u00eb t\u00eb m\u00ebdha, me bukurit\u00eb m\u00eb t\u00eb m\u00ebdha, me potencialet m\u00eb madh\u00ebshtore.<br \/>\nPra, ne nuk kemi fantazuar, por kemi vler\u00ebsuar at\u00eb q\u00eb ofron ky vend p\u00ebr t\u2019u ngritur n\u00eb madh\u00ebshtin\u00eb e tij.<br \/>\nKy vend ka pasuri p\u00ebrrallore, n\u00ebntok\u00ebsore dhe mbitok\u00ebsore, ka nj\u00eb tok\u00eb nga m\u00eb pjelloret, ka brigje dhe male fantastike, ka rezerva t\u00eb pafundme n\u00ebntok\u00ebsore, ka naft\u00eb, n\u00eb Shqip\u00ebri rritet \u00e7do gj\u00eb.<br \/>\nAt\u00ebher\u00eb pse ky vend n\u00eb 12 vite largoi 1 milion shqiptar\u00eb vet\u00ebm n\u00eb hap\u00ebsir\u00ebn e BE?<br \/>\nT\u00eb gjith\u00eb u larguan vet\u00ebm p\u00ebr dy arsye. Nuk u larguan se nuk ishin t\u00eb sh\u00ebtitur. U larguan sepse nuk kishin pun\u00eb, u larguan nga varf\u00ebria. U larguan se n\u00eb sofr\u00ebn e tyre nuk mjaftonte ushqimi p\u00ebr t\u00eb gjith\u00eb.<br \/>\nNdaj dhe ne, me programin ton\u00eb kemi vendosur dinjitetin njer\u00ebzor t\u00eb par\u00eb. Njeriu dinjitoz \u00ebsht\u00eb njeriu q\u00eb nuk flet me vete nga varf\u00ebria. Ai q\u00eb flet me vete nga varf\u00ebria, ai \u00ebsht\u00eb i d\u00ebnuar. Ai nuk e meriton kurr\u00eb at\u00eb d\u00ebnim. Ai nuk e ka at\u00eb nga dembelizmi. Jo, ju jeni njer\u00ebz t\u00eb pun\u00ebs.<br \/>\nMendoni p\u00ebr nj\u00eb moment, n\u00eb t\u00eb gjith\u00eb fshatin tuaj, sa jan\u00eb t\u00eb varf\u00ebr q\u00eb nuk punojn\u00eb? Absolutisht nuk jan\u00eb m\u00eb shum\u00eb se 1 n\u00eb 1 mij\u00eb.<br \/>\nT\u00eb tjer\u00ebt jan\u00eb t\u00eb varf\u00ebr se i b\u00ebn regjimi, se i b\u00ebn qeveria, se i shfryt\u00ebzon qeveria, se i braktis qeveria, se nuk i ndihmon qeveria, se vjedh qeveria pasurit\u00eb e tyre.<br \/>\nNuk ka varf\u00ebri se \u00ebsht\u00eb dembel tjetri, varf\u00ebria vjen nga politikat e qeveris\u00eb.<br \/>\nNe kemi vendosur familjen n\u00eb epiqend\u00ebr. Merr fund \u00e7do p\u00ebrpjekje p\u00ebr t\u00eb denigruar familjen shqiptare.<br \/>\nNuk ka dinjitet pa familje dinjitoze.<br \/>\nNuk ka dinjitet njer\u00ebzor pa nj\u00eb familje dinjitoze. Ndaj dhe ne do sanksionojm\u00eb me ligj shenjt\u00ebrin\u00eb e familjes\u201d, u shpreh Berisha.<\/p>\n","protected":false},"excerpt":{"rendered":"<p>Kryetari i Partis\u00eb Demokratike, Sali Berisha gjat\u00eb nj\u00eb takimi n\u00eb Vaun e Dej\u00ebs tha se, qytetar\u00ebt shqiptar\u00eb meritojn\u00eb nj\u00eb t\u00eb ardhme m\u00eb t\u00eb ndritur dhe nj\u00eb Shqip\u00ebri q\u00eb t\u00eb ofroj\u00eb mund\u00ebsi dhe dinjitet p\u00ebr t\u00eb gjith\u00eb. Ai theksoi se Shqip\u00ebria ka potenciale t\u00eb jasht\u00ebzakonshme, por \u00ebsht\u00eb n\u00eb duar t\u00eb gabuar q\u00eb po e shkat\u00ebrrojn\u00eb me &hellip;<\/p>\n","protected":false},"author":4,"featured_media":109575,"comment_status":"closed","ping_status":"closed","sticky":false,"template":"","format":"standard","meta":{"footnotes":""},"categories":[37],"tags":[],"class_list":["post-109574","post","type-post","status-publish","format-standard","has-post-thumbnail","","category-politike"],"_links":{"self":[{"href":"https:\/\/rdnews.al\/index.php\/wp-json\/wp\/v2\/posts\/109574","targetHints":{"allow":["GET"]}}],"collection":[{"href":"https:\/\/rdnews.al\/index.php\/wp-json\/wp\/v2\/posts"}],"about":[{"href":"https:\/\/rdnews.al\/index.php\/wp-json\/wp\/v2\/types\/post"}],"author":[{"embeddable":true,"href":"https:\/\/rdnews.al\/index.php\/wp-json\/wp\/v2\/users\/4"}],"replies":[{"embeddable":true,"href":"https:\/\/rdnews.al\/index.php\/wp-json\/wp\/v2\/comments?post=109574"}],"version-history":[{"count":1,"href":"https:\/\/rdnews.al\/index.php\/wp-json\/wp\/v2\/posts\/109574\/revisions"}],"predecessor-version":[{"id":109576,"href":"https:\/\/rdnews.al\/index.php\/wp-json\/wp\/v2\/posts\/109574\/revisions\/109576"}],"wp:featuredmedia":[{"embeddable":true,"href":"https:\/\/rdnews.al\/index.php\/wp-json\/wp\/v2\/media\/109575"}],"wp:attachment":[{"href":"https:\/\/rdnews.al\/index.php\/wp-json\/wp\/v2\/media?parent=109574"}],"wp:term":[{"taxonomy":"category","embeddable":true,"href":"https:\/\/rdnews.al\/index.php\/wp-json\/wp\/v2\/categories?post=109574"},{"taxonomy":"post_tag","embeddable":true,"href":"https:\/\/rdnews.al\/index.php\/wp-json\/wp\/v2\/tags?post=109574"}],"curies":[{"name":"wp","href":"https:\/\/api.w.org\/{rel}","templated":true}]}}