{"id":109577,"date":"2025-04-05T18:47:38","date_gmt":"2025-04-05T18:47:38","guid":{"rendered":"https:\/\/rdnews.al\/?p=109577"},"modified":"2025-04-05T18:47:38","modified_gmt":"2025-04-05T18:47:38","slug":"berisha-nuk-do-kete-pensionist-qe-te-firmose-pension-nen-200-euro","status":"publish","type":"post","link":"https:\/\/rdnews.al\/index.php\/2025\/04\/05\/berisha-nuk-do-kete-pensionist-qe-te-firmose-pension-nen-200-euro\/","title":{"rendered":"Berisha: Nuk do ket\u00eb pensionist q\u00eb t\u00eb firmos\u00eb pension n\u00ebn 200 euro!"},"content":{"rendered":"<p>Kryetari i Partis\u00eb Demokratike, Sali Berisha n\u00eb kuad\u00ebr t\u00eb fushat\u00ebs p\u00ebr zgjedhjet parlamentare t\u00eb 11 majit ka zhvilluar nj\u00eb takim n\u00eb Vaun e Dej\u00ebs.\u00a0Berisha tha se, brenda 3 muajsh vendosim list\u00ebn e rimbursimeve si n\u00eb Itali.<\/p>\n<p>\u201cForca politike konservatore jan\u00eb forca patriotike. Ato n\u00eb programin e tyre kan\u00eb dashurin\u00eb p\u00ebr atdheun, dashurin\u00eb p\u00ebr vendin.<\/p>\n<p>\u00c7do shqiptar, n\u00ebna n\u00eb djep i k\u00ebndon t\u00eb rritet, t\u00eb b\u00ebhet i famsh\u00ebm p\u00ebr vendin e vet. Ndaj dhe ne do b\u00ebjm\u00eb gjith\u00e7ka q\u00eb \u00e7do shqiptar, \u00ebndrr\u00ebn e tij m\u00eb t\u00eb bukur nga f\u00ebmij\u00ebria gjer n\u00eb rritje, ta nd\u00ebrtoj\u00eb n\u00eb Shqip\u00ebri.<\/p>\n<p>\u00c7far\u00eb ndodhi k\u00ebto vite?<\/p>\n<p>Nuk them kurr\u00eb se n\u00eb vitin 2013 ne ishim t\u00eb m\u00ebk\u00ebmbur. Jo, por ama ishim n\u00eb p\u00ebrmir\u00ebsim t\u00eb vazhduesh\u00ebm.<\/p>\n<p>Rrogat u dyfishuan, pensionet pothuajse u dyfishuan.<\/p>\n<p>U investua shum\u00eb n\u00eb arsim, cil\u00ebsia n\u00eb arsim pati rritje vertikale.<\/p>\n<p>U investua shum\u00eb n\u00eb sh\u00ebndet\u00ebsi, absolutisht nuk ndodhte q\u00eb n\u00eb spitale p\u00ebr s\u00ebmundje serioze t\u00eb mungonin ila\u00e7et.<\/p>\n<p>K\u00ebto vite, nga n\u00eb n\u00eb krye t\u00eb vendeve p\u00ebr rroga dhe pensione, u katandis\u00ebm t\u00eb fundit p\u00ebr rroga dhe pensione.<\/p>\n<p>Malazez\u00ebt q\u00eb ishin nd\u00ebn ne, kan\u00eb pensione tre her\u00eb m\u00eb t\u00eb larta se ne.<\/p>\n<p>Maqedonasit q\u00eb ishin nd\u00ebn ne, kan\u00eb pensione tre her\u00eb m\u00eb t\u00eb larta se ne.<\/p>\n<p>Rumun\u00ebt q\u00eb ishin nd\u00ebn ne, kan\u00eb rroga sot rrog\u00ebn minimale 4 her\u00eb m\u00eb t\u00eb lart\u00eb se ne.<\/p>\n<p>Pse kjo? Jan\u00eb mbledhur gjat\u00eb k\u00ebtyre viteve taksat tuaja, mundi juaj, 67 miliard\u00eb euro. Ku shkuan? \u00c7far\u00eb ndodhi? \u00c7far\u00eb u b\u00eb?<\/p>\n<p>Nuk po hyj n\u00eb t\u00eb gjitha, por po marr vet\u00ebm vitin e fundit, 8 miliard\u00eb euro.<\/p>\n<p>Ne d\u00ebrguam n\u00eb parlament ligjin p\u00ebr minimumin jetik. P\u00ebr t\u2019i dh\u00ebn\u00eb \u00e7do shqiptari nj\u00eb minimum jetik q\u00eb t\u00eb mos jet\u00eb n\u00eb mjerim.<\/p>\n<p>Edi Rama e refuzoi n\u00eb m\u00ebnyr\u00eb kategorike duke e quajtur se kjo krijon humner\u00eb. Dhe n\u00eb buxhetin 8 miliard\u00eb, la 16 milion\u00eb p\u00ebr p\u00ebr 760 mij\u00eb pensionist\u00eb. La shum\u00eb m\u00eb pak se sa lan\u00eb gjerman\u00ebt p\u00ebr 720 mij\u00eb qen sht\u00ebpiak\u00eb, q\u00eb u japin \u00e7do muaj 130 euro n\u00eb muaj p\u00ebr qenin, 120 p\u00ebr macen. Po, kjo \u00ebsht\u00eb e v\u00ebrteta.<\/p>\n<p>Ndaj dhe ne duhet t\u00eb ulemi me \u00e7do qytetar, socialist, demokrat, t\u00eb paparti, \u00e7far\u00ebdo qofshin dhe t\u00eb arsyetojm\u00eb p\u00ebr k\u00ebto.<\/p>\n<p>Un\u00eb jam k\u00ebtu para jush p\u00ebr t\u2019u zotuar se n\u00eb 100 dit\u00ebt e para, minimumi jetik do jet\u00eb nj\u00eb nga aktet m\u00eb t\u00eb para.<\/p>\n<p>Nuk do ket\u00eb pensionist n\u00eb Shqip\u00ebri q\u00eb t\u00eb firmos\u00eb pension n\u00ebn 200 euro. Ky \u00ebsht\u00eb zotimi yn\u00eb dhe ne do e mbajm\u00eb at\u00eb.<\/p>\n<p>Tani, ju e keni v\u00ebn\u00eb re se gazetar\u00ebt m\u00eb pyesin se ku do i marr\u00ebsh k\u00ebto lek\u00eb, si do i gjesh ato lek\u00eb.<\/p>\n<p>Tani u them un\u00eb ju se e konsideroj veten se jap llogari para jush. K\u00ebto fonde b\u00ebjn\u00eb 400 milion\u00eb euro, por po u jap fjal\u00ebn e nderit, q\u00eb edhe 800 milion\u00eb po t\u00eb ishin, do e b\u00ebja k\u00ebt\u00eb gj\u00eb.<\/p>\n<p>Do t\u2019u them nj\u00eb gj\u00eb, do ta b\u00ebja k\u00ebt\u00eb para \u00e7do gj\u00ebje sepse njer\u00ebzit nuk mund t\u00eb rrin\u00eb duke folur me vete p\u00ebr kafshat\u00ebn. Nuk po rrin\u00eb pa mjekuar se nuk marrin dot ila\u00e7et.<\/p>\n<p>Pra, kjo \u00ebsht\u00eb p\u00ebrpar\u00ebsi absolute.<\/p>\n<p>E thash\u00eb edhe nj\u00ebher\u00eb, edhe 800 milion\u00eb po t\u00eb shkonin, do ndaheshin aty. Kur ndahej kjo 8 miliard\u00eb, 800 milion\u00eb do ndaheshin p\u00ebr k\u00ebt\u00eb. Duhet t\u00eb jemi t\u00eb drejt\u00eb se ka nj\u00eb padrejt\u00ebsi ekstreme ndaj tyre.<\/p>\n<p>Jo vet\u00ebm kaq, kjo shtres\u00eb e vuajtur, kjo shtres\u00eb q\u00eb ka shkrir\u00eb jet\u00ebn e tyre, do ket\u00eb mb\u00ebshtetje t\u00eb tjera t\u00eb fuqishme. Do ket\u00eb kart\u00ebn e konsumatorit. Nuk do e marrin ushqimin nj\u00eblloj si rrog\u00ebtar\u00ebt e tjer\u00eb. Ata do e marrin pa TVSH. Parat\u00eb do u kthehen dhe k\u00ebto para jan\u00eb t\u00eb llogaritura 450 euro.<\/p>\n<p>Ila\u00e7et, e thash\u00eb edhe n\u00eb Mal\u00ebsi t\u00eb Madhe, e them edhe k\u00ebtu, n\u00eb m\u00ebnyr\u00eb absolute brenda 3 muajve, qeveria vendos t\u00eb miratoj\u00eb n\u00eb Shqip\u00ebri, list\u00ebn e rimbursimit t\u00eb republik\u00ebs italiane.<\/p>\n<p>Ne nuk u japim dot pensionist\u00ebve, pensionet e italian\u00ebve. Ne nuk u japim dot rrog\u00ebtar\u00ebve, rrogat e italian\u00ebve. Ama ila\u00e7et do ua japim. Le t\u00eb kushtojn\u00eb, por m\u00eb shum\u00eb kushton sh\u00ebndeti i njer\u00ebzve, m\u00eb shum\u00eb kushton jeta e njer\u00ebzve\u201d, u shpreh Berisha.<\/p>\n","protected":false},"excerpt":{"rendered":"<p>Kryetari i Partis\u00eb Demokratike, Sali Berisha n\u00eb kuad\u00ebr t\u00eb fushat\u00ebs p\u00ebr zgjedhjet parlamentare t\u00eb 11 majit ka zhvilluar nj\u00eb takim n\u00eb Vaun e Dej\u00ebs.\u00a0Berisha tha se, brenda 3 muajsh vendosim list\u00ebn e rimbursimeve si n\u00eb Itali. \u201cForca politike konservatore jan\u00eb forca patriotike. Ato n\u00eb programin e tyre kan\u00eb dashurin\u00eb p\u00ebr atdheun, dashurin\u00eb p\u00ebr vendin. \u00c7do &hellip;<\/p>\n","protected":false},"author":4,"featured_media":109578,"comment_status":"closed","ping_status":"closed","sticky":false,"template":"","format":"standard","meta":{"footnotes":""},"categories":[37],"tags":[],"class_list":["post-109577","post","type-post","status-publish","format-standard","has-post-thumbnail","","category-politike"],"_links":{"self":[{"href":"https:\/\/rdnews.al\/index.php\/wp-json\/wp\/v2\/posts\/109577","targetHints":{"allow":["GET"]}}],"collection":[{"href":"https:\/\/rdnews.al\/index.php\/wp-json\/wp\/v2\/posts"}],"about":[{"href":"https:\/\/rdnews.al\/index.php\/wp-json\/wp\/v2\/types\/post"}],"author":[{"embeddable":true,"href":"https:\/\/rdnews.al\/index.php\/wp-json\/wp\/v2\/users\/4"}],"replies":[{"embeddable":true,"href":"https:\/\/rdnews.al\/index.php\/wp-json\/wp\/v2\/comments?post=109577"}],"version-history":[{"count":1,"href":"https:\/\/rdnews.al\/index.php\/wp-json\/wp\/v2\/posts\/109577\/revisions"}],"predecessor-version":[{"id":109579,"href":"https:\/\/rdnews.al\/index.php\/wp-json\/wp\/v2\/posts\/109577\/revisions\/109579"}],"wp:featuredmedia":[{"embeddable":true,"href":"https:\/\/rdnews.al\/index.php\/wp-json\/wp\/v2\/media\/109578"}],"wp:attachment":[{"href":"https:\/\/rdnews.al\/index.php\/wp-json\/wp\/v2\/media?parent=109577"}],"wp:term":[{"taxonomy":"category","embeddable":true,"href":"https:\/\/rdnews.al\/index.php\/wp-json\/wp\/v2\/categories?post=109577"},{"taxonomy":"post_tag","embeddable":true,"href":"https:\/\/rdnews.al\/index.php\/wp-json\/wp\/v2\/tags?post=109577"}],"curies":[{"name":"wp","href":"https:\/\/api.w.org\/{rel}","templated":true}]}}