{"id":109580,"date":"2025-04-05T18:54:07","date_gmt":"2025-04-05T18:54:07","guid":{"rendered":"https:\/\/rdnews.al\/?p=109580"},"modified":"2025-04-05T18:54:07","modified_gmt":"2025-04-05T18:54:07","slug":"berisha-i-premtoj-cdo-pronari-se-4-vjecari-do-i-jape-zgjidhje-perfundimtare-problemit-te-pronesise","status":"publish","type":"post","link":"https:\/\/rdnews.al\/index.php\/2025\/04\/05\/berisha-i-premtoj-cdo-pronari-se-4-vjecari-do-i-jape-zgjidhje-perfundimtare-problemit-te-pronesise\/","title":{"rendered":"Berisha: I premtoj \u00e7do pronari se 4-vje\u00e7ari do i jap\u00eb zgjidhje p\u00ebrfundimtare problemit t\u00eb pron\u00ebsis\u00eb!"},"content":{"rendered":"<p>Lideri i opozit\u00ebs, Sali Berisha ka prezantuar programin e PD gjat\u00eb nj\u00eb takimi n\u00eb Vaun e Dej\u00ebs. Berisha tha se, \u00e7do fermer do mb\u00ebshtetet me subvencione nga qeveria p\u00ebr \u00e7do nj\u00ebsi prodhimi, p\u00ebr \u00e7do fidan, p\u00ebr \u00e7do kok\u00eb bag\u00ebti t\u00eb rritur. Ai i premtoi \u00e7do pronari se 4-vje\u00e7ari do i jap\u00eb zgjidhje p\u00ebrfundimtare problemit t\u00eb pron\u00ebsis\u00eb n\u00eb Shqip\u00ebri.<\/p>\n<p>\u201cThash\u00eb un\u00eb 400 milion\u00eb, por sa kushtoi djeg\u00ebsi i Tiran\u00ebs q\u00eb nuk ka nj\u00eb tull\u00eb, dhe kan\u00eb p\u00ebrvet\u00ebsuar 130 milion\u00eb euro? Kush i p\u00ebrvet\u00ebsoi?<\/p>\n<p>Lubi Balluku kishte detyr\u00eb t\u00eb kontrollonte vendosjen e \u00e7do tulle. Nuk ka b\u00ebr\u00eb asnj\u00eb raport se e dinte se parat\u00eb i merrte Edi Rama. Asnj\u00eb raport!<\/p>\n<p>Edi Rama me avion personal, dhe thoshte se vet\u00ebm ne dhe Kosova nuk kemi avion personal. Po si mund t\u00eb kesh avion personal kur shqiptar\u00ebt i jan\u00eb kthyer parmend\u00ebs. Le t\u00eb udh\u00ebtoj\u00eb si shum\u00eb kryeministra n\u00eb bot\u00eb me linjat tregtare. 21 milion\u00eb euro.<\/p>\n<p>5 milion\u00eb euro kopshti n\u00eb oborrin e kryeministris\u00eb se do ai, nj\u00eb pseudoartist, nj\u00eb zhgarravit\u00ebs, do t\u00eb k\u00ebnaq\u00eb syt\u00eb. Ndan parat\u00eb, asgj\u00eb tjet\u00ebr.<\/p>\n<p>Si mund t\u00eb blej un\u00eb nj\u00eb instalacion n\u00ebn zyrat e mia 5 milion\u00eb euro dhe t\u00eb l\u00eb t\u00eb tjer\u00ebt t\u00eb num\u00ebrojn\u00eb kafshat\u00ebn. Kjo \u00ebsht\u00eb 100 p\u00ebrqind e v\u00ebrtet\u00eb.<\/p>\n<p>Ndaj dhe kjo paket\u00eb e dhembshuris\u00eb \u00ebsht\u00eb nj\u00eb paket\u00eb p\u00ebr drejt\u00ebsi sociale.<\/p>\n<p>\u00cbsht\u00eb nj\u00eb paket\u00eb p\u00ebr t\u2019u dh\u00ebn\u00eb dinjitetin dhe p\u00ebr t\u00eb d\u00ebshmuar respektin ndaj njer\u00ebzve dhe nj\u00eb detyrim.<\/p>\n<p>Ky \u00ebsht\u00eb vet\u00ebm hapi i par\u00eb.<\/p>\n<p>Iu garantoj se Made in Albania \u00ebsht\u00eb dhe do jet\u00eb krenaria jon\u00eb komb\u00ebtare.<\/p>\n<p>Kjo bashki n\u00eb territorin e saj ka nj\u00eb potencial prodhues t\u00eb jasht\u00ebzakonsh\u00ebm.<\/p>\n<p>Ka qen\u00eb kryetar komune Zef Hila i Bushatit. Fermer\u00ebt krijuan nj\u00eb koperativ\u00eb. 30 mij\u00eb kuintal shalqi prodhonin s\u00eb bashku.<\/p>\n<p>Dhe e pushtonin t\u00eb par\u00ebt tregun e Kosov\u00ebs. Un\u00eb p\u00ebrmenda nj\u00eb asortiment, nj\u00eb prodhim. Po k\u00ebtu prodhohet \u00e7do gj\u00eb.<\/p>\n<p>Ka rezerva minerale nd\u00ebr m\u00eb t\u00eb r\u00ebnd\u00ebsishmet. Ka potencialin turistik t\u00eb jasht\u00ebzakonsh\u00ebm. Ka rezervat ujore m\u00eb t\u00eb m\u00ebdha se \u00e7od bashki tjet\u00ebr. Dhe banor\u00ebt ikin, ikin, ikin.<\/p>\n<p>Kjo merr fund.<\/p>\n<p>\u00c7do fermer do mb\u00ebshtetet me subvencione nga qeveria p\u00ebr \u00e7do nj\u00ebsi prodhimi, p\u00ebr \u00e7do fidan, p\u00ebr \u00e7do kok\u00eb bag\u00ebti t\u00eb rritur.<\/p>\n<p>\u00c7do fermer do mb\u00ebshtetet me kredi t\u00eb buta. 80 p\u00ebrqind t\u00eb interesit do e paguaj\u00eb qeveria.<\/p>\n<p>\u00c7do fermer do mb\u00ebshtetet me fondin e garancive t\u00eb prodhimit.<\/p>\n<p>\u00c7do fermer do ket\u00eb falas k\u00ebshillimet.<\/p>\n<p>\u00c7do fermer do p\u00ebrfitoj\u00eb TVSH-n\u00eb, sepse TVSH nuk do jet\u00eb e nj\u00ebanshme, por do jet\u00eb simetrike, si n\u00eb blerje, edhe n\u00eb shitje. K\u00ebshtu q\u00eb p\u00ebrpunuesit nuk do mund t\u00eb preferojn\u00eb m\u00eb prodhimet e importit, por do detyrohen t\u00eb marrin prodhimet tuaja dhe parat\u00eb do u kthehen ju.<\/p>\n<p>Do investohet intensivisht n\u00eb sistemet e vaditjes dhe kullimit.<\/p>\n<p>Do b\u00ebjm\u00eb gjith\u00e7ka p\u00ebr suksesin e biznesit. Do vendosim taks\u00ebn 10 p\u00ebrqind, taksa m\u00eb e drejt\u00eb e shekujve dhe mij\u00ebvje\u00e7ar\u00ebve.<\/p>\n<p>Do pjes\u00ebtojm\u00eb me 3 \u00e7mimin e energjis\u00eb. Sepse energjia q\u00eb prodhohet nga ju, gjer n\u00eb Fierz\u00eb, ka nj\u00eb kosto q\u00eb b\u00ebn plot\u00ebsisht t\u00eb mundshme ta shesim me 6 lek\u00eb dhe del me fitim p\u00ebrs\u00ebri.<\/p>\n<p>Isha n\u00eb treg n\u00eb Tiran\u00eb, \u00e7far\u00eb m\u00eb than\u00eb, ne e kishim taks\u00ebn 120 lek\u00eb, tani na e kan\u00eb b\u00ebr\u00eb 1500 lek\u00eb. Shteti i merr biznesit pse ka z\u00ebn\u00eb 5 metra pllaka,\u00a0 1500 lek\u00eb metrin katror. Ajo do zbres\u00eb aty ku ishte, 120 lek\u00eb.<\/p>\n<p>Bashkit\u00eb u v\u00ebrsul\u00ebn n\u00eb verb\u00ebri me taksa se si t\u2019i falimentojn\u00eb.<\/p>\n<p>Taksat q\u00eb v\u00ebn\u00eb bashkit\u00eb arrijn\u00eb n\u00eb 8-10 p\u00ebrqind t\u00eb xhiros.<\/p>\n<p>Kufirin tek thana. Kurr\u00eb mbi 1 p\u00ebrqind t\u00eb xhiros.<\/p>\n<p>Se \u00e7far\u00eb b\u00ebjn\u00eb ata, pun\u00ebsojn\u00eb patronazhist\u00eb, militant\u00eb, t\u00eb pakt\u00ebn 30-40 p\u00ebrqind i kan\u00eb jasht\u00eb, dhe ndajn\u00eb rrogat mes tyre.<\/p>\n<p>Mbi nj\u00eb e treta e punonj\u00ebsve nuk ekzistojn\u00eb. Merr fund.<\/p>\n<p>Ja pra ku gjenden parat\u00eb, se kan\u00eb hallin k\u00ebta se ku gjenden parat\u00eb.<\/p>\n<p>Ky grup i pam\u00ebshir\u00eb k\u00ebrkon t\u00eb rr\u00ebmbej\u00eb gjith\u00e7ka n\u00eb duart e tyre. Jeton n\u00eb nj\u00eb luks t\u00eb shfrenuar. Ndajn\u00eb pronat.<\/p>\n<p>Sot n\u00eb m\u00ebngjes n\u00eb treg, ishte shum\u00eb prek\u00ebse, takoj nj\u00eb zon\u00eb, q\u00eb kishte qen\u00eb komisioneve n\u00eb zon\u00ebn ku mund\u00ebm Ramiz Alin\u00eb, kishte firmosur pra disfat\u00ebn e diktatorit t\u00eb fundit. E p\u00ebrqafova.<\/p>\n<p>P\u00ebrs\u00ebri m\u00eb tha, nuk kam marr\u00eb pronat.<\/p>\n<p>Un\u00eb i premtova asaj dhe i premtoj \u00e7do pronari, se n\u00eb m\u00ebnyr\u00eb absolute, 4-vje\u00e7ari do i jap\u00eb zgjidhje p\u00ebrfundimtare problemit t\u00eb pron\u00ebsis\u00eb n\u00eb Shqip\u00ebri.<\/p>\n<p>Sikund\u00ebr do i japim p\u00ebrgjigje p\u00ebrfundimtare d\u00ebmshp\u00ebrblimit t\u00eb t\u00eb p\u00ebrndjekurve politik\u00eb n\u00eb total dhe p\u00ebrfundimisht\u201d, u shpreh Berisha.<\/p>\n","protected":false},"excerpt":{"rendered":"<p>Lideri i opozit\u00ebs, Sali Berisha ka prezantuar programin e PD gjat\u00eb nj\u00eb takimi n\u00eb Vaun e Dej\u00ebs. Berisha tha se, \u00e7do fermer do mb\u00ebshtetet me subvencione nga qeveria p\u00ebr \u00e7do nj\u00ebsi prodhimi, p\u00ebr \u00e7do fidan, p\u00ebr \u00e7do kok\u00eb bag\u00ebti t\u00eb rritur. Ai i premtoi \u00e7do pronari se 4-vje\u00e7ari do i jap\u00eb zgjidhje p\u00ebrfundimtare problemit t\u00eb &hellip;<\/p>\n","protected":false},"author":4,"featured_media":109581,"comment_status":"closed","ping_status":"closed","sticky":false,"template":"","format":"standard","meta":{"footnotes":""},"categories":[37],"tags":[],"class_list":["post-109580","post","type-post","status-publish","format-standard","has-post-thumbnail","","category-politike"],"_links":{"self":[{"href":"https:\/\/rdnews.al\/index.php\/wp-json\/wp\/v2\/posts\/109580","targetHints":{"allow":["GET"]}}],"collection":[{"href":"https:\/\/rdnews.al\/index.php\/wp-json\/wp\/v2\/posts"}],"about":[{"href":"https:\/\/rdnews.al\/index.php\/wp-json\/wp\/v2\/types\/post"}],"author":[{"embeddable":true,"href":"https:\/\/rdnews.al\/index.php\/wp-json\/wp\/v2\/users\/4"}],"replies":[{"embeddable":true,"href":"https:\/\/rdnews.al\/index.php\/wp-json\/wp\/v2\/comments?post=109580"}],"version-history":[{"count":1,"href":"https:\/\/rdnews.al\/index.php\/wp-json\/wp\/v2\/posts\/109580\/revisions"}],"predecessor-version":[{"id":109582,"href":"https:\/\/rdnews.al\/index.php\/wp-json\/wp\/v2\/posts\/109580\/revisions\/109582"}],"wp:featuredmedia":[{"embeddable":true,"href":"https:\/\/rdnews.al\/index.php\/wp-json\/wp\/v2\/media\/109581"}],"wp:attachment":[{"href":"https:\/\/rdnews.al\/index.php\/wp-json\/wp\/v2\/media?parent=109580"}],"wp:term":[{"taxonomy":"category","embeddable":true,"href":"https:\/\/rdnews.al\/index.php\/wp-json\/wp\/v2\/categories?post=109580"},{"taxonomy":"post_tag","embeddable":true,"href":"https:\/\/rdnews.al\/index.php\/wp-json\/wp\/v2\/tags?post=109580"}],"curies":[{"name":"wp","href":"https:\/\/api.w.org\/{rel}","templated":true}]}}