{"id":109583,"date":"2025-04-05T19:21:02","date_gmt":"2025-04-05T19:21:02","guid":{"rendered":"https:\/\/rdnews.al\/?p=109583"},"modified":"2025-04-05T20:07:38","modified_gmt":"2025-04-05T20:07:38","slug":"berisha-nga-vau-i-dejes-mos-votoni-per-pasurimin-e-tom-doshitt-te-gjitha-parate-ai-i-ndan-me-edi-ramen","status":"publish","type":"post","link":"https:\/\/rdnews.al\/index.php\/2025\/04\/05\/berisha-nga-vau-i-dejes-mos-votoni-per-pasurimin-e-tom-doshitt-te-gjitha-parate-ai-i-ndan-me-edi-ramen\/","title":{"rendered":"Berisha nga Vau i Dej\u00ebs: Mos votoni p\u00ebr pasurimin e Tom Doshit, t\u00eb gjitha parat\u00eb ai i ndan me Edi Ram\u00ebn!"},"content":{"rendered":"<p>Kryetari i PD, Sali Berisha iu drejtua banorwve tw Vaut tw Dejes; mos votoni p\u00ebr pasurimin e Tom Doshit se t\u00eb gjitha parat\u00eb i ndan me Edi Ram\u00ebn dhe nuk ka b\u00ebr\u00eb asgj\u00eb p\u00ebr ju.<\/p>\n<p>\u201cPo, ne do e pastrojm\u00eb sht\u00ebpin\u00eb. Nuk mund t\u00eb mos pastrojm\u00eb ne sht\u00ebpin\u00eb nga ky grup njer\u00ebzish q\u00eb u l\u00ebshuan pas pasurive t\u00eb shqiptar\u00ebve n\u00eb m\u00ebnyr\u00ebn m\u00eb t\u00eb pap\u00ebrmbajtur.<\/p>\n<p>T\u00eb cil\u00ebt kan\u00eb zhdukur miliarda euro.<\/p>\n<p>A e d\u00ebgjuat t\u00eb fundit ju? Z\u00ebvend\u00ebskryeministrja Lubi Balluku shpenzon p\u00ebr larjen e makin\u00ebs s\u00eb saj 10 mij\u00eb euro n\u00eb muaj.<\/p>\n<p>Iu garantoj q\u00eb as sulltanesha e sulltanit t\u00eb Bruneit nuk i shpenzon kaq.<\/p>\n<p>Po si mundet nj\u00eb zyrtare, e njer\u00ebzve q\u00eb marrin 60-70 euro pension, t\u00eb imagjinoj\u00eb&#8230; po i vjedh ato se k\u00ebta jan\u00eb hajdut\u00eb xhepash, kjo i ndan me lavazhin se nuk arrij ta kuptoj kurr\u00eb.<\/p>\n<p>Fermer\u00ebt i garantoj se nafta do t\u2019u jepet me \u00e7mim simbolik. I keni par\u00eb k\u00ebto jahtet e miliarder\u00ebve q\u00eb vijn\u00eb n\u00eb Durr\u00ebs dhe Sarand\u00eb. Vijn\u00eb dhe marrin naft\u00eb me 50 lek\u00eb litrin. I shtrojn\u00eb nj\u00eb drek\u00eb kryeministrit dhe kryeministri thot\u00eb se Shqip\u00ebria po b\u00ebhet e famshe se po vijn\u00eb. Po n\u00eb qoft\u00eb se vijn\u00eb, mir\u00eb se t\u00eb vijn\u00eb, por naft\u00eb falas nuk u japim dot.<\/p>\n<p>Vet\u00ebm naft\u00ebn e jahteve e miliarder\u00ebve n\u00eb brigjet tona do t\u00eb mjaftonte p\u00ebr t\u00eb gjith\u00eb naft\u00ebn e fermer\u00ebve shqiptar\u00eb.<\/p>\n<p>Ndaj dhe garantoj se nafta do jet\u00eb p\u00ebr fermer\u00ebt me \u00e7mimin m\u00eb simbolik.<\/p>\n<p>P\u00ebr shqiptar\u00ebt do ulet n\u00eb nivelin e \u00e7mimit n\u00eb Kosov\u00eb dhe Maqedoni.<\/p>\n<p>\u00c7do taks\u00eb \u00ebsht\u00eb mbi ju, mbi xhepat tuaja, mbi ekonomin\u00eb tuaj, mbi t\u00eb ardhurat tuaja.<\/p>\n<p>T\u00eb dashur miq, 35 dit\u00eb jan\u00eb.<\/p>\n<p>Kudo ka nj\u00eb entuziaz\u00ebm, ka nj\u00eb optimiz\u00ebm. Nj\u00eb pranver\u00eb e v\u00ebrtet\u00eb e demokracis\u00eb kjo.<\/p>\n<p>Kam udh\u00ebtuar edhe jasht\u00eb vendit, kam takuar diaspor\u00ebn, kam takuar emigrant\u00ebt.<\/p>\n<p>Ka nj\u00eb entuziaz\u00ebm dhe vullnet t\u00eb hekurt p\u00ebr t\u00eb ndaluar k\u00ebt\u00eb t\u00eb keqe dhe un\u00eb me t\u00eb drejt\u00eb e kam quajtur viti i diaspor\u00ebs.<\/p>\n<p>K\u00ebshtu q\u00eb u ftoj t\u00eb b\u00ebjm\u00eb gjith\u00e7ka q\u00eb \u00e7do familjar i yn\u00eb t\u00eb jet\u00eb prezent, me regjistrim ose direkt, m\u00eb 11 maj p\u00ebr Shqip\u00ebrin\u00eb tjet\u00ebr, p\u00ebr Shqip\u00ebrin\u00eb e \u00ebndrrave t\u00eb t\u00eb rinjve shqiptar\u00eb, p\u00ebr Shqip\u00ebrin\u00eb Madh\u00ebshtore.<\/p>\n<p>I them k\u00ebtu para jush Edi Ram\u00ebs: Dit\u00ebt e tua kan\u00eb mbaruar.<\/p>\n<p>B\u00ebre gjith\u00e7ka, tejkalove \u00e7do lloj norme, \u00e7do lloj ligji, d\u00ebshmove se je nj\u00eb shpirt satan si i ati i tij q\u00eb firmoste varjen e njer\u00ebzve. B\u00ebre gjith\u00e7ka p\u00ebr nj\u00eb Shqip\u00ebri pa opozit\u00eb.<\/p>\n<p>I shnd\u00ebrrove pasurit\u00eb e k\u00ebtij vendi n\u00eb pla\u00e7k\u00eb dhe i p\u00ebrzure f\u00ebmij\u00ebt e Shqip\u00ebris\u00eb nga Shqip\u00ebria.<\/p>\n<p>I mbajte pensionet m\u00eb t\u00eb ul\u00ebta dhe b\u00ebre nj\u00eb t\u00eb tret\u00ebn e kombit t\u00eb flas\u00eb me vete nga varf\u00ebria. Nuk ka gj\u00eb n\u00eb bot\u00eb q\u00eb t\u00eb shp\u00ebton.<\/p>\n<p>Ke tejkaluar \u00e7do lloj&#8230;<\/p>\n<p>Prandaj as Bajr\u00ebt, as \u00c7el\u00ebt, as Troplin\u00ebt dhe kush n\u00eb bot\u00eb nuk t\u00eb shp\u00ebton ty.<\/p>\n<p>K\u00ebtu \u00ebsht\u00eb PD, \u00ebsht\u00eb edhe kandidati apo kandidat\u00ebt e Tom\u00ebs.<\/p>\n<p>Tani, iu b\u00ebj thirrje banor\u00ebve t\u00eb Trushit, fshatit t\u00eb Tom\u00ebs.<\/p>\n<p>Toma, i cili ka pothuajse 20 vjet si argat i Edi Ram\u00ebs, \u00e7far\u00eb b\u00ebri p\u00ebr ju o banor\u00eb t\u00eb Trushit p\u00ebrve\u00e7se nj\u00eb rrugice, edhe at\u00eb p\u00ebrmes bashkis\u00eb.<\/p>\n<p>Pra, asnj\u00eb kontribut.<\/p>\n<p>Bleu nj\u00eb parti. Po a voton kush p\u00ebr parti t\u00eb bler\u00eb. A votohet p\u00ebr parti t\u00eb bler\u00eb o miq? Po kurr\u00eb o miq. Po n\u00eb qoft\u00eb se ka gj\u00eb t\u00eb shtir\u00eb, ajo \u00ebsht\u00eb nj\u00eb parti e bler\u00eb.<\/p>\n<p>Pse i them k\u00ebto? I them k\u00ebto se \u00e7do vot\u00eb p\u00ebr Tom\u00ebn \u00ebsht\u00eb p\u00ebr pasurimin e Tom\u00ebs.<\/p>\n<p>Tani ju nuk keni borxh, nuk kan\u00eb borxh banor\u00ebt e k\u00ebsaj bashkie, as t\u00eb Shkodr\u00ebs, t\u00eb votojn\u00eb p\u00ebr pasurimin e Tom Doshit.<\/p>\n<p>A e dini ju se ai fiton 3 mij\u00eb tendera n\u00eb vit nga Edi Rama dhe bashk\u00eb me Vilma Nushin me ila\u00e7et e tyre t\u00eb skaduara, q\u00ebndrojn\u00eb n\u00eb themel t\u00eb gj\u00ebm\u00ebs s\u00eb shqiptar\u00ebve q\u00eb nuk gjejn\u00eb derman nga ila\u00e7et q\u00eb marrin se i kan\u00eb pa efekte.<\/p>\n<p>Ndaj dhe u b\u00ebj thirrje, njer\u00ebz t\u00eb men\u00e7ur, njer\u00ebz t\u00eb mir\u00eb, votoni p\u00ebr veten tuaj dhe jo p\u00ebr pasurimin e Tom Doshit se t\u00eb gjitha parat\u00eb i ndan me Edi Ram\u00ebn dhe nuk ka b\u00ebr\u00eb asnj\u00eb gj\u00eb as p\u00ebr Trushin, as p\u00ebr Vaun e Dej\u00ebs, p\u00ebrve\u00e7se p\u00ebr veten e tij\u201d, u shpreh Berisha.<\/p>\n","protected":false},"excerpt":{"rendered":"<p>Kryetari i PD, Sali Berisha iu drejtua banorwve tw Vaut tw Dejes; mos votoni p\u00ebr pasurimin e Tom Doshit se t\u00eb gjitha parat\u00eb i ndan me Edi Ram\u00ebn dhe nuk ka b\u00ebr\u00eb asgj\u00eb p\u00ebr ju. \u201cPo, ne do e pastrojm\u00eb sht\u00ebpin\u00eb. Nuk mund t\u00eb mos pastrojm\u00eb ne sht\u00ebpin\u00eb nga ky grup njer\u00ebzish q\u00eb u l\u00ebshuan &hellip;<\/p>\n","protected":false},"author":4,"featured_media":109584,"comment_status":"closed","ping_status":"closed","sticky":false,"template":"","format":"standard","meta":{"footnotes":""},"categories":[37],"tags":[],"class_list":["post-109583","post","type-post","status-publish","format-standard","has-post-thumbnail","","category-politike"],"_links":{"self":[{"href":"https:\/\/rdnews.al\/index.php\/wp-json\/wp\/v2\/posts\/109583","targetHints":{"allow":["GET"]}}],"collection":[{"href":"https:\/\/rdnews.al\/index.php\/wp-json\/wp\/v2\/posts"}],"about":[{"href":"https:\/\/rdnews.al\/index.php\/wp-json\/wp\/v2\/types\/post"}],"author":[{"embeddable":true,"href":"https:\/\/rdnews.al\/index.php\/wp-json\/wp\/v2\/users\/4"}],"replies":[{"embeddable":true,"href":"https:\/\/rdnews.al\/index.php\/wp-json\/wp\/v2\/comments?post=109583"}],"version-history":[{"count":2,"href":"https:\/\/rdnews.al\/index.php\/wp-json\/wp\/v2\/posts\/109583\/revisions"}],"predecessor-version":[{"id":109594,"href":"https:\/\/rdnews.al\/index.php\/wp-json\/wp\/v2\/posts\/109583\/revisions\/109594"}],"wp:featuredmedia":[{"embeddable":true,"href":"https:\/\/rdnews.al\/index.php\/wp-json\/wp\/v2\/media\/109584"}],"wp:attachment":[{"href":"https:\/\/rdnews.al\/index.php\/wp-json\/wp\/v2\/media?parent=109583"}],"wp:term":[{"taxonomy":"category","embeddable":true,"href":"https:\/\/rdnews.al\/index.php\/wp-json\/wp\/v2\/categories?post=109583"},{"taxonomy":"post_tag","embeddable":true,"href":"https:\/\/rdnews.al\/index.php\/wp-json\/wp\/v2\/tags?post=109583"}],"curies":[{"name":"wp","href":"https:\/\/api.w.org\/{rel}","templated":true}]}}