{"id":109586,"date":"2025-04-05T19:24:51","date_gmt":"2025-04-05T19:24:51","guid":{"rendered":"https:\/\/rdnews.al\/?p=109586"},"modified":"2025-04-05T19:24:51","modified_gmt":"2025-04-05T19:24:51","slug":"berisha-fton-serish-ramen-ne-debat-une-nuk-jam-ne-politike-per-interesa-pasurie","status":"publish","type":"post","link":"https:\/\/rdnews.al\/index.php\/2025\/04\/05\/berisha-fton-serish-ramen-ne-debat-une-nuk-jam-ne-politike-per-interesa-pasurie\/","title":{"rendered":"Berisha fton s\u00ebrish Ram\u00ebn n\u00eb debat: Un\u00eb nuk jam n\u00eb politik\u00eb p\u00ebr interesa pasurie!"},"content":{"rendered":"<p>Kryetari i PD, Sali Berisha ka p\u00ebrs\u00ebritur nga Vau i Dej\u00ebs s\u00ebrish ftes\u00ebn p\u00ebr debat me kruen e PS Edi Rama. Berisha tha se, q\u00ebllimi im i vet\u00ebm \u00ebsht\u00eb Shqip\u00ebria Madh\u00ebshtore.<\/p>\n<p><strong>Berisha:\u00a0<\/strong>S\u00eb fundmi miq, Edi Rama kontrollon t\u00eb gjitha mjetet e propagand\u00ebs.<\/p>\n<p>Kat\u00ebr mediat i ka korruptuar me leje nd\u00ebrtimi, i ka korruptuar n\u00eb m\u00ebnyra t\u00eb ndryshme.<\/p>\n<p>E thash\u00eb edhe m\u00eb sip\u00ebr, e them edhe k\u00ebtu, Edi Rama, ke 28 vite n\u00eb pushtet.<\/p>\n<p>Pas 28 viteve n\u00eb pushtet, je me saraje me themele m\u00eb t\u00eb gjata se Enver Hoxha.<\/p>\n<p>Ai ka 720 metra themelet n\u00eb sarajet e Surrelit, Hoxha i kishte 410 metra.<\/p>\n<p>Enver Hoxha kishte nj\u00eb kopsht 2 mij\u00eb met\u00ebr katror\u00eb, Edi Rama ka nj\u00eb kopsht 8300 metra katror\u00eb.<\/p>\n<p>Un\u00eb u garantoj ju, un\u00eb kam nj\u00eb apartament 40 metra m\u00eb t\u00eb madh se at\u00eb q\u00eb kisha n\u00eb diktatur\u00eb.<\/p>\n<p>Por, un\u00eb nuk mund t\u00eb kisha m\u00eb shum\u00eb pa marr\u00eb kredi.<\/p>\n<p>Dhe kredi nuk doja t\u00eb merrja. Nuk \u00ebsht\u00eb se kjo rroga mjafton t\u00eb nd\u00ebrtosh saraje, p\u00ebr t\u00eb mos th\u00ebn\u00eb pallatin n\u00eb paj\u00eb. Mori zonj\u00eb me pallat pes\u00ebkat\u00ebsh pa asnj\u00eb fatur\u00eb.<\/p>\n<p>Edi Rama, ke qeverisur 12 vite, kam qen\u00eb kryeminist\u00ebr 8 vite. n\u00eb ato 8 vite, shqiptar\u00ebt l\u00ebviz\u00ebn n\u00eb gjith\u00eb Europ\u00ebn pa viza dhe kjo ishte arritja e jet\u00ebs sepse tregu i vizave ishte tregu m\u00eb i kushtuesh\u00ebm.<\/p>\n<p>N\u00eb ato 8 vite shqiptar\u00ebt dyfishuan rroga dhe pensione. Ku jan\u00eb sot pas 12 vitesh?<\/p>\n<p>N\u00eb ato 8 vite Shqip\u00ebria u an\u00ebtar\u00ebsua n\u00eb NATO.<\/p>\n<p>N\u00eb ato 8 vite u nd\u00ebrtua TAP-i. TAP \u00ebsht\u00eb nj\u00eb fat i bardh\u00eb p\u00ebr \u00e7do shqiptar sepse kontrata parashikon gazifikimin e plot\u00eb t\u00eb Shqip\u00ebris\u00eb.<\/p>\n<p>Nuk kan\u00eb investuar nj\u00eb qindark\u00eb. Ne do gazifikojm\u00eb Shqip\u00ebrin\u00eb dhe vet\u00ebm me gazin do p\u00ebrmir\u00ebsojm\u00eb kushtet e jet\u00ebs s\u00eb shqiptar\u00ebve.<\/p>\n<p>\u00c7far\u00eb ka b\u00ebr\u00eb ai 12 vite? Ka rr\u00ebnuar shkollat, ka rr\u00ebnuar spitalet, t\u00eb s\u00ebmur\u00ebt vdesin jo nga s\u00ebmundja, por nga mungesa e mjekimit. Ka zhdukur miliarda me pasurit\u00eb e tij.<\/p>\n<p>At\u00ebher\u00eb kthehemi prap\u00eb. Sali Berisha u kthye se ti doj\u00eb nj\u00eb Shqip\u00ebri pa opozit\u00ebs.<\/p>\n<p>Doje nj\u00eb Shqip\u00ebri n\u00eb t\u00eb cil\u00ebn opozit\u00ebn ta t\u00ebrhiqje p\u00ebr hunde. Ta kontrolloje. T\u00eb ndihmuan edhe t\u00eb tjer\u00ebt. Po ja ku \u00ebsht\u00eb populli opozitar, \u00ebsht\u00eb populli i idealeve. Shqiptar\u00ebt jan\u00eb njer\u00ebz me ideale.<\/p>\n<p>Dhe un\u00eb ua them ju k\u00ebtu,\u00a0 nuk jam n\u00eb politik\u00eb absolutisht k\u00ebsaj radhe p\u00ebr asnj\u00eb interes personal.<\/p>\n<p>Jo, jo. Nuk jam n\u00eb politik\u00eb p\u00ebr interesa pasurie. Nuk jam n\u00eb politik\u00eb p\u00ebr asnj\u00eb q\u00ebllim tjet\u00ebr, p\u00ebrve\u00e7se misionit t\u00eb Shqip\u00ebris\u00eb Madh\u00ebshtore.<\/p>\n<p>P\u00ebrve\u00e7 bindjes time t\u00eb thell\u00eb se shqiptar\u00ebt n\u00eb vendin e tyre duhet t\u00eb begatohen m\u00eb shum\u00eb, t\u00eb ken\u00eb rroga t\u00eb larta gjithnj\u00eb e m\u00eb shum\u00eb, t\u00eb ken\u00eb pun\u00ebsim gjithnj\u00eb e m\u00eb shum\u00eb.<\/p>\n<p>K\u00ebto jan\u00eb q\u00ebllimet e misionit.<\/p>\n<p>Por ta p\u00ebrfundojm\u00eb me nj\u00eb ftes\u00eb: hajde urdh\u00ebro nes\u00ebr ose hajde k\u00ebtu po deshe para k\u00ebtyre burrave dhe grave, t\u00eb b\u00ebjm\u00eb nj\u00eb debat. T\u2019u themi shqiptar\u00ebve se \u00e7far\u00eb do b\u00ebjm\u00eb ne dhe \u00e7far\u00eb do b\u00ebsh ti dhe jo t\u00eb kopjosh programin q\u00eb para 3 muajsh e quaje humner\u00eb.<\/p>\n<p>Nuk vjen dot, nuk mund t\u00eb dal\u00eb se ka nga flok\u00ebt tek k\u00ebmb\u00ebt vet\u00ebm mashtrime.<\/p>\n<p>Prandaj dhe ne m\u00eb 11 maj votojm\u00eb njishin, numrin hyjnor.<\/p>\n<p>Votojm\u00eb njishin, numrin e diellit.<\/p>\n<p>Votojm\u00eb njishin, numrin e fitores.<\/p>\n<p>Rrofshi ju, rroft\u00eb Vau i Dej\u00ebs. Rroft\u00eb Shqip\u00ebria.<\/p>\n<p>Fitore, fitore, fitore!<\/p>\n","protected":false},"excerpt":{"rendered":"<p>Kryetari i PD, Sali Berisha ka p\u00ebrs\u00ebritur nga Vau i Dej\u00ebs s\u00ebrish ftes\u00ebn p\u00ebr debat me kruen e PS Edi Rama. Berisha tha se, q\u00ebllimi im i vet\u00ebm \u00ebsht\u00eb Shqip\u00ebria Madh\u00ebshtore. Berisha:\u00a0S\u00eb fundmi miq, Edi Rama kontrollon t\u00eb gjitha mjetet e propagand\u00ebs. Kat\u00ebr mediat i ka korruptuar me leje nd\u00ebrtimi, i ka korruptuar n\u00eb m\u00ebnyra &hellip;<\/p>\n","protected":false},"author":4,"featured_media":106567,"comment_status":"closed","ping_status":"closed","sticky":false,"template":"","format":"standard","meta":{"footnotes":""},"categories":[37],"tags":[],"class_list":["post-109586","post","type-post","status-publish","format-standard","has-post-thumbnail","","category-politike"],"_links":{"self":[{"href":"https:\/\/rdnews.al\/index.php\/wp-json\/wp\/v2\/posts\/109586","targetHints":{"allow":["GET"]}}],"collection":[{"href":"https:\/\/rdnews.al\/index.php\/wp-json\/wp\/v2\/posts"}],"about":[{"href":"https:\/\/rdnews.al\/index.php\/wp-json\/wp\/v2\/types\/post"}],"author":[{"embeddable":true,"href":"https:\/\/rdnews.al\/index.php\/wp-json\/wp\/v2\/users\/4"}],"replies":[{"embeddable":true,"href":"https:\/\/rdnews.al\/index.php\/wp-json\/wp\/v2\/comments?post=109586"}],"version-history":[{"count":1,"href":"https:\/\/rdnews.al\/index.php\/wp-json\/wp\/v2\/posts\/109586\/revisions"}],"predecessor-version":[{"id":109587,"href":"https:\/\/rdnews.al\/index.php\/wp-json\/wp\/v2\/posts\/109586\/revisions\/109587"}],"wp:featuredmedia":[{"embeddable":true,"href":"https:\/\/rdnews.al\/index.php\/wp-json\/wp\/v2\/media\/106567"}],"wp:attachment":[{"href":"https:\/\/rdnews.al\/index.php\/wp-json\/wp\/v2\/media?parent=109586"}],"wp:term":[{"taxonomy":"category","embeddable":true,"href":"https:\/\/rdnews.al\/index.php\/wp-json\/wp\/v2\/categories?post=109586"},{"taxonomy":"post_tag","embeddable":true,"href":"https:\/\/rdnews.al\/index.php\/wp-json\/wp\/v2\/tags?post=109586"}],"curies":[{"name":"wp","href":"https:\/\/api.w.org\/{rel}","templated":true}]}}