{"id":10959,"date":"2022-05-01T18:33:17","date_gmt":"2022-05-01T18:33:17","guid":{"rendered":"https:\/\/rdnews.al\/?p=10959"},"modified":"2022-05-01T18:38:00","modified_gmt":"2022-05-01T18:38:00","slug":"une-jam-sali-berisha-kurre-shpifjen-dhe-genjeshtren-nuk-e-pranoj-per-te-vertete","status":"publish","type":"post","link":"https:\/\/rdnews.al\/index.php\/2022\/05\/01\/une-jam-sali-berisha-kurre-shpifjen-dhe-genjeshtren-nuk-e-pranoj-per-te-vertete\/","title":{"rendered":"\u201cUn\u00eb jam Sali Berisha, kurr\u00eb shpifjen dhe g\u00ebnjeshtr\u00ebn nuk e pranoj p\u00ebr t\u00eb v\u00ebrtet\u00eb\u201d!"},"content":{"rendered":"<p>Lideri historik i Partis\u00eb Demokratike, Sali Berisha ka postuar nj\u00eb rrjete sociale nj\u00eb pjes\u00eb nga fjalimi i tij i nj\u00eb dite m\u00eb par\u00eb n\u00eb Kuvendin Komb\u00ebtar t\u00eb PD-s\u00eb s\u00eb rithemeluar.<\/p>\n<p>Berisha shprehet se kurr\u00eb g\u00ebnjeshtr\u00ebn dhe shpifjen nuk do t&#8217;i pranoj\u00eb si t\u00eb v\u00ebrteta.<\/p>\n<p>&#8220;Un\u00eb jam Sali Berisha, kurr\u00eb, kurr\u00eb, kurr\u00eb, shpifjen, g\u00ebnjeshtr\u00ebn nuk e pranoj p\u00ebr t\u00eb v\u00ebrtet\u00eb&#8221;, shprehet lideri i PD.<\/p>\n<p><iframe loading=\"lazy\" style=\"border: none; overflow: hidden;\" src=\"https:\/\/www.facebook.com\/plugins\/video.php?height=373&amp;href=https%3A%2F%2Fwww.facebook.com%2FSaliBerisha%2Fvideos%2F517879139716849%2F&amp;show_text=false&amp;width=560&amp;t=0\" width=\"560\" height=\"373\" frameborder=\"0\" scrolling=\"no\" allowfullscreen=\"allowfullscreen\"><\/iframe><\/p>\n","protected":false},"excerpt":{"rendered":"<p>Lideri historik i Partis\u00eb Demokratike, Sali Berisha ka postuar nj\u00eb rrjete sociale nj\u00eb pjes\u00eb nga fjalimi i tij i nj\u00eb dite m\u00eb par\u00eb n\u00eb Kuvendin Komb\u00ebtar t\u00eb PD-s\u00eb s\u00eb rithemeluar. Berisha shprehet se kurr\u00eb g\u00ebnjeshtr\u00ebn dhe shpifjen nuk do t&#8217;i pranoj\u00eb si t\u00eb v\u00ebrteta. &#8220;Un\u00eb jam Sali Berisha, kurr\u00eb, kurr\u00eb, kurr\u00eb, shpifjen, g\u00ebnjeshtr\u00ebn nuk e &hellip;<\/p>\n","protected":false},"author":4,"featured_media":10962,"comment_status":"open","ping_status":"open","sticky":false,"template":"","format":"standard","meta":{"footnotes":""},"categories":[37],"tags":[],"class_list":["post-10959","post","type-post","status-publish","format-standard","has-post-thumbnail","","category-politike"],"_links":{"self":[{"href":"https:\/\/rdnews.al\/index.php\/wp-json\/wp\/v2\/posts\/10959","targetHints":{"allow":["GET"]}}],"collection":[{"href":"https:\/\/rdnews.al\/index.php\/wp-json\/wp\/v2\/posts"}],"about":[{"href":"https:\/\/rdnews.al\/index.php\/wp-json\/wp\/v2\/types\/post"}],"author":[{"embeddable":true,"href":"https:\/\/rdnews.al\/index.php\/wp-json\/wp\/v2\/users\/4"}],"replies":[{"embeddable":true,"href":"https:\/\/rdnews.al\/index.php\/wp-json\/wp\/v2\/comments?post=10959"}],"version-history":[{"count":0,"href":"https:\/\/rdnews.al\/index.php\/wp-json\/wp\/v2\/posts\/10959\/revisions"}],"wp:featuredmedia":[{"embeddable":true,"href":"https:\/\/rdnews.al\/index.php\/wp-json\/wp\/v2\/media\/10962"}],"wp:attachment":[{"href":"https:\/\/rdnews.al\/index.php\/wp-json\/wp\/v2\/media?parent=10959"}],"wp:term":[{"taxonomy":"category","embeddable":true,"href":"https:\/\/rdnews.al\/index.php\/wp-json\/wp\/v2\/categories?post=10959"},{"taxonomy":"post_tag","embeddable":true,"href":"https:\/\/rdnews.al\/index.php\/wp-json\/wp\/v2\/tags?post=10959"}],"curies":[{"name":"wp","href":"https:\/\/api.w.org\/{rel}","templated":true}]}}