{"id":109611,"date":"2025-04-07T08:39:14","date_gmt":"2025-04-07T08:39:14","guid":{"rendered":"https:\/\/rdnews.al\/?p=109611"},"modified":"2025-04-07T08:39:14","modified_gmt":"2025-04-07T08:39:14","slug":"strasburgu-ve-ne-diskutim-vendimin-e-gjykatave-per-ceshtjen-beleri","status":"publish","type":"post","link":"https:\/\/rdnews.al\/index.php\/2025\/04\/07\/strasburgu-ve-ne-diskutim-vendimin-e-gjykatave-per-ceshtjen-beleri\/","title":{"rendered":"Strasburgu v\u00eb n\u00eb diskutim vendimin e gjykatave p\u00ebr \u00e7\u00ebshtjen Beleri"},"content":{"rendered":"<p>Gjykata Evropiane e t\u00eb Drejtave t\u00eb Njeriut ka v\u00ebn\u00eb s\u00ebrish n\u00eb diskutim vendimin e gjykatave p\u00ebr \u00e7\u00ebshtjen Beleri, i cili kaloi n\u00ebnt\u00eb muaj e nj\u00ebzet e dy dit\u00eb n\u00eb paraburgim, dhe u lirua me kusht n\u00eb 2 shator t\u00eb vitit 2024. Beleri akuzohej p\u00ebr vepr\u00ebn penale korrupsion aktiv n\u00eb zgjedhje.<\/p>\n<p>Fredi Beleri \u00ebsht\u00eb ankuar n\u00eb Gjykat\u00ebn e Strasburgut se paraburgimi i tij fillestar nuk ishte i bazuar n\u00eb arsye p\u00ebrkat\u00ebse dhe t\u00eb mjaftueshme dhe se autoritetet nuk mor\u00ebn parasysh masa alternative p\u00ebrpara se t\u00eb urdh\u00ebronin ndalimin e tij n\u00eb burg.<\/p>\n<p>Gjykata e Strasburgut ka ngritur pyetjen n\u00ebse ka pasur shkelje t\u00eb nenit 5\/3 t\u00eb Konvent\u00ebs, dhe n\u00eb ve\u00e7anti, a i shqyrtuan gjykatat vendase masa alternative ndaj vazhdimit t\u00eb paraburgimit t\u00eb k\u00ebrkuesit?<\/p>\n<p><strong style=\"font-style: inherit;\">Pik\u00ebpyetjet e ngritura nga Strasburgu<\/strong><\/p>\n<p>Aplikanti \u00ebsht\u00eb shtetas grek dhe shqiptar.<\/p>\n<ol>\n<li><strong><span style=\"font-style: inherit; font-weight: inherit;\"> Procedurat fillestare t\u00eb paraburgimit<\/span><\/strong><\/li>\n<li>M\u00eb dat\u00eb 12 maj 2023, n\u00eb kuad\u00ebr t\u00eb fushat\u00ebs s\u00eb tij elektorale p\u00ebr postin e kryetarit t\u00eb Bashkis\u00eb Himar\u00eb, u ndalua me dyshimin p\u00ebr blerje votash (korrupsion aktiv n\u00eb zgjedhje).<\/li>\n<li>Zgjedhjet u zhvilluan m\u00eb 14 maj 2023 dhe aplikanti fitoi.<\/li>\n<li>M\u00eb 1 qershor 2023, Gjykata e Apelit p\u00ebr Korrupsionin dhe Krimin e Organizuar konfirmoi urdhrin e gjykat\u00ebs m\u00eb t\u00eb ul\u00ebt p\u00ebr vendosjen e k\u00ebrkuesit n\u00eb paraburgim.<\/li>\n<\/ol>\n<p>Gjykata konstatoi se n\u00eb cil\u00ebsin\u00eb e kryetarit t\u00eb zgjedhur t\u00eb bashkis\u00eb k\u00ebrkuesi kishte autoritet t\u00eb r\u00ebnd\u00ebsish\u00ebm q\u00eb mund t\u00eb p\u00ebrdorej p\u00ebr t\u00eb penguar mbledhjen e provave. Gjykata vuri n\u00eb dukje n\u00eb ve\u00e7anti se autoritetet nuk kishin qen\u00eb n\u00eb gjendje t\u00eb merrnin nj\u00eb num\u00ebr regjistrimesh nga kamerat lokale, t\u00eb cilat sugjeronin se kishte pasur disa p\u00ebrpjekje p\u00ebr t\u00eb fshehur provat.<\/p>\n<ol start=\"4\">\n<li>Ai shtoi se k\u00ebrkuesi ishte d\u00ebnuar n\u00eb vitin 2004 p\u00ebr \u201cnxitje t\u00eb urrejtjes komb\u00ebtare\u201d dhe \u201cdenigrim t\u00eb Republik\u00ebs ose simboleve t\u00eb saj\u201d dhe ishte d\u00ebnuar me tre vjet burg (shih Beleri dhe t\u00eb tjer\u00ebt kund\u00ebr Shqip\u00ebris\u00eb (vendim), nr. 39468\/09, \u00a7 9, 10 maj 2016). Megjithat\u00eb, ai nuk ishte dor\u00ebzuar p\u00ebr t\u00eb vuajtur at\u00eb d\u00ebnim. Sipas mendimit t\u00eb gjykat\u00ebs, kjo tregoi se k\u00ebrkuesi kishte prirjen dhe mjetet p\u00ebr t\u2019i shmangur drejt\u00ebsis\u00eb. S\u00eb fundi, gjykata shtoi se k\u00ebrkuesi mund t\u00eb kryente edhe nj\u00eb riveprim.<\/li>\n<li>M\u00eb 25 korrik 2023 dhe 21 mars 2024, Gjykata e Lart\u00eb dhe\u00a0Gjykata Kushtetuese, respektivisht, hodhi posht\u00eb ankesat e k\u00ebrkuesit.<\/li>\n<li>Duket se, m\u00eb 15 qershor dhe 31 korrik 2023, aplikanti b\u00ebri k\u00ebrkesa t\u00eb m\u00ebtejshme p\u00ebr shnd\u00ebrrimin e paraburgimit n\u00eb nj\u00eb mas\u00eb m\u00eb t\u00eb but\u00eb. Ai nuk ka dh\u00ebn\u00eb asnj\u00eb informacion t\u00eb m\u00ebtejsh\u00ebm p\u00ebr rezultatin e k\u00ebtyre procedurave.<\/li>\n<li><strong style=\"font-style: inherit;\"> Procedura penale<\/strong><\/li>\n<li>M\u00eb 5 mars 2024, Gjykata e Shkall\u00ebs s\u00eb Par\u00eb p\u00ebr Korrupsionin dhe Krimin e Organizuar e shpalli k\u00ebrkuesin fajtor p\u00ebr korrupsion aktiv n\u00eb zgjedhje sipas nenit 328 t\u00eb Kodit Penal dhe e d\u00ebnoi at\u00eb me dy vjet burg. K\u00ebrkuesi apeloi.<\/li>\n<li>K\u00ebshtu, k\u00ebrkuesi kaloi n\u00ebnt\u00eb muaj e nj\u00ebzet e dy dit\u00eb n\u00eb paraburgim (shih paragraf\u00ebt 1-7 m\u00eb lart).<\/li>\n<li>M\u00eb 2 shtator 2024 k\u00ebrkuesi u lirua me kusht.<\/li>\n<li>Sipas nenit 5\/ 3 t\u00eb Konvent\u00ebs, ankuesi ankohet se paraburgimi i tij fillestar nuk ishte i bazuar n\u00eb arsye p\u00ebrkat\u00ebse dhe t\u00eb mjaftueshme dhe se autoritetet nuk mor\u00ebn parasysh masa alternative p\u00ebrpara se t\u00eb urdh\u00ebronin ndalimin e tij n\u00eb burg.<\/li>\n<\/ol>\n<p><strong style=\"font-style: inherit;\">PYETJE P\u00cbR PAL\u00cbT<\/strong><\/p>\n<p>A ka pasur shkelje t\u00eb nenit 5\/3 t\u00eb Konvent\u00ebs? N\u00eb ve\u00e7anti, a i shqyrtuan gjykatat vendase masa alternative ndaj vazhdimit t\u00eb paraburgimit t\u00eb k\u00ebrkuesit?<\/p>\n","protected":false},"excerpt":{"rendered":"<p>Gjykata Evropiane e t\u00eb Drejtave t\u00eb Njeriut ka v\u00ebn\u00eb s\u00ebrish n\u00eb diskutim vendimin e gjykatave p\u00ebr \u00e7\u00ebshtjen Beleri, i cili kaloi n\u00ebnt\u00eb muaj e nj\u00ebzet e dy dit\u00eb n\u00eb paraburgim, dhe u lirua me kusht n\u00eb 2 shator t\u00eb vitit 2024. Beleri akuzohej p\u00ebr vepr\u00ebn penale korrupsion aktiv n\u00eb zgjedhje. Fredi Beleri \u00ebsht\u00eb ankuar n\u00eb &hellip;<\/p>\n","protected":false},"author":4,"featured_media":93084,"comment_status":"closed","ping_status":"closed","sticky":false,"template":"","format":"standard","meta":{"footnotes":""},"categories":[37],"tags":[],"class_list":["post-109611","post","type-post","status-publish","format-standard","has-post-thumbnail","","category-politike"],"_links":{"self":[{"href":"https:\/\/rdnews.al\/index.php\/wp-json\/wp\/v2\/posts\/109611","targetHints":{"allow":["GET"]}}],"collection":[{"href":"https:\/\/rdnews.al\/index.php\/wp-json\/wp\/v2\/posts"}],"about":[{"href":"https:\/\/rdnews.al\/index.php\/wp-json\/wp\/v2\/types\/post"}],"author":[{"embeddable":true,"href":"https:\/\/rdnews.al\/index.php\/wp-json\/wp\/v2\/users\/4"}],"replies":[{"embeddable":true,"href":"https:\/\/rdnews.al\/index.php\/wp-json\/wp\/v2\/comments?post=109611"}],"version-history":[{"count":1,"href":"https:\/\/rdnews.al\/index.php\/wp-json\/wp\/v2\/posts\/109611\/revisions"}],"predecessor-version":[{"id":109612,"href":"https:\/\/rdnews.al\/index.php\/wp-json\/wp\/v2\/posts\/109611\/revisions\/109612"}],"wp:featuredmedia":[{"embeddable":true,"href":"https:\/\/rdnews.al\/index.php\/wp-json\/wp\/v2\/media\/93084"}],"wp:attachment":[{"href":"https:\/\/rdnews.al\/index.php\/wp-json\/wp\/v2\/media?parent=109611"}],"wp:term":[{"taxonomy":"category","embeddable":true,"href":"https:\/\/rdnews.al\/index.php\/wp-json\/wp\/v2\/categories?post=109611"},{"taxonomy":"post_tag","embeddable":true,"href":"https:\/\/rdnews.al\/index.php\/wp-json\/wp\/v2\/tags?post=109611"}],"curies":[{"name":"wp","href":"https:\/\/api.w.org\/{rel}","templated":true}]}}