{"id":109613,"date":"2025-04-07T09:21:03","date_gmt":"2025-04-07T09:21:03","guid":{"rendered":"https:\/\/rdnews.al\/?p=109613"},"modified":"2025-04-07T09:22:46","modified_gmt":"2025-04-07T09:22:46","slug":"berisha-ne-ppe-pd-respekton-te-drejtat-e-minoritetit-beleri-u-arrestua-vetem-pse-do-mbronte-qytetaret-e-tij","status":"publish","type":"post","link":"https:\/\/rdnews.al\/index.php\/2025\/04\/07\/berisha-ne-ppe-pd-respekton-te-drejtat-e-minoritetit-beleri-u-arrestua-vetem-pse-do-mbronte-qytetaret-e-tij\/","title":{"rendered":"Berisha n\u00eb PPE: Beleri u arrestua vet\u00ebm pse do t\u00eb mbronte qytetar\u00ebt e tij"},"content":{"rendered":"<p>Kryetari i PD, Sali\u00a0 Berisha \u00ebsht\u00eb shprehur se partia q\u00eb drejton i respekton t\u00eb drejtat e minoritetit, sidomos t\u00eb drejt\u00ebn e pron\u00ebsis\u00eb.<\/p>\n<p>Duke folur n\u00eb Strasburg n\u00eb takimin e PPE, Berisha tha se edhe arrestimi i Fredi Belerit, u b\u00eb b\u00eb vet\u00ebm se mbronte qytetar\u00ebt e tij n\u00eb Himar\u00eb.<\/p>\n<p>Kjo ishte dhe arsyeja, se p\u00ebrse mazhoranca n\u00eb pushtet, p\u00ebrmes kurtheve t\u00eb Sigurimit t\u00eb Shtetit, e arrestoi Belerin nj dit\u00eb p\u00ebrpara zgjedhjeve dhe pavar\u00ebsisht fitores s\u00eb mandatit p\u00ebr t\u00eb drejtuar Bashkin\u00eb e Himar\u00ebs, nuk e lan\u00eb t\u00eb betohej.<\/p>\n<p>P\u00ebr t\u00eb drejtat e minoritetit, partia ime i ka respektuar dhe do i respektoj\u00eb t\u00eb drejtat e tyre.<\/p>\n<p>S\u00eb pari, t\u00eb drejtat e pron\u00ebsis\u00eb.<\/p>\n<p>Pse u arrestua Beleri?<\/p>\n<p>Beleri refuzoi t\u00eb b\u00ebhet kandidat i Edi Ram\u00ebs.<\/p>\n<p>Ai tha: jo, nuk jam i majt\u00eb.<\/p>\n<p>Pasi refuzoi, Beleri sigurisht do mbronte t\u00eb drejtat e qytetar\u00ebve t\u00eb tij n\u00eb Himar\u00eb.<\/p>\n<p>Dhe m\u00eb pas, n\u00eb m\u00ebnyr\u00ebn m\u00eb t\u00eb sh\u00ebmtuar, ai organizoi nj\u00eb kurth si dikur Sigurimi i Shtetit, dhe e arrestoi n\u00eb mesnat\u00eb, nj\u00eb dit\u00eb p\u00ebrpara zgjedhjeve.<\/p>\n<p>Nuk e lejuan t\u00eb betohej, kur tradicionalisht edhe ata q\u00eb jan\u00eb d\u00ebnuar, jan\u00eb betuar. Por Beleri kurr\u00eb.<\/p>\n<p>K\u00ebshtu q\u00eb ne respektojm\u00eb plot\u00ebsisht konvent\u00ebn e t\u00eb drejtave t\u00eb minoritetit dhe kart\u00ebn europiane t\u00eb t\u00eb drejtave t\u00eb njeriut.<\/p>\n","protected":false},"excerpt":{"rendered":"<p>Kryetari i PD, Sali\u00a0 Berisha \u00ebsht\u00eb shprehur se partia q\u00eb drejton i respekton t\u00eb drejtat e minoritetit, sidomos t\u00eb drejt\u00ebn e pron\u00ebsis\u00eb. Duke folur n\u00eb Strasburg n\u00eb takimin e PPE, Berisha tha se edhe arrestimi i Fredi Belerit, u b\u00eb b\u00eb vet\u00ebm se mbronte qytetar\u00ebt e tij n\u00eb Himar\u00eb. Kjo ishte dhe arsyeja, se p\u00ebrse &hellip;<\/p>\n","protected":false},"author":4,"featured_media":109614,"comment_status":"closed","ping_status":"closed","sticky":false,"template":"","format":"standard","meta":{"footnotes":""},"categories":[37],"tags":[],"class_list":["post-109613","post","type-post","status-publish","format-standard","has-post-thumbnail","","category-politike"],"_links":{"self":[{"href":"https:\/\/rdnews.al\/index.php\/wp-json\/wp\/v2\/posts\/109613","targetHints":{"allow":["GET"]}}],"collection":[{"href":"https:\/\/rdnews.al\/index.php\/wp-json\/wp\/v2\/posts"}],"about":[{"href":"https:\/\/rdnews.al\/index.php\/wp-json\/wp\/v2\/types\/post"}],"author":[{"embeddable":true,"href":"https:\/\/rdnews.al\/index.php\/wp-json\/wp\/v2\/users\/4"}],"replies":[{"embeddable":true,"href":"https:\/\/rdnews.al\/index.php\/wp-json\/wp\/v2\/comments?post=109613"}],"version-history":[{"count":2,"href":"https:\/\/rdnews.al\/index.php\/wp-json\/wp\/v2\/posts\/109613\/revisions"}],"predecessor-version":[{"id":109616,"href":"https:\/\/rdnews.al\/index.php\/wp-json\/wp\/v2\/posts\/109613\/revisions\/109616"}],"wp:featuredmedia":[{"embeddable":true,"href":"https:\/\/rdnews.al\/index.php\/wp-json\/wp\/v2\/media\/109614"}],"wp:attachment":[{"href":"https:\/\/rdnews.al\/index.php\/wp-json\/wp\/v2\/media?parent=109613"}],"wp:term":[{"taxonomy":"category","embeddable":true,"href":"https:\/\/rdnews.al\/index.php\/wp-json\/wp\/v2\/categories?post=109613"},{"taxonomy":"post_tag","embeddable":true,"href":"https:\/\/rdnews.al\/index.php\/wp-json\/wp\/v2\/tags?post=109613"}],"curies":[{"name":"wp","href":"https:\/\/api.w.org\/{rel}","templated":true}]}}