{"id":109626,"date":"2025-04-07T09:51:02","date_gmt":"2025-04-07T09:51:02","guid":{"rendered":"https:\/\/rdnews.al\/?p=109626"},"modified":"2025-04-07T09:56:03","modified_gmt":"2025-04-07T09:56:03","slug":"gazetari-italian-roberto-saviano-shqiperia-dominohet-nga-kartelet-e-droges","status":"publish","type":"post","link":"https:\/\/rdnews.al\/index.php\/2025\/04\/07\/gazetari-italian-roberto-saviano-shqiperia-dominohet-nga-kartelet-e-droges\/","title":{"rendered":"Gazetari italian Roberto Saviano: Shqip\u00ebria dominohet nga kartelet e drog\u00ebs!"},"content":{"rendered":"<div class=\"readmore-text-here\">\n<p>Gazetari i njohur italian, Roberto Saviano \u00ebsht\u00eb shprehur p\u00ebr Median franceze \u201cFrance2\u201d se, Bullgaria, Shqip\u00ebria, Kosova apo Serbia, jan\u00eb vende plot\u00ebsisht t\u00eb dominuar nga kartelet e drog\u00ebs. Ai ishte i ftuar n\u00eb nj\u00eb intervist\u00eb ku ka komentuar problemin e madh t\u00eb trafikut t\u00eb drog\u00ebs.<\/p>\n<p>Gazetari thot\u00eb q\u00eb Franca duhet t\u00eb legalizoj\u00eb drogat e buta, nd\u00ebrkoh\u00eb q\u00eb qeveria franceze \u00ebsht\u00eb totalisht kund\u00ebr k\u00ebsaj.<\/p>\n<p><strong>Saviano:<\/strong>\u00a0Franca nuk duhet t\u00eb mbyll\u00eb syt\u00eb ndaj nj\u00eb trafiku t\u00eb madh t\u00eb drog\u00ebs, konsumimit dhe kapitalit q\u00eb sjell ky lloj trafiku. P\u00ebr her\u00eb t\u00eb par\u00eb n\u00eb Franc\u00eb, fenomeni i trafikut t\u00eb drog\u00ebs po shikohet si nj\u00eb fenomen mafioz. Pra, i organizuar. Q\u00eb mundet t\u00eb prodhoj\u00eb pushtet, dhe jo vet\u00ebm, si nj\u00eb fenomen i rrug\u00ebs, gangsterizmit. P\u00ebr t\u00eb qen\u00eb i qart\u00eb, francez\u00ebt, t\u00eb majt\u00eb, t\u00eb qendr\u00ebs dhe t\u00eb djatht\u00eb, t\u00eb gjith\u00eb e kan\u00eb konsideruar k\u00ebt\u00eb nj\u00eb problem kriminal si nj\u00eb problem t\u00eb emigracionit. \u00cbsht\u00eb absolutisht e pav\u00ebrtet\u00eb. Sepse edhe pse \u00ebsht\u00eb e v\u00ebrtet\u00eb se disa grupe kriminale kan\u00eb nj\u00eb struktur\u00eb origjine t\u00eb Afrik\u00ebs s\u00eb Veriut, n\u00eb Itali, n\u00eb Amerik\u00ebn e Veriut apo n\u00eb Shqip\u00ebri, paraja q\u00eb \u00ebsht\u00eb gjeneruar nga ky komunitet, \u00ebsht\u00eb e gjitha e p\u00ebrdorur nga Franca borgjeze. Ata arrijn\u00eb dhe i sjellin para kriminale sistemit ekonomik francez. Nd\u00ebrmarrje t\u00eb konstruksionit, nd\u00ebrtimit. Paraja shkon n\u00eb k\u00ebto aktivitete.<\/p>\n<p><strong>Dhe ju thon\u00eb se Franca \u00ebsht\u00eb me vones\u00eb?<\/strong><\/p>\n<p><strong>Saviano:\u00a0<\/strong>Pabesueshm\u00ebrisht shum\u00eb. Dhe po shpjegohem. Pasi Franca\u00a0\u00ebsht\u00eb nj\u00eb demokraci e kompletuar. Nuk mund t\u00eb krahasohet me Bullgarin\u00eb, Shqip\u00ebrin\u00eb, Kosov\u00ebn apo Serbin\u00eb, q\u00eb jan\u00eb vende plot\u00ebsisht t\u00eb dominuara nga kartelet e drog\u00ebs.<\/p>\n<p>Vonesa n\u00eb fillim ka t\u00eb b\u00ebj\u00eb me nj\u00eb inkapacitet kulturor. Problemi \u00ebsht\u00eb l\u00ebn\u00eb plot\u00ebsisht n\u00eb hetimin e policis\u00eb. Nj\u00eb polici q\u00eb kontrollon vet\u00ebm rrug\u00ebt. Dhe q\u00eb harron dhe e l\u00eb m\u00ebnjan\u00eb aspektin financiar \u00a0e ekonomik.<\/p>\n<p><img decoding=\"async\" src=\"https:\/\/www.syri.net\/uploads\/syri.net\/images\/2025\/April\/07\/auto_Screenshot_111744017689.jpg\" alt=\"Image\" \/><\/p>\n<p><strong>Pra sipas jush kjo \u00ebsht\u00eb m\u00eb keq akoma\u2026<\/strong><\/p>\n<p><strong>Saviano:\u00a0<\/strong>Esht\u00eb shum\u00eb keq. 150 ton\u00eb drog\u00eb jan\u00eb kapur n\u00eb Franc\u00eb n\u00eb vitin 2022 dhe 140 ton\u00eb n\u00eb\u00a0vitin 2023. Dhe porti i Havre-s, \u00ebsht\u00eb porti kryesor i hyrjes s\u00eb drog\u00ebs. Kan\u00eb vet\u00ebm 3 skanera. Nuk shikojn\u00eb asgj\u00eb kur kalon. N\u00eb k\u00ebt\u00eb moment, n\u00ebse un\u00eb d\u00ebrgoj drog\u00eb n\u00eb Havre, jam i sigurt\u00a0q\u00eb do t\u00eb kaloj\u00eb. N\u00eb rajonin\u00a0e Parisit (Ile de France) 12 laborator\u00eb t\u00eb drog\u00ebs jan\u00eb mbyllur n\u00eb nj\u00eb vit. \u00cbsht\u00eb ndoshta numri m\u00eb i lart\u00eb n\u00eb bot\u00eb i laborator\u00ebve t\u00eb drog\u00ebs zbuluar n\u00eb nj\u00eb territor. E kur them 12, jan\u00eb vet\u00ebm ata q\u00eb jan\u00eb mbyllur, \u00e7far\u00eb tregon se konsumi \u00ebsht\u00eb shum\u00eb i madh.<\/p>\n<p><strong>At\u00ebher\u00eb n\u00ebse do kishe p\u00ebrball\u00eb ministrin e brendsh\u00ebm t\u00eb Franc\u00ebs,\u00a0\u00e7far\u00eb do t&#8217;i thoshit ju?<\/strong><\/p>\n<p><strong>Saviano:\u00a0<\/strong>Nj\u00eb gj\u00eb para s\u00eb gjithash. Legalizoni drog\u00ebn e but\u00eb urgjentisht. Marijuana dhe hashashi jan\u00eb t\u00ebr\u00ebsisht n\u00eb duart e karteleve. N\u00ebse u heq k\u00ebt\u00eb zon\u00eb tregtare,\u00a0ata nuk do t\u00eb ken\u00eb m\u00eb karburant.<\/p>\n<p><iframe loading=\"lazy\" class=\"rumble\" src=\"https:\/\/rumble.com\/embed\/v6pkrb5\/?pub=1j3sut\" width=\"640\" height=\"360\" frameborder=\"0\" allowfullscreen=\"allowfullscreen\" data-mce-fragment=\"1\"><\/iframe><\/p>\n<\/div>\n<div id=\"rekl-45\"><\/div>\n<div id=\"rekl-16\"><\/div>\n<div id=\"rekl-33\"><\/div>\n","protected":false},"excerpt":{"rendered":"<p>Gazetari i njohur italian, Roberto Saviano \u00ebsht\u00eb shprehur p\u00ebr Median franceze \u201cFrance2\u201d se, Bullgaria, Shqip\u00ebria, Kosova apo Serbia, jan\u00eb vende plot\u00ebsisht t\u00eb dominuar nga kartelet e drog\u00ebs. Ai ishte i ftuar n\u00eb nj\u00eb intervist\u00eb ku ka komentuar problemin e madh t\u00eb trafikut t\u00eb drog\u00ebs. Gazetari thot\u00eb q\u00eb Franca duhet t\u00eb legalizoj\u00eb drogat e buta, nd\u00ebrkoh\u00eb &hellip;<\/p>\n","protected":false},"author":4,"featured_media":109627,"comment_status":"closed","ping_status":"closed","sticky":false,"template":"","format":"standard","meta":{"footnotes":""},"categories":[37],"tags":[],"class_list":["post-109626","post","type-post","status-publish","format-standard","has-post-thumbnail","","category-politike"],"_links":{"self":[{"href":"https:\/\/rdnews.al\/index.php\/wp-json\/wp\/v2\/posts\/109626","targetHints":{"allow":["GET"]}}],"collection":[{"href":"https:\/\/rdnews.al\/index.php\/wp-json\/wp\/v2\/posts"}],"about":[{"href":"https:\/\/rdnews.al\/index.php\/wp-json\/wp\/v2\/types\/post"}],"author":[{"embeddable":true,"href":"https:\/\/rdnews.al\/index.php\/wp-json\/wp\/v2\/users\/4"}],"replies":[{"embeddable":true,"href":"https:\/\/rdnews.al\/index.php\/wp-json\/wp\/v2\/comments?post=109626"}],"version-history":[{"count":2,"href":"https:\/\/rdnews.al\/index.php\/wp-json\/wp\/v2\/posts\/109626\/revisions"}],"predecessor-version":[{"id":109629,"href":"https:\/\/rdnews.al\/index.php\/wp-json\/wp\/v2\/posts\/109626\/revisions\/109629"}],"wp:featuredmedia":[{"embeddable":true,"href":"https:\/\/rdnews.al\/index.php\/wp-json\/wp\/v2\/media\/109627"}],"wp:attachment":[{"href":"https:\/\/rdnews.al\/index.php\/wp-json\/wp\/v2\/media?parent=109626"}],"wp:term":[{"taxonomy":"category","embeddable":true,"href":"https:\/\/rdnews.al\/index.php\/wp-json\/wp\/v2\/categories?post=109626"},{"taxonomy":"post_tag","embeddable":true,"href":"https:\/\/rdnews.al\/index.php\/wp-json\/wp\/v2\/tags?post=109626"}],"curies":[{"name":"wp","href":"https:\/\/api.w.org\/{rel}","templated":true}]}}