{"id":109630,"date":"2025-04-07T10:00:07","date_gmt":"2025-04-07T10:00:07","guid":{"rendered":"https:\/\/rdnews.al\/?p=109630"},"modified":"2025-04-07T10:00:07","modified_gmt":"2025-04-07T10:00:07","slug":"drejtuesi-i-ppe-garanton-berishen-keni-mbeshtetjen-tone-me-te-madhe-jemi-te-bindur-se-do-fitoni-zgjedhjet","status":"publish","type":"post","link":"https:\/\/rdnews.al\/index.php\/2025\/04\/07\/drejtuesi-i-ppe-garanton-berishen-keni-mbeshtetjen-tone-me-te-madhe-jemi-te-bindur-se-do-fitoni-zgjedhjet\/","title":{"rendered":"Drejtuesi i PPE garanton Berish\u00ebn: Keni mb\u00ebshtetjen ton\u00eb m\u00eb t\u00eb madhe, jemi t\u00eb bindur se do fitoni zgjedhjet!"},"content":{"rendered":"<p>Drejtuesi i grupit t\u00eb Partive Popullore Europiane n\u00eb Strasburg, Pablo Hispan, garantoi kreun e opozit\u00ebs shqiptare, Sali Berisha, se kan\u00eb mb\u00ebshtetjen e organizat\u00ebs m\u00eb t\u00eb madhe politike t\u00eb Europ\u00ebs.\u00a0Ai tha se PPE do t\u00eb sjell\u00eb n\u00eb Shqip\u00ebri nj\u00eb delegacion t\u00eb madh p\u00ebr t\u00eb mbik\u00ebqyrur zgjedhjet.<\/p>\n<p>\u201cFaleminderit zoti Berisha p\u00ebr prezantimin.<\/p>\n<p>Si\u00e7 e dini, ju keni mb\u00ebshtetjen ton\u00eb m\u00eb t\u00eb madhe dhe grupi ju uron suksese, me bindjen se do t\u00eb fitoni n\u00eb zgjedhjet e ardhshme.<\/p>\n<p>Ne do sjellim nj\u00eb delegacion t\u00eb madh nga Partit\u00eb Popullore Europiane, q\u00eb t\u00eb mbik\u00ebqyrim zgjedhjet, p\u00ebr t\u00eb mb\u00ebshtetur demokracin\u00eb dhe transparenc\u00ebn p\u00ebr popullin shqiptar\u201d, tha Hispan.<\/p>\n<div class=\"aspect-ratio\"><iframe loading=\"lazy\" src=\"https:\/\/www.facebook.com\/plugins\/video.php?height=476&amp;href=https%3A%2F%2Fwww.facebook.com%2Freel%2F672891621774873%2F&amp;show_text=false&amp;width=267&amp;t=0\" width=\"267\" height=\"476\" frameborder=\"0\" scrolling=\"no\" allowfullscreen=\"allowfullscreen\" data-mce-fragment=\"1\"><\/iframe><\/div>\n<div class=\"ndaje-pak\">\n<h1><\/h1>\n<\/div>\n","protected":false},"excerpt":{"rendered":"<p>Drejtuesi i grupit t\u00eb Partive Popullore Europiane n\u00eb Strasburg, Pablo Hispan, garantoi kreun e opozit\u00ebs shqiptare, Sali Berisha, se kan\u00eb mb\u00ebshtetjen e organizat\u00ebs m\u00eb t\u00eb madhe politike t\u00eb Europ\u00ebs.\u00a0Ai tha se PPE do t\u00eb sjell\u00eb n\u00eb Shqip\u00ebri nj\u00eb delegacion t\u00eb madh p\u00ebr t\u00eb mbik\u00ebqyrur zgjedhjet. \u201cFaleminderit zoti Berisha p\u00ebr prezantimin. Si\u00e7 e dini, ju keni &hellip;<\/p>\n","protected":false},"author":4,"featured_media":109631,"comment_status":"closed","ping_status":"closed","sticky":false,"template":"","format":"standard","meta":{"footnotes":""},"categories":[37],"tags":[],"class_list":["post-109630","post","type-post","status-publish","format-standard","has-post-thumbnail","","category-politike"],"_links":{"self":[{"href":"https:\/\/rdnews.al\/index.php\/wp-json\/wp\/v2\/posts\/109630","targetHints":{"allow":["GET"]}}],"collection":[{"href":"https:\/\/rdnews.al\/index.php\/wp-json\/wp\/v2\/posts"}],"about":[{"href":"https:\/\/rdnews.al\/index.php\/wp-json\/wp\/v2\/types\/post"}],"author":[{"embeddable":true,"href":"https:\/\/rdnews.al\/index.php\/wp-json\/wp\/v2\/users\/4"}],"replies":[{"embeddable":true,"href":"https:\/\/rdnews.al\/index.php\/wp-json\/wp\/v2\/comments?post=109630"}],"version-history":[{"count":1,"href":"https:\/\/rdnews.al\/index.php\/wp-json\/wp\/v2\/posts\/109630\/revisions"}],"predecessor-version":[{"id":109632,"href":"https:\/\/rdnews.al\/index.php\/wp-json\/wp\/v2\/posts\/109630\/revisions\/109632"}],"wp:featuredmedia":[{"embeddable":true,"href":"https:\/\/rdnews.al\/index.php\/wp-json\/wp\/v2\/media\/109631"}],"wp:attachment":[{"href":"https:\/\/rdnews.al\/index.php\/wp-json\/wp\/v2\/media?parent=109630"}],"wp:term":[{"taxonomy":"category","embeddable":true,"href":"https:\/\/rdnews.al\/index.php\/wp-json\/wp\/v2\/categories?post=109630"},{"taxonomy":"post_tag","embeddable":true,"href":"https:\/\/rdnews.al\/index.php\/wp-json\/wp\/v2\/tags?post=109630"}],"curies":[{"name":"wp","href":"https:\/\/api.w.org\/{rel}","templated":true}]}}