{"id":109633,"date":"2025-04-07T10:07:37","date_gmt":"2025-04-07T10:07:37","guid":{"rendered":"https:\/\/rdnews.al\/?p=109633"},"modified":"2025-04-07T10:07:37","modified_gmt":"2025-04-07T10:07:37","slug":"veliaj-arbrit-fol-me-fatmirin-ushtrine-dhe-gjithe-te-tjeret","status":"publish","type":"post","link":"https:\/\/rdnews.al\/index.php\/2025\/04\/07\/veliaj-arbrit-fol-me-fatmirin-ushtrine-dhe-gjithe-te-tjeret\/","title":{"rendered":"Veliaj-Arbrit: Fol me Fatmirin, ushtrin\u00eb dhe gjith\u00eb t\u00eb tjer\u00ebt&#8230;"},"content":{"rendered":"<p>N\u00eb p\u00ebrgjimet e sjella nga CNA t\u00eb b\u00ebra n\u00eb burgun e Durr\u00ebsit, ku i pandehuri Erion Veliaj me dit\u00eb t\u00eb t\u00ebra komunikon me bashk\u00ebshorten, v\u00ebllan\u00eb, jep urdhra, komanda, th\u00ebrret n\u00eb apel Carlo Bollino-n, Mero Bazen deri te kryeministri Rama.<\/p>\n<p>P\u00ebrgjimet e Veliajt\/13 faqe me k\u00ebrc\u00ebnime, mashtrime dhe manipulime.<\/p>\n<p>N\u00eb nj\u00eb nga dit\u00ebt, m\u00eb 8 mars, ora 20:41, Erion Veliaj ka nj\u00eb shprehje mjaft t\u00eb ve\u00e7ant\u00eb. I drejtohet Arbrit duke i th\u00ebn\u00eb \u201cFol me Fatmirin, ushtrin\u00eb dhe gjith\u00eb t\u00eb tjer\u00ebt\u201d. Mjafton kjo fjali p\u00ebr t\u00eb kuptuar se si e konsideron veten Erion Veliaj.<\/p>\n<p>Duket qartazi n\u00eb t\u00eb gjitha qindra faqet e p\u00ebrgjimeve, pasi ne deri tani kemi sjell\u00eb vet\u00ebm 13 prej tyre. Jan\u00eb shum\u00eb fashikuj ku ne jemi rezervuar p\u00ebr shkak t\u00eb gjuh\u00ebs rruga\u00e7\u00ebrore apo\u00a0sjelljeve t\u00eb ndryshme q\u00eb tregojn\u00eb nivelin e nj\u00eb zvarraniku dhe q\u00eb veten e konsideron mbret.\u00a0Nj\u00eb mbret q\u00eb jeton n\u00eb nj\u00eb univers tjet\u00ebr, q\u00eb Fatmirin e b\u00ebn kapter, q\u00eb ka ushtrin\u00eb e tij. Duket qartazi me fjal\u00ebt: \u201cFlisni me Fatmirin, ushtrin\u00eb dhe gjith\u00eb t\u00eb tjer\u00ebt\u201d.<\/p>\n<p>Fatmiri i bie t\u00eb jet\u00eb kapteri, ushtar\u00ebt jan\u00eb lum\u00eb. Nuk \u00ebsht\u00eb vet\u00ebm m\u00ebnyra se si e trajton Fatmirin, q\u00eb n\u00eb k\u00ebt\u00eb rast mund t\u00eb jet\u00eb dhe Fatmir Xhafaj, se Fatmir tjet\u00ebr deri tani rreth Erion Veliajt nuk kemi. Megjith\u00ebse ky Fatmiri ka nj\u00eb lidhje t\u00eb vjet\u00ebr me Erionin, pra Fatmir Xhafaj.<\/p>\n<p>Ka lidhje me Ditjon Babo\u00e7in, dh\u00ebndrin e tij, i cili ka qen\u00eb drejtor i Urbanistik\u00ebs n\u00eb Bashkin\u00eb e Tiran\u00ebs, ka lidhje q\u00eb shkojn\u00eb n\u00eb bizneset e nd\u00ebrtimit tek \u201cArlis\u201d, t\u00eb cilat jan\u00eb denoncuar vazhdimisht, deri te prona p\u00ebr t\u00eb cilat pretendohet se ka pasur falsifikime dhe jan\u00eb b\u00ebr\u00eb si favorizime t\u00eb Fatmir Xhafajt ndaj t\u00eb tjer\u00ebve. Kuptohet n\u00eb bashk\u00ebpunim me Erionin, q\u00eb tashm\u00eb e konsideron nj\u00eb kapter ushtrie.\u00a0Kapterin e ushtris\u00eb s\u00eb tij t\u00eb madhe.<\/p>\n<p>\u00cbsht\u00eb ai Fatmir q\u00eb dje ishte qar\u00eb n\u00eb nj\u00eb status se po sulmohej politikisht. N\u00eb asnj\u00eb rast, p\u00ebr asnj\u00eb arsye Fatmir Xhafaj nuk \u00ebsht\u00eb sulmuar politikisht. Fatmir Xhafaj \u00ebsht\u00eb akuzuar se \u00ebsht\u00eb p\u00ebrdorur si instrument p\u00ebr t\u00eb sulmuar drejt\u00ebsin\u00eb, p\u00ebr t\u00eb sulmuar SPAK-un. Dhe ja ku del n\u00eb p\u00ebrgjime si e trajton Erion Veliaj, Fatmir Xhafajn, \u201cFatmirin, ushtrin\u00eb dhe gjith\u00eb t\u00eb tjer\u00ebt\u201d, kapterin e tij. Fatmir Xhafaj nuk \u00ebsht\u00eb i rast\u00ebsish\u00ebm dhe nuk \u00ebsht\u00eb sulmuar politikisht.<\/p>\n<p>Fatmir Xhafaj \u00ebsht\u00eb akuzuar p\u00ebr at\u00eb komision q\u00eb ka pasur si q\u00ebllim, goditjen e SPAK-ut dhe mbrojtjen e Erion Veliajt. Shefin e tij ka dashur t\u00eb mbroj\u00eb Fatmir Xhafaj, asgj\u00eb m\u00eb shum\u00eb, asgj\u00eb m\u00eb pak. Fatmir Xhafaj nuk \u00ebsht\u00eb akuzuar politikisht, por\u00a0\u00ebsht\u00eb akuzuar p\u00ebr tjet\u00ebrsimin e nj\u00eb prone, n\u00eb bashk\u00ebpunim me Erion Veliajn\u00a0p\u00ebr nj\u00eb leje nd\u00ebrtimi dh\u00ebn\u00eb p\u00ebr \u201cArlis\u201d. Fatmir Xhafaj nuk \u00ebsht\u00eb akuzuar politikisht.\u00a0Fatmir Xhafaj \u00ebsht\u00eb akuzuar se ka qen\u00eb minist\u00ebr i Brendsh\u00ebm dhe v\u00ebllai i tij ka qen\u00eb nj\u00eb trafikant droge nd\u00ebrkomb\u00ebtar, q\u00eb duhet t\u00eb shkonte n\u00eb burg dhe fshihej.<\/p>\n<p>Fatmir Xhafaj nuk \u00ebsht\u00eb akuzuar politikisht.\u00a0Fatmir Xhafaj \u00ebsht\u00eb akuzuar p\u00ebr zyr\u00ebn e tij n\u00eb katin e n\u00ebnt\u00eb. Nuk ka th\u00ebn\u00eb kush q\u00eb ka pasur kontroll n\u00eb zyr\u00ebn e tij, por faktet do t\u2019i shohim n\u00eb vijim. Se si kapteri i ri i Erionit, ka nj\u00eb zyr\u00eb ngjitur tij, si\u00e7 ka bashk\u00ebpun\u00ebtor Agim Ismailin, si lidhet me rrjedhjen e informacionit nga SPAK-u dhe kurthi dhe intrigat p\u00ebr publikimin e tyre. Fatmir Xhafaj nuk \u00ebsht\u00eb akuzuar politikisht. Fatmir Xhafaj \u00ebsht\u00eb akuzuar si avokat i dosjes \u201c5D\u201d, i drejtor\u00ebve t\u00eb Bashkis\u00eb s\u00eb Tiran\u00ebs q\u00eb e b\u00ebn\u00eb deputet.<\/p>\n<p>Kjo \u00ebsht\u00eb e v\u00ebrteta pse \u00ebsht\u00eb akuzuar Fatmir Xhafaj dhe pse Erioni e trajton si kapter. T\u00eb gjitha q\u00eb p\u00ebrmend\u00ebm m\u00eb sip\u00ebr e shum\u00eb t\u00eb tjera jan\u00eb nj\u00eb piktur\u00eb e qart\u00eb tashm\u00eb se cili \u00ebsht\u00eb universi i Erion Veliajt. Se si e trajton bashkin\u00eb, si nj\u00eb tuf\u00eb me ushtar\u00eb. Se si i trajton koleg\u00ebt dhe bashk\u00ebpun\u00ebtor\u00ebt, si nj\u00eb tuf\u00eb me kapter\u00eb. Pasi\u00a0Fatmir Xhafaj kishte pasur dh\u00ebndrin drejtor, Fatmiri ishte af\u00ebr lejeve t\u00eb nd\u00ebrtimit, Fatmir Xhafaj po drejtonte komisionin e ri, gjoja t\u00eb reform\u00ebs n\u00eb drejt\u00ebsi, dhe k\u00ebt\u00eb e kontrollonte Erioni dhe ky komision duhet q\u00eb t\u00eb godiste SPAK-un q\u00eb t\u00eb mos arrestohej Erioni.<\/p>\n<p>Ky ishte nj\u00eb shtantazh dhe nj\u00eb presion i hapur, i cili u b\u00eb me urdh\u00ebr t\u00eb Erion Veliajt nga burgu i Durr\u00ebsit p\u00ebr t\u00eb k\u00ebrc\u00ebnuar, kanosur, shpifur, fyer, shar\u00eb, krijuar intriga, me urdh\u00ebr t\u00eb Erion Veliajt kund\u00ebr prokuror\u00ebve, kund\u00ebr gjyqtar\u00ebve, kund\u00ebr gazetar\u00ebve dhe kund\u00ebr kujtdo q\u00eb n\u00eb Shqip\u00ebri guxon dhe thot\u00eb t\u00eb v\u00ebrtet\u00ebn. At\u00eb t\u00eb v\u00ebrtet\u00eb q\u00eb i ka \u00e7jerr\u00eb mask\u00ebn Erion Veliajt, Fatmir Xhafajt q\u00eb fatkeq\u00ebsisht Erion Veliaj e trejton si nj\u00eb kapteruc.\/\u00a0<a href=\"https:\/\/www.cna.al\/denoncim\/erion-veliaj-trajton-fatmirin-si-kapteruc-i426902\" target=\"_blank\" rel=\"noopener\"><strong>CNA<\/strong><\/a><\/p>\n","protected":false},"excerpt":{"rendered":"<p>N\u00eb p\u00ebrgjimet e sjella nga CNA t\u00eb b\u00ebra n\u00eb burgun e Durr\u00ebsit, ku i pandehuri Erion Veliaj me dit\u00eb t\u00eb t\u00ebra komunikon me bashk\u00ebshorten, v\u00ebllan\u00eb, jep urdhra, komanda, th\u00ebrret n\u00eb apel Carlo Bollino-n, Mero Bazen deri te kryeministri Rama. P\u00ebrgjimet e Veliajt\/13 faqe me k\u00ebrc\u00ebnime, mashtrime dhe manipulime. N\u00eb nj\u00eb nga dit\u00ebt, m\u00eb 8 mars, &hellip;<\/p>\n","protected":false},"author":4,"featured_media":105690,"comment_status":"closed","ping_status":"closed","sticky":false,"template":"","format":"standard","meta":{"footnotes":""},"categories":[37],"tags":[],"class_list":["post-109633","post","type-post","status-publish","format-standard","has-post-thumbnail","","category-politike"],"_links":{"self":[{"href":"https:\/\/rdnews.al\/index.php\/wp-json\/wp\/v2\/posts\/109633","targetHints":{"allow":["GET"]}}],"collection":[{"href":"https:\/\/rdnews.al\/index.php\/wp-json\/wp\/v2\/posts"}],"about":[{"href":"https:\/\/rdnews.al\/index.php\/wp-json\/wp\/v2\/types\/post"}],"author":[{"embeddable":true,"href":"https:\/\/rdnews.al\/index.php\/wp-json\/wp\/v2\/users\/4"}],"replies":[{"embeddable":true,"href":"https:\/\/rdnews.al\/index.php\/wp-json\/wp\/v2\/comments?post=109633"}],"version-history":[{"count":1,"href":"https:\/\/rdnews.al\/index.php\/wp-json\/wp\/v2\/posts\/109633\/revisions"}],"predecessor-version":[{"id":109634,"href":"https:\/\/rdnews.al\/index.php\/wp-json\/wp\/v2\/posts\/109633\/revisions\/109634"}],"wp:featuredmedia":[{"embeddable":true,"href":"https:\/\/rdnews.al\/index.php\/wp-json\/wp\/v2\/media\/105690"}],"wp:attachment":[{"href":"https:\/\/rdnews.al\/index.php\/wp-json\/wp\/v2\/media?parent=109633"}],"wp:term":[{"taxonomy":"category","embeddable":true,"href":"https:\/\/rdnews.al\/index.php\/wp-json\/wp\/v2\/categories?post=109633"},{"taxonomy":"post_tag","embeddable":true,"href":"https:\/\/rdnews.al\/index.php\/wp-json\/wp\/v2\/tags?post=109633"}],"curies":[{"name":"wp","href":"https:\/\/api.w.org\/{rel}","templated":true}]}}