{"id":109635,"date":"2025-04-07T10:26:18","date_gmt":"2025-04-07T10:26:18","guid":{"rendered":"https:\/\/rdnews.al\/?p=109635"},"modified":"2025-04-07T11:14:41","modified_gmt":"2025-04-07T11:14:41","slug":"bardhi-pse-balluku-po-tenton-rizgjedhjen-e-myzyrit-ne-krye-te-komisionit-te-prokurimeve-publike","status":"publish","type":"post","link":"https:\/\/rdnews.al\/index.php\/2025\/04\/07\/bardhi-pse-balluku-po-tenton-rizgjedhjen-e-myzyrit-ne-krye-te-komisionit-te-prokurimeve-publike\/","title":{"rendered":"Pse Balluku po tenton rizgjedhjen e Myzyrit n\u00eb krye t\u00eb Komisionit t\u00eb Prokurimeve Publike!"},"content":{"rendered":"<p>Drejtuesi politik i PD p\u00ebr qarkun e Fierit, Gazment Bardhi, n\u00eb nj\u00eb postim n\u00eb Facebook shkruan se, Belinda Balluku po b\u00ebn \u00e7&#8217;mos q\u00eb t\u00eb imponoj\u00eb rizgjedhjen e Jonaid Myzyrit n\u00eb krye t\u00eb Komisionit t\u00eb Prokurimeve Publike, pavar\u00ebsisht se mandati i tij p\u00ebrfundon n\u00eb muajin korrik.<\/p>\n<p>Bardhi thekson se, Myzyri \u00ebsht\u00eb i p\u00ebrfshir\u00eb n\u00eb disa skandale t\u00eb m\u00ebdha korruptive, p\u00ebrfshir\u00eb favorizimin e kontratave multimilion\u00ebshe p\u00ebr kompanin\u00eb Alko-Impex, t\u00eb cilat jan\u00eb aktualisht objekt hetimi nga SPAK.<\/p>\n<p><strong>Reagimi i Bardhit<\/strong><\/p>\n<p>Belinda Balluku po b\u00ebn \u00e7\u2019mos q\u00eb t\u00eb imponoj\u00eb rizgjedhjen e Jonaid Myzyrit n\u00eb krye t\u00eb Komisionit t\u00eb Prokurimeve Publike pas dy muajsh dhe pse Myzyrit i p\u00ebrfundon mandati n\u00eb korrik.<\/p>\n<p>Jonaid Myzyri \u00ebsht\u00eb i implikuar jo vet\u00ebm me favorizimet multimilion\u00ebshe t\u00eb Alko-Impex t\u00eb cilat po hetoen nga SPAK, por ai \u00ebsht\u00eb dhe t\u00ebrthorazi financues i fushat\u00ebs s\u00eb Ballukut dhe blerjes s\u00eb votave pasi firmos fitoren e kompanive t\u00eb sugjeruara nga Balluku q\u00eb m\u00eb pas k\u00ebto kompani t\u00eb punojn\u00eb n\u00eb Fier p\u00ebr blerje votash. Por harrojn\u00eb q\u00eb nuk kan\u00eb koh\u00eb e mund\u00ebsi, SPAK po u troket n\u00eb der\u00eb!<\/p>\n<p>&nbsp;<\/p>\n<p><iframe loading=\"lazy\" src=\"https:\/\/www.facebook.com\/plugins\/post.php?href=https%3A%2F%2Fwww.facebook.com%2Fgazmentbardhi.al%2Fposts%2Fpfbid023yexEPpuPCCC2vCvi81dCxSfNiTHa35MbYgK8yngtmP93RDFoLn7huZTBanem9hJl&amp;show_text=true&amp;width=500\" width=\"500\" height=\"751\" frameborder=\"0\" scrolling=\"no\" allowfullscreen=\"allowfullscreen\" data-mce-fragment=\"1\"><\/iframe><\/p>\n","protected":false},"excerpt":{"rendered":"<p>Drejtuesi politik i PD p\u00ebr qarkun e Fierit, Gazment Bardhi, n\u00eb nj\u00eb postim n\u00eb Facebook shkruan se, Belinda Balluku po b\u00ebn \u00e7&#8217;mos q\u00eb t\u00eb imponoj\u00eb rizgjedhjen e Jonaid Myzyrit n\u00eb krye t\u00eb Komisionit t\u00eb Prokurimeve Publike, pavar\u00ebsisht se mandati i tij p\u00ebrfundon n\u00eb muajin korrik. Bardhi thekson se, Myzyri \u00ebsht\u00eb i p\u00ebrfshir\u00eb n\u00eb disa skandale &hellip;<\/p>\n","protected":false},"author":4,"featured_media":109636,"comment_status":"closed","ping_status":"closed","sticky":false,"template":"","format":"standard","meta":{"footnotes":""},"categories":[37],"tags":[],"class_list":["post-109635","post","type-post","status-publish","format-standard","has-post-thumbnail","","category-politike"],"_links":{"self":[{"href":"https:\/\/rdnews.al\/index.php\/wp-json\/wp\/v2\/posts\/109635","targetHints":{"allow":["GET"]}}],"collection":[{"href":"https:\/\/rdnews.al\/index.php\/wp-json\/wp\/v2\/posts"}],"about":[{"href":"https:\/\/rdnews.al\/index.php\/wp-json\/wp\/v2\/types\/post"}],"author":[{"embeddable":true,"href":"https:\/\/rdnews.al\/index.php\/wp-json\/wp\/v2\/users\/4"}],"replies":[{"embeddable":true,"href":"https:\/\/rdnews.al\/index.php\/wp-json\/wp\/v2\/comments?post=109635"}],"version-history":[{"count":2,"href":"https:\/\/rdnews.al\/index.php\/wp-json\/wp\/v2\/posts\/109635\/revisions"}],"predecessor-version":[{"id":109642,"href":"https:\/\/rdnews.al\/index.php\/wp-json\/wp\/v2\/posts\/109635\/revisions\/109642"}],"wp:featuredmedia":[{"embeddable":true,"href":"https:\/\/rdnews.al\/index.php\/wp-json\/wp\/v2\/media\/109636"}],"wp:attachment":[{"href":"https:\/\/rdnews.al\/index.php\/wp-json\/wp\/v2\/media?parent=109635"}],"wp:term":[{"taxonomy":"category","embeddable":true,"href":"https:\/\/rdnews.al\/index.php\/wp-json\/wp\/v2\/categories?post=109635"},{"taxonomy":"post_tag","embeddable":true,"href":"https:\/\/rdnews.al\/index.php\/wp-json\/wp\/v2\/tags?post=109635"}],"curies":[{"name":"wp","href":"https:\/\/api.w.org\/{rel}","templated":true}]}}