{"id":109725,"date":"2025-04-08T10:03:19","date_gmt":"2025-04-08T10:03:19","guid":{"rendered":"https:\/\/rdnews.al\/?p=109725"},"modified":"2025-04-08T10:03:41","modified_gmt":"2025-04-08T10:03:41","slug":"tabaku-kriza-ne-konsum-shkak-i-renies-se-te-ardhurave-duhet-nje-qeveri-efikase-me-taksa-te-uleta","status":"publish","type":"post","link":"https:\/\/rdnews.al\/index.php\/2025\/04\/08\/tabaku-kriza-ne-konsum-shkak-i-renies-se-te-ardhurave-duhet-nje-qeveri-efikase-me-taksa-te-uleta\/","title":{"rendered":"Tabaku: Kriza n\u00eb konsum shkak i r\u00ebnies s\u00eb t\u00eb ardhurave! Duhet nj\u00eb qeveri efikase me taksa t\u00eb ul\u00ebta!"},"content":{"rendered":"<p>Deputetja e PD, kandidatja p\u00ebr list\u00ebn e hapur, Jorida Tabaku, zhvilloi nj\u00eb takim me qytetar\u00ebt dhe bizneset n\u00eb rrug\u00ebt \u201cHajdar Hidi\u201d dhe \u201cIslam Alla\u201d n\u00eb kryeqytet, duke diskutuar shqet\u00ebsimet kryesore lidhur me kriz\u00ebn ekonomike.<\/p>\n<p>N\u00eb bised\u00eb me bizneset dhe qytetar\u00ebt, Tabaku argumentoi se, kriza aktuale n\u00eb konsum vjen kryesisht si pasoj\u00eb e r\u00ebnies s\u00eb t\u00eb ardhurave t\u00eb qytetar\u00ebve.<\/p>\n<p>Sipas saj, kjo situat\u00eb ka d\u00ebmtuar ndjesh\u00ebm fuqin\u00eb bler\u00ebse dhe \u00ebsht\u00eb reflektuar menj\u00ebher\u00eb n\u00eb aktivitetin ekonomik t\u00eb bizneseve.<\/p>\n<p>Tabaku shpjegoi se nj\u00eb nd\u00ebr shkaktar\u00ebt kryesor\u00eb t\u00eb rritjes s\u00eb kostove dhe \u00e7mimeve \u00ebsht\u00eb niveli i lart\u00eb i taksave mbi karburantet.<\/p>\n<p>\u201cTaksat tek nafta z\u00ebn\u00eb 50% t\u00eb \u00e7mimit p\u00ebrfundimtar q\u00eb paguajn\u00eb qytetar\u00ebt dhe bizneset, heqja ose ulja e k\u00ebtyre taksave do t\u00eb ndikonte drejtp\u00ebrdrejt n\u00eb uljen e \u00e7mimeve dhe p\u00ebrmir\u00ebsimin e konsumit\u201d,\u00a0\u00ebsht\u00eb shprehur ajo.<\/p>\n<p>Si zgjidhje konkrete, Tabaku propozoi modelin e nj\u00eb shteti t\u00eb vog\u00ebl, me taksa t\u00eb ul\u00ebta dhe nj\u00eb qeveri m\u00eb efikase, q\u00eb punon realisht n\u00eb interes t\u00eb shqiptar\u00ebve.<\/p>\n<p>Ajo u b\u00ebri thirrje qytetar\u00ebve q\u00eb m\u00eb 11 maj t\u00eb votojn\u00eb p\u00ebr politika q\u00eb synojn\u00eb rikthimin e mir\u00ebqenies ekonomike dhe fuqizimin e biznesit.<\/p>\n","protected":false},"excerpt":{"rendered":"<p>Deputetja e PD, kandidatja p\u00ebr list\u00ebn e hapur, Jorida Tabaku, zhvilloi nj\u00eb takim me qytetar\u00ebt dhe bizneset n\u00eb rrug\u00ebt \u201cHajdar Hidi\u201d dhe \u201cIslam Alla\u201d n\u00eb kryeqytet, duke diskutuar shqet\u00ebsimet kryesore lidhur me kriz\u00ebn ekonomike. N\u00eb bised\u00eb me bizneset dhe qytetar\u00ebt, Tabaku argumentoi se, kriza aktuale n\u00eb konsum vjen kryesisht si pasoj\u00eb e r\u00ebnies s\u00eb t\u00eb &hellip;<\/p>\n","protected":false},"author":4,"featured_media":109726,"comment_status":"closed","ping_status":"closed","sticky":false,"template":"","format":"standard","meta":{"footnotes":""},"categories":[37],"tags":[],"class_list":["post-109725","post","type-post","status-publish","format-standard","has-post-thumbnail","","category-politike"],"_links":{"self":[{"href":"https:\/\/rdnews.al\/index.php\/wp-json\/wp\/v2\/posts\/109725","targetHints":{"allow":["GET"]}}],"collection":[{"href":"https:\/\/rdnews.al\/index.php\/wp-json\/wp\/v2\/posts"}],"about":[{"href":"https:\/\/rdnews.al\/index.php\/wp-json\/wp\/v2\/types\/post"}],"author":[{"embeddable":true,"href":"https:\/\/rdnews.al\/index.php\/wp-json\/wp\/v2\/users\/4"}],"replies":[{"embeddable":true,"href":"https:\/\/rdnews.al\/index.php\/wp-json\/wp\/v2\/comments?post=109725"}],"version-history":[{"count":2,"href":"https:\/\/rdnews.al\/index.php\/wp-json\/wp\/v2\/posts\/109725\/revisions"}],"predecessor-version":[{"id":109728,"href":"https:\/\/rdnews.al\/index.php\/wp-json\/wp\/v2\/posts\/109725\/revisions\/109728"}],"wp:featuredmedia":[{"embeddable":true,"href":"https:\/\/rdnews.al\/index.php\/wp-json\/wp\/v2\/media\/109726"}],"wp:attachment":[{"href":"https:\/\/rdnews.al\/index.php\/wp-json\/wp\/v2\/media?parent=109725"}],"wp:term":[{"taxonomy":"category","embeddable":true,"href":"https:\/\/rdnews.al\/index.php\/wp-json\/wp\/v2\/categories?post=109725"},{"taxonomy":"post_tag","embeddable":true,"href":"https:\/\/rdnews.al\/index.php\/wp-json\/wp\/v2\/tags?post=109725"}],"curies":[{"name":"wp","href":"https:\/\/api.w.org\/{rel}","templated":true}]}}