{"id":10982,"date":"2022-05-02T16:21:43","date_gmt":"2022-05-02T16:21:43","guid":{"rendered":"https:\/\/rdnews.al\/?p=10982"},"modified":"2022-05-02T16:21:43","modified_gmt":"2022-05-02T16:21:43","slug":"rama-paraqet-si-sukses-hotelin-e-termetit-te-tepelenes","status":"publish","type":"post","link":"https:\/\/rdnews.al\/index.php\/2022\/05\/02\/rama-paraqet-si-sukses-hotelin-e-termetit-te-tepelenes\/","title":{"rendered":"Rama paraqet si sukses hotelin e T\u00ebrmetit t\u00eb Tepelen\u00ebs"},"content":{"rendered":"<p>Kryeministri Edi Rama ka pasqyruar projektin m\u00eb t\u00eb ri tek Uji i Ftoht\u00eb n\u00eb Tepelen\u00eb ku nj\u00eb hotel ka hapur dyert. Dhe \u2018rast\u00ebsisht\u2019 ky hotel p\u00ebrve\u00e7 se \u00ebsht\u00eb impaktuar nga rilindja urbane \u00ebsht\u00eb dhe pron e \u2018rilindjes urbane\u2019<\/p>\n<p>Sipas banorve t\u00eb zon\u00ebs ky hotel \u00ebsht\u00eb i nd\u00ebrtuar nga familjar\u00ebt e Gramoz Rru\u00e7it dhe T\u00ebrrmet Pe\u00e7it!<\/p>\n<p>Sipas t\u00eb dh\u00ebnave zyrtare n\u00eb QKB pronar legjitim jan\u00eb Bruno dhe David Hysi, por sipas banorve t\u00eb zon\u00ebs aty mendohet se nd\u00ebrtimi i k\u00ebtij hoteli ka pasur shum konflikte dhe mbrapa tij fshihen njer\u00ebs t\u00eb lidhur me politik\u00ebn!<\/p>\n<p>\u00c7udira t\u00eb tilla ndodhin vet\u00ebm n\u00eb Shqip\u00ebri!<\/p>\n<p>\u201cNj\u00eb hotel i bukur n\u00eb mes t\u00eb nj\u00eb natyre magjike, sapo ka hapur dyert tek Uji i Ftoht\u00eb n\u00eb Tepelen\u00eb; nj\u00eb tjet\u00ebr shemb\u00eblltyr\u00eb kuptimplot\u00eb e impaktit ekonomik e social t\u00eb Rilindjes Urbane, e cila po sjell bujtina e hotele n\u00eb Tepelen\u00ebn ku deri dje kishte vet\u00ebm rr\u00ebnim, pluhur e braktisje\u201d, shkruan Rama.<\/p>\n<p><img loading=\"lazy\" decoding=\"async\" class=\"alignnone  wp-image-10984\" src=\"https:\/\/rdnews.al\/wp-content\/uploads\/2022\/05\/hh.jpeg\" alt=\"\" width=\"291\" height=\"388\" \/><\/p>\n","protected":false},"excerpt":{"rendered":"<p>Kryeministri Edi Rama ka pasqyruar projektin m\u00eb t\u00eb ri tek Uji i Ftoht\u00eb n\u00eb Tepelen\u00eb ku nj\u00eb hotel ka hapur dyert. Dhe \u2018rast\u00ebsisht\u2019 ky hotel p\u00ebrve\u00e7 se \u00ebsht\u00eb impaktuar nga rilindja urbane \u00ebsht\u00eb dhe pron e \u2018rilindjes urbane\u2019 Sipas banorve t\u00eb zon\u00ebs ky hotel \u00ebsht\u00eb i nd\u00ebrtuar nga familjar\u00ebt e Gramoz Rru\u00e7it dhe T\u00ebrrmet Pe\u00e7it! &hellip;<\/p>\n","protected":false},"author":4,"featured_media":10983,"comment_status":"open","ping_status":"open","sticky":false,"template":"","format":"standard","meta":{"footnotes":""},"categories":[40],"tags":[],"class_list":["post-10982","post","type-post","status-publish","format-standard","has-post-thumbnail","","category-aktualitet"],"_links":{"self":[{"href":"https:\/\/rdnews.al\/index.php\/wp-json\/wp\/v2\/posts\/10982","targetHints":{"allow":["GET"]}}],"collection":[{"href":"https:\/\/rdnews.al\/index.php\/wp-json\/wp\/v2\/posts"}],"about":[{"href":"https:\/\/rdnews.al\/index.php\/wp-json\/wp\/v2\/types\/post"}],"author":[{"embeddable":true,"href":"https:\/\/rdnews.al\/index.php\/wp-json\/wp\/v2\/users\/4"}],"replies":[{"embeddable":true,"href":"https:\/\/rdnews.al\/index.php\/wp-json\/wp\/v2\/comments?post=10982"}],"version-history":[{"count":0,"href":"https:\/\/rdnews.al\/index.php\/wp-json\/wp\/v2\/posts\/10982\/revisions"}],"wp:featuredmedia":[{"embeddable":true,"href":"https:\/\/rdnews.al\/index.php\/wp-json\/wp\/v2\/media\/10983"}],"wp:attachment":[{"href":"https:\/\/rdnews.al\/index.php\/wp-json\/wp\/v2\/media?parent=10982"}],"wp:term":[{"taxonomy":"category","embeddable":true,"href":"https:\/\/rdnews.al\/index.php\/wp-json\/wp\/v2\/categories?post=10982"},{"taxonomy":"post_tag","embeddable":true,"href":"https:\/\/rdnews.al\/index.php\/wp-json\/wp\/v2\/tags?post=10982"}],"curies":[{"name":"wp","href":"https:\/\/api.w.org\/{rel}","templated":true}]}}