{"id":109834,"date":"2025-04-09T10:46:34","date_gmt":"2025-04-09T10:46:34","guid":{"rendered":"https:\/\/rdnews.al\/?p=109834"},"modified":"2025-04-09T10:46:34","modified_gmt":"2025-04-09T10:46:34","slug":"peka-programi-i-pd-do-te-siguroje-rendin-dhe-sigurine-publike-si-premise-kryesore-per-zhvillim","status":"publish","type":"post","link":"https:\/\/rdnews.al\/index.php\/2025\/04\/09\/peka-programi-i-pd-do-te-siguroje-rendin-dhe-sigurine-publike-si-premise-kryesore-per-zhvillim\/","title":{"rendered":"Peka: Programi i PD do t\u00eb siguroj\u00eb rendin dhe sigurin\u00eb publike si premis\u00eb kryesore p\u00ebr zhvillim"},"content":{"rendered":"<p>Dit\u00ebn e sotme, kryetari i Partis\u00eb Demokratike, zoti Sali Berisha, ka prezantuar p\u00ebr qytetar\u00ebt programin e PD p\u00ebr rendin dhe sigurin\u00eb, ku mbajti nj\u00eb fjalim t\u00eb r\u00ebnd\u00ebsish\u00ebm.<\/p>\n<p>Drejtuesi i \u201cDepartamentit t\u00eb Siguris\u00eb\u201d n\u00eb PD, Avenir Peka, theksoi se, ky program ka si q\u00ebllim t\u00eb siguroj\u00eb rendin dhe sigurin\u00eb n\u00eb vend, duke krijuar premisat e nevojshme p\u00ebr zhvillimin social dhe ekonomik t\u00eb Shqip\u00ebris\u00eb.<\/p>\n<p>\u201cRendi dhe siguria, jo pa q\u00ebllim, jan\u00eb l\u00ebn\u00eb n\u00eb fund, pasi t\u00eb gjitha pikat e programit t\u00eb PD-s\u00eb nuk kan\u00eb asnj\u00eb kuptim n\u00ebse n\u00eb Shqip\u00ebri nuk krijohet nj\u00eb infrastruktur\u00eb e rendit dhe e siguris\u00eb, e cila do t\u00eb mund\u00ebsonte realizimin e qeverisjes dhe t\u00eb programit t\u00eb PD-s\u00eb.<\/p>\n<p>Programi \u00ebsht\u00eb i organizuar n\u00eb disa pika q\u00eb konsistojn\u00eb n\u00eb krijimin e nj\u00eb vendi q\u00eb siguron rendin dhe sigurin\u00eb publike si premis\u00eb kryesore p\u00ebr zhvillimin e m\u00ebtejsh\u00ebm social dhe ekonomik.<\/p>\n<p>N\u00eb 12 vitet e qeverisjes s\u00eb PS-s\u00eb, nj\u00eb nga pikat kryesore q\u00eb ka shfaqur probleme \u00ebsht\u00eb rendi dhe siguria publike, fuqizimi i grupeve kriminale, vendas dhe nd\u00ebrkomb\u00ebtar\u00eb, si dhe penetrimi i k\u00ebtyre bandave n\u00eb institucionet e siguris\u00eb dhe n\u00eb politik\u00eb. Kemi par\u00eb gjat\u00eb k\u00ebtyre viteve p\u00ebrfshirjen e ministrave n\u00eb kultivimin dhe promovimin e trafikimit t\u00eb drog\u00ebs. Kemi par\u00eb drejtues t\u00eb lart\u00eb t\u00eb Policis\u00eb s\u00eb Shtetit t\u00eb implikuar drejtp\u00ebrdrejt me bandat kriminale, t\u00eb sponsorizuar nga k\u00ebto grupe dhe t\u00eb p\u00ebrfshir\u00eb n\u00eb l\u00ebnd\u00ebt narkotike dhe pastrimin e parave.<\/p>\n<p>N\u00eb k\u00ebt\u00eb aspekt, elementi i par\u00eb q\u00eb duhet t\u00eb shtjellojm\u00eb sot \u00ebsht\u00eb fakti se nuk mund t\u00eb arrijm\u00eb nivelet e k\u00ebrkuara nga shoq\u00ebria p\u00ebr pastrimin e Shqip\u00ebris\u00eb nga aktivitetet e paligjshme n\u00ebse nuk pastrojm\u00eb sht\u00ebpin\u00eb ton\u00eb. Pastrimi fillon nga Policia e Shtetit dhe nga institucionet e tjera t\u00eb siguris\u00eb, t\u00eb cilat jan\u00eb t\u00eb lidhura me sigurin\u00eb e brendshme dhe luft\u00ebn kund\u00ebr krimit t\u00eb organizuar\u201d, tha Peka.<\/p>\n","protected":false},"excerpt":{"rendered":"<p>Dit\u00ebn e sotme, kryetari i Partis\u00eb Demokratike, zoti Sali Berisha, ka prezantuar p\u00ebr qytetar\u00ebt programin e PD p\u00ebr rendin dhe sigurin\u00eb, ku mbajti nj\u00eb fjalim t\u00eb r\u00ebnd\u00ebsish\u00ebm. Drejtuesi i \u201cDepartamentit t\u00eb Siguris\u00eb\u201d n\u00eb PD, Avenir Peka, theksoi se, ky program ka si q\u00ebllim t\u00eb siguroj\u00eb rendin dhe sigurin\u00eb n\u00eb vend, duke krijuar premisat e nevojshme &hellip;<\/p>\n","protected":false},"author":4,"featured_media":109835,"comment_status":"closed","ping_status":"closed","sticky":false,"template":"","format":"standard","meta":{"footnotes":""},"categories":[37],"tags":[],"class_list":["post-109834","post","type-post","status-publish","format-standard","has-post-thumbnail","","category-politike"],"_links":{"self":[{"href":"https:\/\/rdnews.al\/index.php\/wp-json\/wp\/v2\/posts\/109834","targetHints":{"allow":["GET"]}}],"collection":[{"href":"https:\/\/rdnews.al\/index.php\/wp-json\/wp\/v2\/posts"}],"about":[{"href":"https:\/\/rdnews.al\/index.php\/wp-json\/wp\/v2\/types\/post"}],"author":[{"embeddable":true,"href":"https:\/\/rdnews.al\/index.php\/wp-json\/wp\/v2\/users\/4"}],"replies":[{"embeddable":true,"href":"https:\/\/rdnews.al\/index.php\/wp-json\/wp\/v2\/comments?post=109834"}],"version-history":[{"count":1,"href":"https:\/\/rdnews.al\/index.php\/wp-json\/wp\/v2\/posts\/109834\/revisions"}],"predecessor-version":[{"id":109836,"href":"https:\/\/rdnews.al\/index.php\/wp-json\/wp\/v2\/posts\/109834\/revisions\/109836"}],"wp:featuredmedia":[{"embeddable":true,"href":"https:\/\/rdnews.al\/index.php\/wp-json\/wp\/v2\/media\/109835"}],"wp:attachment":[{"href":"https:\/\/rdnews.al\/index.php\/wp-json\/wp\/v2\/media?parent=109834"}],"wp:term":[{"taxonomy":"category","embeddable":true,"href":"https:\/\/rdnews.al\/index.php\/wp-json\/wp\/v2\/categories?post=109834"},{"taxonomy":"post_tag","embeddable":true,"href":"https:\/\/rdnews.al\/index.php\/wp-json\/wp\/v2\/tags?post=109834"}],"curies":[{"name":"wp","href":"https:\/\/api.w.org\/{rel}","templated":true}]}}