{"id":109896,"date":"2025-04-09T21:17:32","date_gmt":"2025-04-09T21:17:32","guid":{"rendered":"https:\/\/rdnews.al\/?p=109896"},"modified":"2025-04-09T21:17:32","modified_gmt":"2025-04-09T21:17:32","slug":"kandidati-i-pd-ne-durres-i-pergjigjet-lodres-se-rames","status":"publish","type":"post","link":"https:\/\/rdnews.al\/index.php\/2025\/04\/09\/kandidati-i-pd-ne-durres-i-pergjigjet-lodres-se-rames\/","title":{"rendered":"Kandidati i PD n\u00eb Durr\u00ebs i p\u00ebrgjigjet &#8220;lodr\u00ebs&#8221; s\u00eb Ram\u00ebs"},"content":{"rendered":"<p>Arian NDOJA<\/p>\n<p>Sot m\u00ebsova nga mediat se Z.Lulzim Basha m\u00eb paska b\u00ebr\u00eb kallezim penal n\u00eb SPAK si nj\u00eb kandidat p\u00ebr deputet i opozit\u00ebs q\u00eb u b\u00ebn presion votuesve p\u00ebr t\u00eb mbledhur vota! Un\u00eb jam Arian Ndoja, i arsimuar n\u00eb Drejt\u00ebsi dhe Ekonomi, kam mbaruar Shkoll\u00ebn e Magjistratur\u00ebs duke marr\u00eb titullin Magjistrat Prokuror, kam grad\u00ebn Doktor i Shkencave Juridike, dhe jam pjesetar i nj\u00eb familjeje t\u00eb nderuar intelektuale.<\/p>\n<p>Gjat\u00eb gjith\u00eb jet\u00ebs time marr\u00ebdh\u00ebniet me njer\u00ebzit i kam nd\u00ebrtuar vet\u00ebm p\u00ebrmes pun\u00ebs, dialogut, respektit dhe mir\u00ebkuptimit. N\u00eb asnj\u00eb rast un\u00eb nuk kam shitur mandate deputet\u00ebsh, leje nd\u00ebrtimi dhe nuk kam shp\u00ebrdoruar besimin e zgjedh\u00ebsve t\u00eb nj\u00eb zone dhe aq m\u00eb pak at\u00eb t\u00eb mij\u00ebra demokrat\u00ebve. Un\u00eb nuk i kam hedhur n\u00eb rrug\u00eb anetar\u00ebt e Partis\u00eb Demokratike dhe as votuesit e k\u00ebsaj force p\u00ebr t\u2019i dh\u00ebn\u00eb pushtet n\u00eb tavolin\u00eb Edi Ram\u00ebs. P\u00ebrtej falsitetit t\u00eb akuz\u00ebs s\u00eb stisur m\u00eb lind natyrsh\u00ebm mendimi se k\u00ebt\u00eb gj\u00eb mund ta b\u00ebj\u00eb dikush q\u00eb ndien rr\u00ebzik nga kandidimi im, ose ndonje personazh q\u00eb p\u00ebrdoret n\u00eb m\u00ebnyre komike n\u00eb batutat folklorike n\u00eb tik tokun e Edi Ram\u00ebs.<\/p>\n<p>Ajo q\u00eb e b\u00ebn edhe m\u00eb absurde k\u00ebt\u00eb akuze \u00ebsht\u00eb fakti q\u00eb nga komunikime me an\u00ebtar\u00ebt e simpatizant\u00eb t\u00eb Partis\u00eb Demokratike pas marrjes dijeni p\u00ebr k\u00ebt\u00eb kall\u00ebzim, me thuhet se Z. Lulzim Basha edhe pse ka justifikuar 10 vjet humbje n\u00eb opozite me vjedhjet dhe presionet e b\u00ebra nga Edi Rama, nuk ka marr\u00eb asnjehere iniciativ\u00ebn n\u00eb nj\u00eb dekade, si kryetar opozite, t\u00eb padis\u00eb qoft\u00eb edhe nj\u00eb personazh apo eksponent t\u00eb bot\u00ebs s\u00eb krimit t\u00eb organizuar p\u00ebr presion,vjedhje apo blerje votash.<\/p>\n<p>P\u00ebrkundrazi m\u00eb thuhet nga strukturat dhe simpatizant\u00ebt se ai ka p\u00ebrdorur djers\u00ebn, sakrificat, mundin e madje dhe gjakun e atyre demokrat\u00ebve q\u00eb jan\u00eb p\u00ebrballur me bandat e Edi Ram\u00ebs vet\u00ebm p\u00ebr t\u00eb rritur vlerat e marr\u00ebveshjeve q\u00eb b\u00ebn me t\u00eb! Sulme t\u00eb tilla vet\u00ebm sa me p\u00ebrforcojn\u00eb bindjen se Edi Rama ka filluar ta ndjej\u00eb er\u00ebn e humbjes n\u00eb Qarkun e Durresit dhe se deri dit\u00ebn e zgjedhjeve duhet t\u00eb dedikojme cdo shqise energji dhe mundesi p\u00ebr t\u00eb rikthyer Durr\u00ebsin n\u00eb bastion t\u00eb demokracis\u00eb p\u00ebr realizimin e misionit t\u00eb Shqip\u00ebrise Madh\u00ebshtore! Mbetem i p\u00ebrkushtuar n\u00eb realizimin e misionit ton\u00eb si ekip p\u00ebr ndryshimin e qeverisjes s\u00eb vendit.<\/p>\n","protected":false},"excerpt":{"rendered":"<p>Arian NDOJA Sot m\u00ebsova nga mediat se Z.Lulzim Basha m\u00eb paska b\u00ebr\u00eb kallezim penal n\u00eb SPAK si nj\u00eb kandidat p\u00ebr deputet i opozit\u00ebs q\u00eb u b\u00ebn presion votuesve p\u00ebr t\u00eb mbledhur vota! Un\u00eb jam Arian Ndoja, i arsimuar n\u00eb Drejt\u00ebsi dhe Ekonomi, kam mbaruar Shkoll\u00ebn e Magjistratur\u00ebs duke marr\u00eb titullin Magjistrat Prokuror, kam grad\u00ebn Doktor &hellip;<\/p>\n","protected":false},"author":3,"featured_media":109897,"comment_status":"closed","ping_status":"closed","sticky":false,"template":"","format":"standard","meta":{"footnotes":""},"categories":[37],"tags":[],"class_list":["post-109896","post","type-post","status-publish","format-standard","has-post-thumbnail","","category-politike"],"_links":{"self":[{"href":"https:\/\/rdnews.al\/index.php\/wp-json\/wp\/v2\/posts\/109896","targetHints":{"allow":["GET"]}}],"collection":[{"href":"https:\/\/rdnews.al\/index.php\/wp-json\/wp\/v2\/posts"}],"about":[{"href":"https:\/\/rdnews.al\/index.php\/wp-json\/wp\/v2\/types\/post"}],"author":[{"embeddable":true,"href":"https:\/\/rdnews.al\/index.php\/wp-json\/wp\/v2\/users\/3"}],"replies":[{"embeddable":true,"href":"https:\/\/rdnews.al\/index.php\/wp-json\/wp\/v2\/comments?post=109896"}],"version-history":[{"count":1,"href":"https:\/\/rdnews.al\/index.php\/wp-json\/wp\/v2\/posts\/109896\/revisions"}],"predecessor-version":[{"id":109898,"href":"https:\/\/rdnews.al\/index.php\/wp-json\/wp\/v2\/posts\/109896\/revisions\/109898"}],"wp:featuredmedia":[{"embeddable":true,"href":"https:\/\/rdnews.al\/index.php\/wp-json\/wp\/v2\/media\/109897"}],"wp:attachment":[{"href":"https:\/\/rdnews.al\/index.php\/wp-json\/wp\/v2\/media?parent=109896"}],"wp:term":[{"taxonomy":"category","embeddable":true,"href":"https:\/\/rdnews.al\/index.php\/wp-json\/wp\/v2\/categories?post=109896"},{"taxonomy":"post_tag","embeddable":true,"href":"https:\/\/rdnews.al\/index.php\/wp-json\/wp\/v2\/tags?post=109896"}],"curies":[{"name":"wp","href":"https:\/\/api.w.org\/{rel}","templated":true}]}}