{"id":109906,"date":"2025-04-10T08:22:11","date_gmt":"2025-04-10T08:22:11","guid":{"rendered":"https:\/\/rdnews.al\/?p=109906"},"modified":"2025-04-10T10:17:58","modified_gmt":"2025-04-10T10:17:58","slug":"gjermania-eshte-kthyer","status":"publish","type":"post","link":"https:\/\/rdnews.al\/index.php\/2025\/04\/10\/gjermania-eshte-kthyer\/","title":{"rendered":"Gjermania \u00ebsht\u00eb kthyer!"},"content":{"rendered":"<p><strong>Enton DO\u00c7I<\/strong><br \/>\n<strong>Lyon<\/strong><\/p>\n<p>Konservator\u00ebt e Gjermanis\u00eb n\u00ebn Friedrich Merz kan\u00eb arritur nj\u00eb marr\u00ebveshje me socialdemokrat\u00ebt p\u00ebr t\u00eb qeverisur ekonomin\u00eb m\u00eb t\u00eb madhe t\u00eb Evrop\u00ebs, pes\u00eb muaj pasi qeveria e m\u00ebparshme u rr\u00ebzua.<\/p>\n<p>Merz, 69 vje\u00e7, tha se marr\u00ebveshja e tyre d\u00ebrgoi \u201cnj\u00eb sinjal t\u00eb fort\u00eb dhe t\u00eb qart\u00eb\u201d p\u00ebr gjerman\u00ebt dhe BE-n\u00eb se ata do t\u00eb merrnin \u201cnj\u00eb qeveri t\u00eb fort\u00eb t\u00eb aft\u00eb p\u00ebr veprim\u201d, shkruajn\u00eb mediat e huaja, p\u00ebrcjell Telegrafi.<\/p>\n<p>Gjermania ishte tashm\u00eb n\u00eb recesion p\u00ebrpara se t\u00eb goditej nga turbulencat ekonomike, t\u00eb shkaktuara nga tarifat tregtare t\u00eb presidentit amerikan Donald Trump.<\/p>\n<p>\u201cMesazhi kryesor p\u00ebr Donald Trump \u00ebsht\u00eb se Gjermania \u00ebsht\u00eb kthyer n\u00eb rrug\u00ebn e duhur\u201d, tha kancelari n\u00eb pritje, duke premtuar t\u00eb p\u00ebrmbush\u00eb angazhimet e mbrojtjes dhe t\u00eb ringjall\u00eb konkurrenc\u00ebn ekonomike.<\/p>\n<p>Merz dhe partner\u00ebt e tij t\u00eb koalicionit kan\u00eb qen\u00eb n\u00ebn presion t\u00eb madh p\u00ebr t\u2019i dh\u00ebn\u00eb fund ng\u00ebr\u00e7it politik t\u00eb Gjermanis\u00eb q\u00eb kur kristiandemokrat\u00ebt e tij fituan zgjedhjet federale n\u00eb shkurt.<\/p>\n<p>Duke shpallur marr\u00ebveshjen e qeveris\u00eb, Merz premtoi t\u00eb reformoj\u00eb dhe stabilizoj\u00eb Gjermanin\u00eb, me fokus n\u00eb migrimin, ekonomin\u00eb dhe mbrojtjen.<\/p>\n<p>\u201cEvropa mund t\u00eb mb\u00ebshtetet te Gjermania\u201d, tha ai, duke premtuar \u201cnj\u00eb plan t\u00eb fort\u00eb p\u00ebr ta sjell\u00eb vendin ton\u00eb s\u00ebrish n\u00eb ball\u00eb t\u00eb zhvillimeve\u201d.<\/p>\n<p>Ai do t\u00eb duhet t\u00eb pres\u00eb jav\u00ebn q\u00eb fillon m\u00eb 5 maj q\u00eb parlamenti i ri ta zgjedh\u00eb at\u00eb si kancelar, por nuk duhet t\u00eb ket\u00eb asnj\u00eb problem me nj\u00eb shumic\u00eb prej 13 vendesh.<\/p>\n","protected":false},"excerpt":{"rendered":"<p>Enton DO\u00c7I Lyon Konservator\u00ebt e Gjermanis\u00eb n\u00ebn Friedrich Merz kan\u00eb arritur nj\u00eb marr\u00ebveshje me socialdemokrat\u00ebt p\u00ebr t\u00eb qeverisur ekonomin\u00eb m\u00eb t\u00eb madhe t\u00eb Evrop\u00ebs, pes\u00eb muaj pasi qeveria e m\u00ebparshme u rr\u00ebzua. Merz, 69 vje\u00e7, tha se marr\u00ebveshja e tyre d\u00ebrgoi \u201cnj\u00eb sinjal t\u00eb fort\u00eb dhe t\u00eb qart\u00eb\u201d p\u00ebr gjerman\u00ebt dhe BE-n\u00eb se ata do &hellip;<\/p>\n","protected":false},"author":4,"featured_media":109907,"comment_status":"closed","ping_status":"closed","sticky":false,"template":"","format":"standard","meta":{"footnotes":""},"categories":[38],"tags":[],"class_list":["post-109906","post","type-post","status-publish","format-standard","has-post-thumbnail","","category-bota"],"_links":{"self":[{"href":"https:\/\/rdnews.al\/index.php\/wp-json\/wp\/v2\/posts\/109906","targetHints":{"allow":["GET"]}}],"collection":[{"href":"https:\/\/rdnews.al\/index.php\/wp-json\/wp\/v2\/posts"}],"about":[{"href":"https:\/\/rdnews.al\/index.php\/wp-json\/wp\/v2\/types\/post"}],"author":[{"embeddable":true,"href":"https:\/\/rdnews.al\/index.php\/wp-json\/wp\/v2\/users\/4"}],"replies":[{"embeddable":true,"href":"https:\/\/rdnews.al\/index.php\/wp-json\/wp\/v2\/comments?post=109906"}],"version-history":[{"count":2,"href":"https:\/\/rdnews.al\/index.php\/wp-json\/wp\/v2\/posts\/109906\/revisions"}],"predecessor-version":[{"id":109937,"href":"https:\/\/rdnews.al\/index.php\/wp-json\/wp\/v2\/posts\/109906\/revisions\/109937"}],"wp:featuredmedia":[{"embeddable":true,"href":"https:\/\/rdnews.al\/index.php\/wp-json\/wp\/v2\/media\/109907"}],"wp:attachment":[{"href":"https:\/\/rdnews.al\/index.php\/wp-json\/wp\/v2\/media?parent=109906"}],"wp:term":[{"taxonomy":"category","embeddable":true,"href":"https:\/\/rdnews.al\/index.php\/wp-json\/wp\/v2\/categories?post=109906"},{"taxonomy":"post_tag","embeddable":true,"href":"https:\/\/rdnews.al\/index.php\/wp-json\/wp\/v2\/tags?post=109906"}],"curies":[{"name":"wp","href":"https:\/\/api.w.org\/{rel}","templated":true}]}}