{"id":109914,"date":"2025-04-10T08:33:46","date_gmt":"2025-04-10T08:33:46","guid":{"rendered":"https:\/\/rdnews.al\/?p=109914"},"modified":"2025-04-10T08:34:20","modified_gmt":"2025-04-10T08:34:20","slug":"si-veliaj-shemi-vilen-e-nje-qytetari-per-te-ndertuar-lulishte-per-vilen-e-tij-ne-qerret","status":"publish","type":"post","link":"https:\/\/rdnews.al\/index.php\/2025\/04\/10\/si-veliaj-shemi-vilen-e-nje-qytetari-per-te-ndertuar-lulishte-per-vilen-e-tij-ne-qerret\/","title":{"rendered":"Si Veliaj shembi vil\u00ebn e nj\u00eb qytetari p\u00ebr t\u00eb nd\u00ebrtuar lulishte tek vila e tij n\u00eb Qerret"},"content":{"rendered":"<p>Drejtues politik i PD n\u00eb Tiran\u00eb,\u00a0\u200bBelind K\u00eblli\u00e7i\u00a0u shpreh se, Erion Veliaj ka shembur nj\u00eb vil\u00eb p\u00ebr t\u00eb hapur lulishte p\u00ebr vil\u00ebn e tij n\u00eb Qerret.<\/p>\n<p>I ftuar n\u00eb \u201cOra e Betit\u201d, K\u00eblli\u00e7i theksoi se, n\u00ebse ka nj\u00eb grup t\u00eb strukturuar kriminal ku Veliaj do duhej t\u00eb ishte pjes\u00eb \u00ebsht\u00eb inceneratori i Tiran\u00ebs q\u00eb i p\u00ebrmban t\u00eb gjitha kushtet e shkruar edhe n\u00eb vendimin e gjykat\u00ebs s\u00eb Apelit q\u00eb k\u00ebto i p\u00ebrmbajn\u00eb t\u00eb gjitha kushtet.<\/p>\n<p><strong>K\u00eblli\u00e7i:<\/strong>\u00a0Thelbi nuk \u00ebsht\u00eb tek Erion Veliaj si individ, \u00ebsht\u00eb tek filozofia e Edi Ram\u00ebs dhe e Rilindjes pas vitit 2013 q\u00eb ka nga nj\u00eb Erion Veliaj n\u00eb \u00e7do zon\u00eb.<\/p>\n<p>N\u00eb \u00e7do komun\u00eb apo ish komun\u00eb apo n\u00eb \u00e7do bashki t\u00eb Shqip\u00ebris\u00eb. \u20185D\u2019 n\u00eb thelb, kryevepra e Erion Veliajt n\u00eb bashkin\u00eb e Tiran\u00ebs, m\u00ebnyra m\u00eb e sofistikuar q\u00eb ai kishte gjetur p\u00ebr t\u00eb vjedhur parat\u00eb e qytetar\u00ebve t\u00eb Tiran\u00ebs me drejtor\u00ebt e tij \u00ebsht\u00eb nj\u00eb skem\u00eb q\u00eb po ta shihni \u00ebsht\u00eb e shp\u00ebrndar\u00eb edhe n\u00eb institucione t\u00eb tjera, edhe n\u00eb ministrin\u00eb e Infrastruktur\u00ebs edhe n\u00ebp\u00ebr ministri t\u00eb tjera, por \u00ebsht\u00eb e shp\u00ebrndar\u00eb edhe n\u00ebp\u00ebr ish-komuna.<\/p>\n<p>Un\u00eb vij nga zona e Vaqarrit ku ka nj\u00eb Erion tjet\u00ebr por q\u00eb n\u00eb at\u00eb rast quhet Gentian Myrto.<\/p>\n<p>Nj\u00eb bandit elektoral por jo vet\u00ebm, nj\u00eb hajdut i tokave t\u00eb qytetar\u00ebve dhe banor\u00ebve t\u00eb zon\u00ebs s\u00eb Vaqarrit i cili ka goditur p\u00ebr vite me radh\u00eb t\u00eb gjith\u00eb qytetar\u00ebt q\u00eb nuk kan\u00eb votuar PS apo q\u00eb kan\u00eb qen\u00eb mb\u00ebshtet\u00ebs t\u00eb PD.<\/p>\n<p>E nj\u00ebjta gj\u00eb ndodh n\u00eb zona t\u00eb tjera t\u00eb Tiran\u00ebs ku kam p\u00ebrmendur shpesh her\u00eb Arben Malokun, nj\u00eb prej bandit\u00ebve m\u00eb t\u00eb m\u00ebdhenj elektoral q\u00eb ka sot ende Tirana.<\/p>\n<p>Adriatik Kupi nj\u00eb person tjet\u00ebr n\u00eb zon\u00ebn e B\u00ebrzhit\u00ebs, Baldushkut. Administratori i Lundr\u00ebs, hajdut elektoral.<\/p>\n<p>Makineria e cila ka bler\u00eb dhjet\u00ebra mij\u00ebra vota n\u00eb Tiran\u00eb q\u00eb \u00ebsht\u00eb bashkia e Tiran\u00ebs sot nuk funksionon ashtu si\u00e7 ishte m\u00eb par\u00eb.<\/p>\n<p>Edhe pse Rama ka dh\u00ebn\u00eb garancin\u00eb e tij t\u00eb plot\u00eb q\u00eb \u00ebsht\u00eb ai tashm\u00eb kryetar i bashkis\u00eb s\u00eb Tiran\u00ebs dhe q\u00eb \u00ebsht\u00eb ai q\u00eb I del garant punonj\u00ebsve t\u00eb bashkis\u00eb p\u00ebr t\u00eb vijuar p\u00ebr t\u00eb vjedhur votat.<\/p>\n<p>N\u00eb thelb po, Veliaj sot nuk \u00ebsht\u00eb n\u00eb fushat\u00eb. Veliaj nga sot de facto e de jure \u00ebsht\u00eb banor i qarkut t\u00eb Durr\u00ebsit.<\/p>\n<p>\u00cbsht\u00eb votues n\u00eb qarkun e Durr\u00ebsit. Automatikisht do duhej t\u00eb kisht\u00eb pasuar nj\u00eb dor\u00ebheqje apo nj\u00eb shkarkim I Veliajt nga kryeministri.<\/p>\n<p>Bazuar edhe n\u00eb ligjin e Republik\u00ebs s\u00eb Shqip\u00ebris\u00eb, nj\u00eb kryetar bashkie q\u00eb humbet banimin e p\u00ebrhersh\u00ebm n\u00eb zon\u00ebn ku ai drejton bashkin\u00eb nuk mund t\u00eb jet\u00eb m\u00eb kreu i asaj bashkie.\u00a0Dhe sot Veliaj \u00ebsht\u00eb banor i Durr\u00ebsit dhe voton n\u00eb burgun e Durr\u00ebsit.<\/p>\n<p>\u00cbsht\u00eb si puna e fustaneve dhe e 1 milion eurove q\u00eb jan\u00eb shpenzuar p\u00ebr t\u00eb bler\u00eb rroba t\u00eb shtrenjta q\u00eb vlera n\u00eb fakt duhet t\u00eb jet\u00eb disa her\u00eb m\u00eb e lart\u00eb.<\/p>\n<p>Apo sht\u00ebpiat q\u00eb jan\u00eb gjetur, q\u00eb aty n\u00eb zon\u00ebn e Qerretit n\u00eb baz\u00eb t\u00eb informacioneve q\u00eb i kam par\u00eb n\u00eb media por i kam marr\u00eb edhe n\u00eb rrug\u00eb informale aty kulmi ka arritur q\u00eb Veliaj ka shembur nj\u00eb vil\u00eb p\u00ebrball\u00eb p\u00ebr t\u00eb hapur nj\u00eb lulishte p\u00ebr vil\u00ebn q\u00eb kishte.<\/p>\n<p>Pra nj\u00eb vil\u00eb q\u00eb ka qen\u00eb e nd\u00ebrtuar \u00ebsht\u00eb shembur me mjetet e bashkis\u00eb Kavaj\u00eb n\u00eb dijenin\u00eb time gjat\u00eb koh\u00ebs q\u00eb administrohej nga e majta bashkia e Kavaj\u00ebs p\u00ebr ti b\u00ebr\u00eb nj\u00eb k\u00ebnd loj\u00ebrash, p\u00ebr ti b\u00ebr\u00eb nj\u00eb lulishte Veliajt.\u00a0Por prap\u00eb k\u00ebto jan\u00eb \u00e7ik\u00ebrrima n\u00eb raport me vjedhjet me \u20185D\u2019 dhe inceneratorin e Tiran\u00ebs.<\/p>\n<p>N\u00ebse ka nj\u00eb grup t\u00eb strukturuar kriminal ku Veliaj do duhej t\u00eb ishte pjes\u00eb \u00ebsht\u00eb inceneratori i Tiran\u00ebs q\u00eb i p\u00ebrmban t\u00eb gjitha kushtet e shkruar edhe n\u00eb vendimin e gjykat\u00ebs s\u00eb Apelit q\u00eb k\u00ebto i p\u00ebrmbajn\u00eb t\u00eb gjitha kushtet.<\/p>\n","protected":false},"excerpt":{"rendered":"<p>Drejtues politik i PD n\u00eb Tiran\u00eb,\u00a0\u200bBelind K\u00eblli\u00e7i\u00a0u shpreh se, Erion Veliaj ka shembur nj\u00eb vil\u00eb p\u00ebr t\u00eb hapur lulishte p\u00ebr vil\u00ebn e tij n\u00eb Qerret. I ftuar n\u00eb \u201cOra e Betit\u201d, K\u00eblli\u00e7i theksoi se, n\u00ebse ka nj\u00eb grup t\u00eb strukturuar kriminal ku Veliaj do duhej t\u00eb ishte pjes\u00eb \u00ebsht\u00eb inceneratori i Tiran\u00ebs q\u00eb i p\u00ebrmban &hellip;<\/p>\n","protected":false},"author":4,"featured_media":104670,"comment_status":"closed","ping_status":"closed","sticky":false,"template":"","format":"standard","meta":{"footnotes":""},"categories":[37],"tags":[],"class_list":["post-109914","post","type-post","status-publish","format-standard","has-post-thumbnail","","category-politike"],"_links":{"self":[{"href":"https:\/\/rdnews.al\/index.php\/wp-json\/wp\/v2\/posts\/109914","targetHints":{"allow":["GET"]}}],"collection":[{"href":"https:\/\/rdnews.al\/index.php\/wp-json\/wp\/v2\/posts"}],"about":[{"href":"https:\/\/rdnews.al\/index.php\/wp-json\/wp\/v2\/types\/post"}],"author":[{"embeddable":true,"href":"https:\/\/rdnews.al\/index.php\/wp-json\/wp\/v2\/users\/4"}],"replies":[{"embeddable":true,"href":"https:\/\/rdnews.al\/index.php\/wp-json\/wp\/v2\/comments?post=109914"}],"version-history":[{"count":2,"href":"https:\/\/rdnews.al\/index.php\/wp-json\/wp\/v2\/posts\/109914\/revisions"}],"predecessor-version":[{"id":109916,"href":"https:\/\/rdnews.al\/index.php\/wp-json\/wp\/v2\/posts\/109914\/revisions\/109916"}],"wp:featuredmedia":[{"embeddable":true,"href":"https:\/\/rdnews.al\/index.php\/wp-json\/wp\/v2\/media\/104670"}],"wp:attachment":[{"href":"https:\/\/rdnews.al\/index.php\/wp-json\/wp\/v2\/media?parent=109914"}],"wp:term":[{"taxonomy":"category","embeddable":true,"href":"https:\/\/rdnews.al\/index.php\/wp-json\/wp\/v2\/categories?post=109914"},{"taxonomy":"post_tag","embeddable":true,"href":"https:\/\/rdnews.al\/index.php\/wp-json\/wp\/v2\/tags?post=109914"}],"curies":[{"name":"wp","href":"https:\/\/api.w.org\/{rel}","templated":true}]}}