{"id":109917,"date":"2025-04-10T08:39:12","date_gmt":"2025-04-10T08:39:12","guid":{"rendered":"https:\/\/rdnews.al\/?p=109917"},"modified":"2025-04-10T08:39:12","modified_gmt":"2025-04-10T08:39:12","slug":"kur-ngaterrojme-evropen-me-be-dhe-samitet-me-reformat","status":"publish","type":"post","link":"https:\/\/rdnews.al\/index.php\/2025\/04\/10\/kur-ngaterrojme-evropen-me-be-dhe-samitet-me-reformat\/","title":{"rendered":"Kur ngat\u00ebrrojm\u00eb Evrop\u00ebn me BE, dhe samitet me reformat!"},"content":{"rendered":"<p><strong>Nga\u00a0Lutfi DERVISHI<\/strong><\/p>\n<p>N\u00eb nj\u00eb akt solemn, qeveria ka shpallur 15 dhe 16 majin dit\u00eb pushimi, jo sepse kemi fest\u00eb komb\u00ebtare, as ndonj\u00eb vizit\u00eb papnore, por sepse n\u00eb Tiran\u00eb do t\u00eb mblidhet Komuniteti Politik Evropian (KPE). Titull pompoz tash tre vjet, si nj\u00eb pem\u00eb q\u00eb nuk lidh kokrra!<\/p>\n<p>Qeveria, me dashurin\u00eb e zjarrt\u00eb p\u00ebr gjeste teatrale, vendosi t\u00eb mbyll\u00eb zyrat shtet\u00ebrore n\u00eb Tiran\u00eb, Kam\u00ebz, Vor\u00eb e Kruj\u00eb. P\u00ebrjashtohen nga pushimi forcat e rendit, mjek\u00ebt dhe zjarrfik\u00ebsit, si me qen\u00eb gjendje lufte. N\u00eb luft\u00eb nuk jemi, por dikush duhet t\u00eb shpjegoj\u00eb n\u00eb \u00e7do cep t\u00eb qytetit se \u00e7far\u00eb \u00ebsht\u00eb ky Komunitet Politik Evropian (KPE) q\u00eb po na bllokon rrug\u00ebt, ekranet e televizioneve dhe\u2026 mendjen. Duket nj\u00eblloj si Plani Balladur i Stabilitetit 30 vjet me par\u00eb, q\u00eb u zvenit pa l\u00ebn\u00eb gjurm\u00eb.<\/p>\n<p><strong>KPE?<\/strong><\/p>\n<p>Ka europian\u00eb q\u00eb e b\u00ebjn\u00eb k\u00ebt\u00eb pyetje, shumica as q\u00eb ka d\u00ebgjuar p\u00ebr t\u00eb, nd\u00ebrsa m\u00eb t\u00eb informuarit thon\u00eb se \u00ebsht\u00eb nj\u00eb mekaniz\u00ebm p\u00ebr t\u00eb p\u00ebrfshir\u00eb vendet e Ballkanit, por pa i futur n\u00eb BE. Nj\u00eb bebe franceze, nj\u00eb men\u00e7uri marramend\u00ebse, por n\u00eb vetvete, bosh! Krejt bosh!<\/p>\n<p>P\u00ebr ata q\u00eb thon\u00eb \u201cBravo\u201d pa hapur goj\u00ebn lideri, kjo \u201cEuropa\u201d q\u00eb vjen n\u00eb Tiran\u00eb nuk \u00ebsht\u00eb as Bashkimi Evropian, as NATO, e as ndonj\u00eb aleanc\u00eb q\u00eb sjell fonde, as, as, as&#8230; Komuniteti Politik Europian \u00ebsht\u00eb\u2026 nj\u00eb lloj \u201cEurovizioni pa k\u00ebng\u00eb\u201d, ku lider\u00ebt b\u00ebjn\u00eb selfie, flasin p\u00ebr \u201cvlera dhe sfida t\u00eb p\u00ebrbashk\u00ebta\u201d dhe\u2026mirupafshim n\u00eb samitin e radh\u00ebs.<\/p>\n<p>Por at\u00ebher\u00eb p\u00ebrse gjith\u00eb kjo histeri?<\/p>\n<p>Sepse jemi n\u00eb fushat\u00eb. Ja, erdhi Europa k\u00ebtu. Nd\u00ebrkoh\u00eb q\u00eb fjala \u201csamit\u201d p\u00ebrmendet 35 her\u00eb n\u00eb dit\u00eb, harrojm\u00eb q\u00eb kemi 34 kapituj p\u00ebr t\u00eb mbyllur.<\/p>\n<p>A po vjen v\u00ebrtet Europa k\u00ebtu?<\/p>\n<p>Samiti i m\u00ebparsh\u00ebm i KPE-s\u00eb u mbajt n\u00eb Moldavi! Atje nuk pati dit\u00eb pushimi, nuk u b\u00eb Chi\u0219in\u0103u si &#8220;Tirana e blinduar\u201d, dhe askush nuk nd\u00ebrpreu or\u00ebt e pun\u00ebs p\u00ebr t\u00eb par\u00eb Ursula von der Leyen duke b\u00ebr\u00eb sh\u00ebtitje me Maia Sandun. Uau, \u00e7far\u00eb fati i lumtur p\u00ebr ne shqiptar\u00ebt!<\/p>\n<p>KPE nuk jep fonde, nuk hap negociata, nuk vendos standarde. \u00cbsht\u00eb nj\u00eb klub q\u00eb i thot\u00eb vetes \u201cpolitik\u201d, por ka aq efekt praktik sa mund t\u00eb ket\u00eb nj\u00eb postim n\u00eb Facebook.<\/p>\n<p>Me pak fjal\u00eb: Tirana po b\u00ebn teat\u00ebr me Evrop\u00ebn! Po g\u00ebnjejm\u00eb veten. P\u00ebr k\u00ebt\u00eb, nuk na e merr njeri. Publikun evropian, aq m\u00eb pak zyrtar\u00ebt, nuk i mashtrojm\u00eb dot leht\u00eb. Sepse Evropa, ajo e v\u00ebrteta, ku mund t\u00eb na \u00e7oj\u00eb vet\u00ebm PS-ja, nuk impresionohet me samite q\u00eb paralizojn\u00eb qytete, por me vende q\u00eb b\u00ebjn\u00eb reforma, jo &#8220;show&#8221;.<\/p>\n<p>Dhe, n\u00eb k\u00ebt\u00eb klim\u00eb globale t\u00eb paqart\u00ebsive, fakti q\u00eb askush nuk e di sakt\u00ebsisht \u00e7far\u00eb \u00ebsht\u00eb Komuniteti Politik Evropian\u2026 kjo \u00ebsht\u00eb gj\u00ebja m\u00eb evropiane q\u00eb mund t\u00eb ndodh\u00eb.<\/p>\n","protected":false},"excerpt":{"rendered":"<p>Nga\u00a0Lutfi DERVISHI N\u00eb nj\u00eb akt solemn, qeveria ka shpallur 15 dhe 16 majin dit\u00eb pushimi, jo sepse kemi fest\u00eb komb\u00ebtare, as ndonj\u00eb vizit\u00eb papnore, por sepse n\u00eb Tiran\u00eb do t\u00eb mblidhet Komuniteti Politik Evropian (KPE). Titull pompoz tash tre vjet, si nj\u00eb pem\u00eb q\u00eb nuk lidh kokrra! Qeveria, me dashurin\u00eb e zjarrt\u00eb p\u00ebr gjeste teatrale, &hellip;<\/p>\n","protected":false},"author":4,"featured_media":104105,"comment_status":"closed","ping_status":"closed","sticky":false,"template":"","format":"standard","meta":{"footnotes":""},"categories":[44],"tags":[],"class_list":["post-109917","post","type-post","status-publish","format-standard","has-post-thumbnail","","category-editorial"],"_links":{"self":[{"href":"https:\/\/rdnews.al\/index.php\/wp-json\/wp\/v2\/posts\/109917","targetHints":{"allow":["GET"]}}],"collection":[{"href":"https:\/\/rdnews.al\/index.php\/wp-json\/wp\/v2\/posts"}],"about":[{"href":"https:\/\/rdnews.al\/index.php\/wp-json\/wp\/v2\/types\/post"}],"author":[{"embeddable":true,"href":"https:\/\/rdnews.al\/index.php\/wp-json\/wp\/v2\/users\/4"}],"replies":[{"embeddable":true,"href":"https:\/\/rdnews.al\/index.php\/wp-json\/wp\/v2\/comments?post=109917"}],"version-history":[{"count":1,"href":"https:\/\/rdnews.al\/index.php\/wp-json\/wp\/v2\/posts\/109917\/revisions"}],"predecessor-version":[{"id":109918,"href":"https:\/\/rdnews.al\/index.php\/wp-json\/wp\/v2\/posts\/109917\/revisions\/109918"}],"wp:featuredmedia":[{"embeddable":true,"href":"https:\/\/rdnews.al\/index.php\/wp-json\/wp\/v2\/media\/104105"}],"wp:attachment":[{"href":"https:\/\/rdnews.al\/index.php\/wp-json\/wp\/v2\/media?parent=109917"}],"wp:term":[{"taxonomy":"category","embeddable":true,"href":"https:\/\/rdnews.al\/index.php\/wp-json\/wp\/v2\/categories?post=109917"},{"taxonomy":"post_tag","embeddable":true,"href":"https:\/\/rdnews.al\/index.php\/wp-json\/wp\/v2\/tags?post=109917"}],"curies":[{"name":"wp","href":"https:\/\/api.w.org\/{rel}","templated":true}]}}