{"id":109929,"date":"2025-04-10T10:05:53","date_gmt":"2025-04-10T10:05:53","guid":{"rendered":"https:\/\/rdnews.al\/?p=109929"},"modified":"2025-04-10T10:05:53","modified_gmt":"2025-04-10T10:05:53","slug":"berisha-fton-shqiptaret-ne-celjen-e-fushates-per-te-nesermen-e-sigurt-te-atdheut","status":"publish","type":"post","link":"https:\/\/rdnews.al\/index.php\/2025\/04\/10\/berisha-fton-shqiptaret-ne-celjen-e-fushates-per-te-nesermen-e-sigurt-te-atdheut\/","title":{"rendered":"Berisha fton shqiptar\u00ebt n\u00eb \u00e7eljen e fushat\u00ebs: P\u00ebr t\u00eb nes\u00ebrmen e sigurt t\u00eb atdheut!"},"content":{"rendered":"<p>Kryetari i PD, Sali Berisha u ka b\u00ebr\u00eb thirrje shqiptar\u00ebve q\u00eb t\u2019i bashkohen \u00e7eljes s\u00eb fushat\u00ebs elektorale t\u00eb PD dhe Aleanc\u00ebs p\u00ebr Shqip\u00ebrin\u00eb Madh\u00ebshtore m\u00eb 11 prill n\u00eb sheshin \u2018N\u00ebn\u00eb Tereza\u2019 n\u00eb Tiran\u00eb.<\/p>\n<p>Me moton: \u2018Mblidhemi n\u00eb shehsin N\u00ebn\u00eb Tereza p\u00ebr nj\u00eb Shqip\u00ebri Madh\u00ebshtore\u2019, lideri demokrat fton t\u00eb gjith\u00eb shqiptar\u00ebt t\u00eb mbushin sheshin, p\u00ebr t\u00eb nisur nj\u00eb rrug\u00ebtim t\u00eb ri n\u00ebn qeverisjen e demokrat\u00ebve.<\/p>\n<p>\u2018P\u00ebr t\u00eb nes\u00ebrmen e sigurt t\u00eb atdheut\u2019, Berisha fton bashk\u00ebkombasit, q\u00eb t\u00eb premten e 11 prillit, ora 19:00, t\u00eb mblidhemi t\u00eb gjith\u00eb bashk\u00eb n\u00eb sheshin \u201cN\u00ebn\u00eb Tereza\u201d p\u00ebr Shqip\u00ebrin\u00eb Madh\u00ebshtore!<\/p>\n","protected":false},"excerpt":{"rendered":"<p>Kryetari i PD, Sali Berisha u ka b\u00ebr\u00eb thirrje shqiptar\u00ebve q\u00eb t\u2019i bashkohen \u00e7eljes s\u00eb fushat\u00ebs elektorale t\u00eb PD dhe Aleanc\u00ebs p\u00ebr Shqip\u00ebrin\u00eb Madh\u00ebshtore m\u00eb 11 prill n\u00eb sheshin \u2018N\u00ebn\u00eb Tereza\u2019 n\u00eb Tiran\u00eb. Me moton: \u2018Mblidhemi n\u00eb shehsin N\u00ebn\u00eb Tereza p\u00ebr nj\u00eb Shqip\u00ebri Madh\u00ebshtore\u2019, lideri demokrat fton t\u00eb gjith\u00eb shqiptar\u00ebt t\u00eb mbushin sheshin, p\u00ebr t\u00eb &hellip;<\/p>\n","protected":false},"author":4,"featured_media":66450,"comment_status":"closed","ping_status":"closed","sticky":false,"template":"","format":"standard","meta":{"footnotes":""},"categories":[37],"tags":[],"class_list":["post-109929","post","type-post","status-publish","format-standard","has-post-thumbnail","","category-politike"],"_links":{"self":[{"href":"https:\/\/rdnews.al\/index.php\/wp-json\/wp\/v2\/posts\/109929","targetHints":{"allow":["GET"]}}],"collection":[{"href":"https:\/\/rdnews.al\/index.php\/wp-json\/wp\/v2\/posts"}],"about":[{"href":"https:\/\/rdnews.al\/index.php\/wp-json\/wp\/v2\/types\/post"}],"author":[{"embeddable":true,"href":"https:\/\/rdnews.al\/index.php\/wp-json\/wp\/v2\/users\/4"}],"replies":[{"embeddable":true,"href":"https:\/\/rdnews.al\/index.php\/wp-json\/wp\/v2\/comments?post=109929"}],"version-history":[{"count":1,"href":"https:\/\/rdnews.al\/index.php\/wp-json\/wp\/v2\/posts\/109929\/revisions"}],"predecessor-version":[{"id":109930,"href":"https:\/\/rdnews.al\/index.php\/wp-json\/wp\/v2\/posts\/109929\/revisions\/109930"}],"wp:featuredmedia":[{"embeddable":true,"href":"https:\/\/rdnews.al\/index.php\/wp-json\/wp\/v2\/media\/66450"}],"wp:attachment":[{"href":"https:\/\/rdnews.al\/index.php\/wp-json\/wp\/v2\/media?parent=109929"}],"wp:term":[{"taxonomy":"category","embeddable":true,"href":"https:\/\/rdnews.al\/index.php\/wp-json\/wp\/v2\/categories?post=109929"},{"taxonomy":"post_tag","embeddable":true,"href":"https:\/\/rdnews.al\/index.php\/wp-json\/wp\/v2\/tags?post=109929"}],"curies":[{"name":"wp","href":"https:\/\/api.w.org\/{rel}","templated":true}]}}