{"id":110019,"date":"2025-04-11T08:20:21","date_gmt":"2025-04-11T08:20:21","guid":{"rendered":"https:\/\/rdnews.al\/?p=110019"},"modified":"2025-04-11T08:20:21","modified_gmt":"2025-04-11T08:20:21","slug":"frpd-vlore-ka-qene-dhe-do-te-jete-shembull-i-nje-fushate-qytetare-plot-ide-dhe-shprese","status":"publish","type":"post","link":"https:\/\/rdnews.al\/index.php\/2025\/04\/11\/frpd-vlore-ka-qene-dhe-do-te-jete-shembull-i-nje-fushate-qytetare-plot-ide-dhe-shprese\/","title":{"rendered":"FRPD Vlor\u00eb ka qen\u00eb dhe do t\u00eb jet\u00eb shembull i nj\u00eb fushat\u00eb qytetare plot ide dhe shpres\u00eb!"},"content":{"rendered":"<p><strong>Bujar LESKAJ<\/strong><\/p>\n<p>Sot dat\u00eb 10.04.2025, s\u00eb bashku me t\u00eb rinjt\u00eb e Forumit Rinor t\u00eb Partis\u00eb Demokratike Vlor\u00eb, zhvilluam nj\u00eb takim entuziast, miq\u00ebsor dhe shpres\u00ebdh\u00ebn\u00ebs.<\/p>\n<p>Aktiviteti u \u00e7el nga kryetari i FRPD, \u00c7ajup Shehaj, i cili falenderoi t\u00eb rinjt\u00eb p\u00ebr angazhimin dhe kontributin e deritanish\u00ebm.<\/p>\n<p>Kryetari i PD Vlor\u00eb, Hysni Sharra u shpreh me entuziaz\u00ebm p\u00ebr k\u00ebt\u00eb organizim dhe i ka falenderuar t\u00eb rinjt\u00eb p\u00ebr pun\u00ebn dhe angazhimin e tyre n\u00eb k\u00ebt\u00eb fushat\u00eb.<\/p>\n<p>Kandidat\u00ebt p\u00ebr deputet\u00eb t\u00eb list\u00ebs s\u00eb PD-ASHM, Atird Hoxha, Edmond Fetahu, Nada Daullja, Alta Haluci, Monika Hoshafi, Romarjo Meminaj dhe Mario Runa kan\u00eb p\u00ebrsh\u00ebndetur t\u00eb rinjt\u00eb e Forumit dhe t\u00eb rinjt\u00eb vlonjat\u00eb dhe kan\u00eb theksuar zotimin e tyre q\u00eb do t\u00eb jen\u00eb p\u00ebrfaq\u00ebsuesit dhe vokacioni i t\u00eb rinjve .<\/p>\n<p>N\u00eb fjal\u00ebn time p\u00ebrsh\u00ebndet\u00ebse theksova: \u201cE sotmja k\u00ebrkon energjin\u00eb tuaj! E ardhmja ka fytyr\u00ebn tuaj! Jemi t\u00eb gjith\u00eb bashk\u00eb. Shqip\u00ebria k\u00ebrkon ndryshim! Ne, s\u00eb bashku, jemi shpresa dhe forca q\u00eb do e b\u00ebjm\u00eb k\u00ebt\u00eb ndryshim t\u00eb mundur.<\/p>\n<p>FRPD Vlor\u00eb ka qen\u00eb dhe do jete shembull i nj\u00eb fushate qytetare, plot ide e shpres\u00eb, shembull i nj\u00eb fushate me vizion.<\/p>\n<p>Un\u00eb besoj fuqimisht se NDRYSHIMI do t\u00eb vij\u00eb p\u00ebrmes angazhimit t\u00eb rinis\u00eb.<\/p>\n<p>N\u00eb programin e Partis\u00eb Demokratike ju ka dh\u00ebn\u00eb nj\u00eb prioritet t\u00eb ve\u00e7ant\u00eb t\u00eb rinjve, duke theksuar r\u00ebnd\u00ebsin\u00eb e rinis\u00eb jo vet\u00ebm n\u00eb themelimin e PD dhe n\u00eb ndryshimet e jasht\u00ebzakonshme historike t\u00eb Shqip\u00ebris\u00eb, por edhe p\u00ebr shpres\u00ebn q\u00eb ka PD p\u00ebr rotacionin politik t\u00eb 11 Majit, si dhe frym\u00ebn e re n\u00eb qeverisjen nes\u00ebr, p\u00ebr ta b\u00ebr\u00eb Shqip\u00ebrin\u00eb Madh\u00ebshtore !<\/p>\n<p>Arma jon\u00eb n\u00eb p\u00ebrballjen me t\u00eb Keqen sot \u00ebsht\u00eb Vota!<\/p>\n<p>Me Vot\u00eb do nd\u00ebshkohen t\u00eb gjith\u00eb ata q\u00eb n\u00eb k\u00ebto 12 vite kan\u00eb tallur e n\u00ebp\u00ebrk\u00ebmbur, q\u00eb kan\u00eb larguar dhe kan\u00eb vrar\u00eb shpres\u00ebn p\u00ebr t\u00eb rinjt\u00eb, p\u00ebr \u00e7do shqiptar !<\/p>\n<p>Me ndihm\u00ebn e t\u00eb rinjve, Shqip\u00ebria do t\u00eb fitoj\u00eb! Do t\u00eb fitoj\u00eb me t\u00eb rinjt\u00eb, p\u00ebr t\u00eb rinjt\u00eb !<\/p>\n<p>N\u00eb p\u00ebrfundim t\u00eb aktivitetit shp\u00ebrndava disa tituj librash t\u00eb p\u00ebrzgjedhur me kujdes p\u00ebr t\u00eb rinjt\u00eb, nga autor\u00ebt Ndri\u00e7im Kulla, Bedri Islami, G\u00ebzim Zilja, Vilhelme Vranari Haxhiraj. Kisha p\u00ebrzgjedhur gjithashtu titujt: Muzat e Q\u00ebndres\u00ebs, GAO-NIK dhe leksionet e Dodaros, si dhe botimin tim t\u00eb fundit \u201cp\u00ebr\/n\u00eb Kuvend\u201d (shkrime dhe diskutime 2021-2022).<\/p>\n<p>\u2705\ud83d\uddf3\ufe0f1\ufe0f\u20e3N\u00eb 11 Maj t\u00eb rinjt\u00eb votojn\u00eb ndryshimin, Koalicionin \u201cPartia Demokratike \u2013 Aleanca p\u00ebr Shqip\u00ebrin\u00eb Madh\u00ebshtore<br \/>\n#RiniaVotonNdryshimin<br \/>\n#VotoNr1<br \/>\n#PDAleancap\u00ebrShqip\u00ebrin\u00ebMadh\u00ebshtore<br \/>\n\u270c\ufe0f\u270c\ufe0f\u270c\ufe0f\u270c\ufe0f\u270c\ufe0f\u270c\ufe0f\ud83c\udde6\ud83c\uddf1\ud83c\udde6\ud83c\uddf1\ud83c\udde6\ud83c\uddf1\ud83c\udde6\ud83c\uddf1\ud83c\udde6\ud83c\uddf1<\/p>\n","protected":false},"excerpt":{"rendered":"<p>Bujar LESKAJ Sot dat\u00eb 10.04.2025, s\u00eb bashku me t\u00eb rinjt\u00eb e Forumit Rinor t\u00eb Partis\u00eb Demokratike Vlor\u00eb, zhvilluam nj\u00eb takim entuziast, miq\u00ebsor dhe shpres\u00ebdh\u00ebn\u00ebs. Aktiviteti u \u00e7el nga kryetari i FRPD, \u00c7ajup Shehaj, i cili falenderoi t\u00eb rinjt\u00eb p\u00ebr angazhimin dhe kontributin e deritanish\u00ebm. Kryetari i PD Vlor\u00eb, Hysni Sharra u shpreh me entuziaz\u00ebm p\u00ebr &hellip;<\/p>\n","protected":false},"author":4,"featured_media":110020,"comment_status":"closed","ping_status":"closed","sticky":false,"template":"","format":"standard","meta":{"footnotes":""},"categories":[37],"tags":[],"class_list":["post-110019","post","type-post","status-publish","format-standard","has-post-thumbnail","","category-politike"],"_links":{"self":[{"href":"https:\/\/rdnews.al\/index.php\/wp-json\/wp\/v2\/posts\/110019","targetHints":{"allow":["GET"]}}],"collection":[{"href":"https:\/\/rdnews.al\/index.php\/wp-json\/wp\/v2\/posts"}],"about":[{"href":"https:\/\/rdnews.al\/index.php\/wp-json\/wp\/v2\/types\/post"}],"author":[{"embeddable":true,"href":"https:\/\/rdnews.al\/index.php\/wp-json\/wp\/v2\/users\/4"}],"replies":[{"embeddable":true,"href":"https:\/\/rdnews.al\/index.php\/wp-json\/wp\/v2\/comments?post=110019"}],"version-history":[{"count":1,"href":"https:\/\/rdnews.al\/index.php\/wp-json\/wp\/v2\/posts\/110019\/revisions"}],"predecessor-version":[{"id":110021,"href":"https:\/\/rdnews.al\/index.php\/wp-json\/wp\/v2\/posts\/110019\/revisions\/110021"}],"wp:featuredmedia":[{"embeddable":true,"href":"https:\/\/rdnews.al\/index.php\/wp-json\/wp\/v2\/media\/110020"}],"wp:attachment":[{"href":"https:\/\/rdnews.al\/index.php\/wp-json\/wp\/v2\/media?parent=110019"}],"wp:term":[{"taxonomy":"category","embeddable":true,"href":"https:\/\/rdnews.al\/index.php\/wp-json\/wp\/v2\/categories?post=110019"},{"taxonomy":"post_tag","embeddable":true,"href":"https:\/\/rdnews.al\/index.php\/wp-json\/wp\/v2\/tags?post=110019"}],"curies":[{"name":"wp","href":"https:\/\/api.w.org\/{rel}","templated":true}]}}