{"id":110022,"date":"2025-04-11T08:27:19","date_gmt":"2025-04-11T08:27:19","guid":{"rendered":"https:\/\/rdnews.al\/?p=110022"},"modified":"2025-04-11T08:27:19","modified_gmt":"2025-04-11T08:27:19","slug":"pd-cel-sot-fushaten-elektorale-lacivita-krah-berishes","status":"publish","type":"post","link":"https:\/\/rdnews.al\/index.php\/2025\/04\/11\/pd-cel-sot-fushaten-elektorale-lacivita-krah-berishes\/","title":{"rendered":"PD \u00e7el sot fushat\u00ebn elektorale, LaCivita krah Berish\u00ebs"},"content":{"rendered":"<p>Partia Demokratike nis sot n\u00eb or\u00ebn 19:00 n\u00eb sheshin \u201cN\u00ebn\u00eb Tereza\u201d fushat\u00ebn elektorale p\u00ebr zgjedhjet e 11 majit.<\/p>\n<p>Lideri i opozit\u00ebs, Sali Berisha, do t\u00eb jet\u00eb nj\u00eb nga fol\u00ebsit politik\u00eb, nd\u00ebrsa tjetri q\u00eb pritet t\u00eb ket\u00eb nj\u00eb komunikim do t\u00eb jet\u00eb edhe strategu i fushat\u00ebs s\u00eb Donald Trump, Chris LaCivita.<\/p>\n<p>Nd\u00ebrkoh\u00eb q\u00eb n\u00eb podium pritet t\u00eb ngjiten edhe qytetar\u00ebt, t\u00eb cil\u00ebt do t\u00eb rr\u00ebfejn\u00eb historit\u00eb e tyre, qytetar\u00eb t\u00eb cil\u00ebt vijn\u00eb nga shtresa t\u00eb ndryshme.<\/p>\n<p>M\u00eb 12 prill do t\u00eb prezantohet programi ku kandidat\u00ebt sipas nj\u00eb udh\u00ebzimi do t\u00eb takojn\u00eb qytetar\u00ebt p\u00ebr t\u2019ua b\u00ebr\u00eb t\u00eb ditur at\u00eb.<\/p>\n","protected":false},"excerpt":{"rendered":"<p>Partia Demokratike nis sot n\u00eb or\u00ebn 19:00 n\u00eb sheshin \u201cN\u00ebn\u00eb Tereza\u201d fushat\u00ebn elektorale p\u00ebr zgjedhjet e 11 majit. Lideri i opozit\u00ebs, Sali Berisha, do t\u00eb jet\u00eb nj\u00eb nga fol\u00ebsit politik\u00eb, nd\u00ebrsa tjetri q\u00eb pritet t\u00eb ket\u00eb nj\u00eb komunikim do t\u00eb jet\u00eb edhe strategu i fushat\u00ebs s\u00eb Donald Trump, Chris LaCivita. Nd\u00ebrkoh\u00eb q\u00eb n\u00eb podium pritet &hellip;<\/p>\n","protected":false},"author":4,"featured_media":110023,"comment_status":"closed","ping_status":"closed","sticky":false,"template":"","format":"standard","meta":{"footnotes":""},"categories":[37],"tags":[],"class_list":["post-110022","post","type-post","status-publish","format-standard","has-post-thumbnail","","category-politike"],"_links":{"self":[{"href":"https:\/\/rdnews.al\/index.php\/wp-json\/wp\/v2\/posts\/110022","targetHints":{"allow":["GET"]}}],"collection":[{"href":"https:\/\/rdnews.al\/index.php\/wp-json\/wp\/v2\/posts"}],"about":[{"href":"https:\/\/rdnews.al\/index.php\/wp-json\/wp\/v2\/types\/post"}],"author":[{"embeddable":true,"href":"https:\/\/rdnews.al\/index.php\/wp-json\/wp\/v2\/users\/4"}],"replies":[{"embeddable":true,"href":"https:\/\/rdnews.al\/index.php\/wp-json\/wp\/v2\/comments?post=110022"}],"version-history":[{"count":1,"href":"https:\/\/rdnews.al\/index.php\/wp-json\/wp\/v2\/posts\/110022\/revisions"}],"predecessor-version":[{"id":110024,"href":"https:\/\/rdnews.al\/index.php\/wp-json\/wp\/v2\/posts\/110022\/revisions\/110024"}],"wp:featuredmedia":[{"embeddable":true,"href":"https:\/\/rdnews.al\/index.php\/wp-json\/wp\/v2\/media\/110023"}],"wp:attachment":[{"href":"https:\/\/rdnews.al\/index.php\/wp-json\/wp\/v2\/media?parent=110022"}],"wp:term":[{"taxonomy":"category","embeddable":true,"href":"https:\/\/rdnews.al\/index.php\/wp-json\/wp\/v2\/categories?post=110022"},{"taxonomy":"post_tag","embeddable":true,"href":"https:\/\/rdnews.al\/index.php\/wp-json\/wp\/v2\/tags?post=110022"}],"curies":[{"name":"wp","href":"https:\/\/api.w.org\/{rel}","templated":true}]}}