{"id":110025,"date":"2025-04-11T08:37:25","date_gmt":"2025-04-11T08:37:25","guid":{"rendered":"https:\/\/rdnews.al\/?p=110025"},"modified":"2025-04-11T08:41:38","modified_gmt":"2025-04-11T08:41:38","slug":"gjermania-bllokon-ramen-asnje-anetar-i-ri-ne-be","status":"publish","type":"post","link":"https:\/\/rdnews.al\/index.php\/2025\/04\/11\/gjermania-bllokon-ramen-asnje-anetar-i-ri-ne-be\/","title":{"rendered":"Gjermania bllokon Ram\u00ebn: Asnj\u00eb an\u00ebtar i ri n\u00eb BE!"},"content":{"rendered":"<p>Qeveria e re gjermane e krijuar nga nj\u00eb koalicion tripartiak mes CDU, CSU dhe SPD ka p\u00ebrcaktuar qart\u00eb bllokimin e zgjerimit me vende t\u00eb reja deri n\u00eb nj\u00eb reformim t\u00eb vet\u00eb BE-s\u00eb.<\/p>\n<p>Sipas asaj q\u00eb raporton BILD, n\u00eb marr\u00ebveshjen e koalicionit thuhet: \u201cZgjerimi i BE-s\u00eb dhe kapaciteti i saj p\u00ebr t\u00eb thithur an\u00ebtar\u00eb t\u00eb rinj duhet t\u00eb ecin paralelisht. Prandaj, m\u00eb s\u00eb voni me zgjerimin e radh\u00ebs, duhet nj\u00eb konsolidim i brendsh\u00ebm dhe reform\u00eb e BE-s\u00eb q\u00eb e forcon at\u00eb institucionalisht\u201d.<\/p>\n<p><img loading=\"lazy\" decoding=\"async\" class=\"alignnone size-medium wp-image-1532182\" src=\"https:\/\/boldnews.al\/wp-content\/uploads\/2025\/04\/bild-640x289.jpg\" sizes=\"auto, (max-width: 640px) 100vw, 640px\" srcset=\"https:\/\/boldnews.al\/wp-content\/uploads\/2025\/04\/bild-640x289.jpg 640w, https:\/\/boldnews.al\/wp-content\/uploads\/2025\/04\/bild-750x339.jpg 750w, https:\/\/boldnews.al\/wp-content\/uploads\/2025\/04\/bild.jpg 1020w\" alt=\"\" width=\"640\" height=\"289\" data-pin-no-hover=\"true\" \/><\/p>\n<p>BILD shkruan se kjo do t\u00eb shkaktoj\u00eb pak\u00ebnaq\u00ebsi, ve\u00e7an\u00ebrisht n\u00eb Ballkan. \u201cQeveria e re po ndalon n\u00eb thelb zgjerimin e BE-s\u00eb. Ajo k\u00ebrkon nj\u00eb reform\u00eb thelb\u00ebsore t\u00eb BE-s\u00eb dhe mekanizmave t\u00eb saj vendimmarr\u00ebse si kusht p\u00ebr pranimin e shteteve t\u00eb reja an\u00ebtare si Kosova, Serbia apo Shqip\u00ebria, t\u00eb cilat jan\u00eb n\u00eb list\u00ebn e pritjes\u201d, shkruan tabloidi gjerman.<\/p>\n<p>Kryeministri Edi Rama e ka p\u00ebrq\u00ebndruar propogand\u00ebn e tij mashtruese p\u00ebr zgjedhjet e 11 majit n\u00eb an\u00ebtar\u00ebsimin e Shqip\u00ebris\u00eb n\u00eb BE brenda 2030-\u00ebs.<\/p>\n<p>N\u00eb \u00e7do dalje t\u00eb tij k\u00ebrkon vot\u00ebn e shqiptar\u00ebve duke premtuar pasaport\u00ebn e europiane, por ky premtim ka marr\u00eb nj\u00eb goditje t\u00eb fort\u00eb nga Berlini.<\/p>\n<p>&nbsp;<\/p>\n","protected":false},"excerpt":{"rendered":"<p>Qeveria e re gjermane e krijuar nga nj\u00eb koalicion tripartiak mes CDU, CSU dhe SPD ka p\u00ebrcaktuar qart\u00eb bllokimin e zgjerimit me vende t\u00eb reja deri n\u00eb nj\u00eb reformim t\u00eb vet\u00eb BE-s\u00eb. Sipas asaj q\u00eb raporton BILD, n\u00eb marr\u00ebveshjen e koalicionit thuhet: \u201cZgjerimi i BE-s\u00eb dhe kapaciteti i saj p\u00ebr t\u00eb thithur an\u00ebtar\u00eb t\u00eb rinj &hellip;<\/p>\n","protected":false},"author":4,"featured_media":110026,"comment_status":"closed","ping_status":"closed","sticky":false,"template":"","format":"standard","meta":{"footnotes":""},"categories":[37],"tags":[],"class_list":["post-110025","post","type-post","status-publish","format-standard","has-post-thumbnail","","category-politike"],"_links":{"self":[{"href":"https:\/\/rdnews.al\/index.php\/wp-json\/wp\/v2\/posts\/110025","targetHints":{"allow":["GET"]}}],"collection":[{"href":"https:\/\/rdnews.al\/index.php\/wp-json\/wp\/v2\/posts"}],"about":[{"href":"https:\/\/rdnews.al\/index.php\/wp-json\/wp\/v2\/types\/post"}],"author":[{"embeddable":true,"href":"https:\/\/rdnews.al\/index.php\/wp-json\/wp\/v2\/users\/4"}],"replies":[{"embeddable":true,"href":"https:\/\/rdnews.al\/index.php\/wp-json\/wp\/v2\/comments?post=110025"}],"version-history":[{"count":3,"href":"https:\/\/rdnews.al\/index.php\/wp-json\/wp\/v2\/posts\/110025\/revisions"}],"predecessor-version":[{"id":110029,"href":"https:\/\/rdnews.al\/index.php\/wp-json\/wp\/v2\/posts\/110025\/revisions\/110029"}],"wp:featuredmedia":[{"embeddable":true,"href":"https:\/\/rdnews.al\/index.php\/wp-json\/wp\/v2\/media\/110026"}],"wp:attachment":[{"href":"https:\/\/rdnews.al\/index.php\/wp-json\/wp\/v2\/media?parent=110025"}],"wp:term":[{"taxonomy":"category","embeddable":true,"href":"https:\/\/rdnews.al\/index.php\/wp-json\/wp\/v2\/categories?post=110025"},{"taxonomy":"post_tag","embeddable":true,"href":"https:\/\/rdnews.al\/index.php\/wp-json\/wp\/v2\/tags?post=110025"}],"curies":[{"name":"wp","href":"https:\/\/api.w.org\/{rel}","templated":true}]}}