{"id":110041,"date":"2025-04-11T10:01:45","date_gmt":"2025-04-11T10:01:45","guid":{"rendered":"https:\/\/rdnews.al\/?p=110041"},"modified":"2025-04-11T10:01:45","modified_gmt":"2025-04-11T10:01:45","slug":"bardh-spahia-programi-i-pd-nxjerr-vendin-nga-kriza","status":"publish","type":"post","link":"https:\/\/rdnews.al\/index.php\/2025\/04\/11\/bardh-spahia-programi-i-pd-nxjerr-vendin-nga-kriza\/","title":{"rendered":"Bardh Spahia: Programi i PD nxjerr vendin nga kriza!"},"content":{"rendered":"<p>Qytetar\u00ebt dhe p\u00ebrfaq\u00ebsuesit e biznesit nga sheshi Demokracia n\u00eb drejtim t\u00eb Rusit, ishin n\u00eb fokus t\u00eb takimeve q\u00eb zhvilloi kandidati p\u00ebr deputet i partis\u00eb demokratike Bardh Spahia.<\/p>\n<p>Gjat\u00eb bashk\u00ebbisedimit me k\u00ebto t\u00eb fundit, Spahia u njoh me sfidat dhe v\u00ebshtir\u00ebsit\u00eb q\u00eb jan\u00eb krijuar n\u00eb k\u00ebto 12 vite nga keqqeverisja e Edi Ram\u00ebs, nd\u00ebrsa prezantoi programin e Partis\u00eb Demokratike t\u00eb 100 dit\u00ebve t\u00eb para t\u00eb qeverisjes.<\/p>\n<p>Me nj\u00eb plan konkret p\u00ebr zhvillim ekonomik, leht\u00ebsim fiskal dhe nj\u00eb qeverisje t\u00eb ndershme e af\u00ebr njer\u00ebzve situata do t\u00eb ndryshoj\u00eb tha ai, nd\u00ebrsa mori mb\u00ebshtetjen e qytetar\u00ebve.<\/p>\n<p>Duke i ftuar t\u00eb votojn\u00eb nr.1 dhe PD \u2013 Koalicioni \u201cAleanca p\u00ebr Shqip\u00ebrin\u00eb Madh\u00ebshtore\u201d, Spahia garantoi se pas 11 Majit, Shkodra dhe Shqip\u00ebria do t\u2019i kthehen normalitetit dhe qytetar\u00ebt do t\u00eb jen\u00eb t\u00eb par\u00ebt.<\/p>\n","protected":false},"excerpt":{"rendered":"<p>Qytetar\u00ebt dhe p\u00ebrfaq\u00ebsuesit e biznesit nga sheshi Demokracia n\u00eb drejtim t\u00eb Rusit, ishin n\u00eb fokus t\u00eb takimeve q\u00eb zhvilloi kandidati p\u00ebr deputet i partis\u00eb demokratike Bardh Spahia. Gjat\u00eb bashk\u00ebbisedimit me k\u00ebto t\u00eb fundit, Spahia u njoh me sfidat dhe v\u00ebshtir\u00ebsit\u00eb q\u00eb jan\u00eb krijuar n\u00eb k\u00ebto 12 vite nga keqqeverisja e Edi Ram\u00ebs, nd\u00ebrsa prezantoi programin &hellip;<\/p>\n","protected":false},"author":4,"featured_media":110042,"comment_status":"closed","ping_status":"closed","sticky":false,"template":"","format":"standard","meta":{"footnotes":""},"categories":[37],"tags":[],"class_list":["post-110041","post","type-post","status-publish","format-standard","has-post-thumbnail","","category-politike"],"_links":{"self":[{"href":"https:\/\/rdnews.al\/index.php\/wp-json\/wp\/v2\/posts\/110041","targetHints":{"allow":["GET"]}}],"collection":[{"href":"https:\/\/rdnews.al\/index.php\/wp-json\/wp\/v2\/posts"}],"about":[{"href":"https:\/\/rdnews.al\/index.php\/wp-json\/wp\/v2\/types\/post"}],"author":[{"embeddable":true,"href":"https:\/\/rdnews.al\/index.php\/wp-json\/wp\/v2\/users\/4"}],"replies":[{"embeddable":true,"href":"https:\/\/rdnews.al\/index.php\/wp-json\/wp\/v2\/comments?post=110041"}],"version-history":[{"count":1,"href":"https:\/\/rdnews.al\/index.php\/wp-json\/wp\/v2\/posts\/110041\/revisions"}],"predecessor-version":[{"id":110043,"href":"https:\/\/rdnews.al\/index.php\/wp-json\/wp\/v2\/posts\/110041\/revisions\/110043"}],"wp:featuredmedia":[{"embeddable":true,"href":"https:\/\/rdnews.al\/index.php\/wp-json\/wp\/v2\/media\/110042"}],"wp:attachment":[{"href":"https:\/\/rdnews.al\/index.php\/wp-json\/wp\/v2\/media?parent=110041"}],"wp:term":[{"taxonomy":"category","embeddable":true,"href":"https:\/\/rdnews.al\/index.php\/wp-json\/wp\/v2\/categories?post=110041"},{"taxonomy":"post_tag","embeddable":true,"href":"https:\/\/rdnews.al\/index.php\/wp-json\/wp\/v2\/tags?post=110041"}],"curies":[{"name":"wp","href":"https:\/\/api.w.org\/{rel}","templated":true}]}}