{"id":110167,"date":"2025-04-12T16:05:18","date_gmt":"2025-04-12T16:05:18","guid":{"rendered":"https:\/\/rdnews.al\/?p=110167"},"modified":"2025-04-12T16:05:18","modified_gmt":"2025-04-12T16:05:18","slug":"paloka-ironi-me-ramen-xhaja-paska-zgjedh-12-ten-si-simbolike-por","status":"publish","type":"post","link":"https:\/\/rdnews.al\/index.php\/2025\/04\/12\/paloka-ironi-me-ramen-xhaja-paska-zgjedh-12-ten-si-simbolike-por\/","title":{"rendered":"Paloka ironi me Ram\u00ebn: Xhaja paska zgjedh 12-t\u00ebn si simbolik\u00eb, por&#8230;"},"content":{"rendered":"<div class=\"readmore-text-here\">\n<p>Kreu i K\u00ebshillit Komb\u00ebtar t\u00eb PD, Edi Paloka ka reaguar me nj\u00eb sh\u00ebnim t\u00eb shkurt\u00ebr n\u00eb faqen e tij n\u00eb facebook pas hapjes s\u00eb fushat\u00ebs nga rilindja. Ai ironizon me simboliken 12, dhe i kujton Ram\u00ebs s\u00eb ka harruar 12, 22, 32 ministra, deputet\u00eb, kryetar\u00eb bashkie e funksionar\u00eb t\u00eb lart\u00eb q\u00eb ka n\u00eb BURG.<\/p>\n<p><strong>Reagimi<\/strong><\/p>\n<p>XHAJA paska zgjedh 12 si simbolik\u00eb t\u00eb hapjes s\u00eb fushat\u00ebs : data 12, ora 12, qarqe 12\u2026<\/p>\n<p>Ka harruar vet\u00ebm 12, 22, 32\u2026 ministra, deputet\u00eb, kryetar\u00eb bashkie e funksionar\u00eb t\u00eb lart\u00eb q\u00eb ka n\u00eb BURG.<\/p>\n<p><iframe loading=\"lazy\" src=\"https:\/\/www.facebook.com\/plugins\/post.php?href=https%3A%2F%2Fwww.facebook.com%2Fpermalink.php%3Fstory_fbid%3Dpfbid09x5E18DtUu9ZDMuWh5hTzxpmApkVoafdhRZgeA8L61CuRv882bt81Z2wXhxnXNW5l%26id%3D100008639860309&amp;show_text=true&amp;width=500\" width=\"500\" height=\"703\" frameborder=\"0\" scrolling=\"no\" allowfullscreen=\"allowfullscreen\" data-mce-fragment=\"1\"><\/iframe><\/p>\n<\/div>\n","protected":false},"excerpt":{"rendered":"<p>Kreu i K\u00ebshillit Komb\u00ebtar t\u00eb PD, Edi Paloka ka reaguar me nj\u00eb sh\u00ebnim t\u00eb shkurt\u00ebr n\u00eb faqen e tij n\u00eb facebook pas hapjes s\u00eb fushat\u00ebs nga rilindja. Ai ironizon me simboliken 12, dhe i kujton Ram\u00ebs s\u00eb ka harruar 12, 22, 32 ministra, deputet\u00eb, kryetar\u00eb bashkie e funksionar\u00eb t\u00eb lart\u00eb q\u00eb ka n\u00eb BURG. Reagimi &hellip;<\/p>\n","protected":false},"author":4,"featured_media":110168,"comment_status":"closed","ping_status":"closed","sticky":false,"template":"","format":"standard","meta":{"footnotes":""},"categories":[37],"tags":[],"class_list":["post-110167","post","type-post","status-publish","format-standard","has-post-thumbnail","","category-politike"],"_links":{"self":[{"href":"https:\/\/rdnews.al\/index.php\/wp-json\/wp\/v2\/posts\/110167","targetHints":{"allow":["GET"]}}],"collection":[{"href":"https:\/\/rdnews.al\/index.php\/wp-json\/wp\/v2\/posts"}],"about":[{"href":"https:\/\/rdnews.al\/index.php\/wp-json\/wp\/v2\/types\/post"}],"author":[{"embeddable":true,"href":"https:\/\/rdnews.al\/index.php\/wp-json\/wp\/v2\/users\/4"}],"replies":[{"embeddable":true,"href":"https:\/\/rdnews.al\/index.php\/wp-json\/wp\/v2\/comments?post=110167"}],"version-history":[{"count":1,"href":"https:\/\/rdnews.al\/index.php\/wp-json\/wp\/v2\/posts\/110167\/revisions"}],"predecessor-version":[{"id":110169,"href":"https:\/\/rdnews.al\/index.php\/wp-json\/wp\/v2\/posts\/110167\/revisions\/110169"}],"wp:featuredmedia":[{"embeddable":true,"href":"https:\/\/rdnews.al\/index.php\/wp-json\/wp\/v2\/media\/110168"}],"wp:attachment":[{"href":"https:\/\/rdnews.al\/index.php\/wp-json\/wp\/v2\/media?parent=110167"}],"wp:term":[{"taxonomy":"category","embeddable":true,"href":"https:\/\/rdnews.al\/index.php\/wp-json\/wp\/v2\/categories?post=110167"},{"taxonomy":"post_tag","embeddable":true,"href":"https:\/\/rdnews.al\/index.php\/wp-json\/wp\/v2\/tags?post=110167"}],"curies":[{"name":"wp","href":"https:\/\/api.w.org\/{rel}","templated":true}]}}