{"id":110186,"date":"2025-04-12T17:03:36","date_gmt":"2025-04-12T17:03:36","guid":{"rendered":"https:\/\/rdnews.al\/?p=110186"},"modified":"2025-04-12T17:03:47","modified_gmt":"2025-04-12T17:03:47","slug":"lika-sali-berisha-perfaqeson-te-gjithe-qytetaret-e-ndershem-po-na-udheheq-drejt-fitores","status":"publish","type":"post","link":"https:\/\/rdnews.al\/index.php\/2025\/04\/12\/lika-sali-berisha-perfaqeson-te-gjithe-qytetaret-e-ndershem-po-na-udheheq-drejt-fitores\/","title":{"rendered":"Lika: Sali Berisha p\u00ebrfaq\u00ebson t\u00eb gjith\u00eb qytetar\u00ebt e ndersh\u00ebm, po na udh\u00ebheq drejt fitores"},"content":{"rendered":"<p>Pensionistja, Liljana Lika, theksoi se lideri i opozit\u00ebs Sali Berisha p\u00ebrfaq\u00ebson t\u00eb gjith\u00eb qytetar\u00ebt e ndersh\u00ebm shqiptar\u00eb.\u00a0Ajo tha kandidat\u00ebt p\u00ebr deputete t\u00eb koalicionit PD-ASHM jan\u00eb ata t\u00eb cil\u00ebt mund t\u00eb b\u00ebjn\u00eb m\u00eb t\u00eb mir\u00ebn p\u00ebr pensionist\u00ebt n\u00eb vend<\/p>\n<p>\u201cShum\u00eb mir\u00ebnjohje nga zemra e shum\u00eb demokrat\u00ebve shum\u00eb shqiptar\u00ebve t\u00eb ndersh\u00ebm. E ku ka m\u00eb mir\u00eb t\u00eb gjendem ndonj\u00ebher\u00eb, un\u00eb pensioniste me profesion arsimtare t\u00eb dilja n\u00eb k\u00ebt\u00eb Kuvend t\u00eb madh, para njer\u00ebzve t\u00eb mrekullueshme, njer\u00ebzit q\u00eb kan\u00eb punuar, kan\u00eb djersitur, njer\u00ebzit q\u00eb sot jan\u00eb me thinja. Dhe e pyet\u00ebn Sk\u00ebnderbeun ku e gjet\u00ebt k\u00ebt\u00eb forc\u00ebn, Sk\u00ebnderbue i tha: q\u00eb e gjeta mes jush. Nd\u00ebrsa un\u00eb them n\u00ebse do t\u00eb pyesja kryeministrin ton\u00eb t\u00eb ardhsh\u00ebm Sali Berisha ku gjeni k\u00ebt\u00eb forc\u00eb, un\u00eb nuk do t\u00eb desha q\u00eb ta thoshte e gjeta mes jush, por ne e gjet\u00ebm tek z. Sali Berisha.<\/p>\n<p>Ishte i vet\u00ebm n\u00eb \u2018Rogneri \u2018me 2-3 deputet\u00eb me 20 vet\u00eb. Ja ku jemi sot e gjith\u00eb Shqip\u00ebria n\u00eb k\u00ebmb\u00eb. Ja ku na b\u00ebri ne \u2018delet e humbura\u2019 q\u00eb sot t\u00eb jemi t\u00eb gjith\u00eb n\u00eb k\u00ebmb\u00eb, q\u00eb nes\u00ebr t\u00eb marrim pushtetin, ta marrin demokrat\u00ebt ta marrin njer\u00ebzit e ndersh\u00ebm, ta marrin n\u00eb dor\u00eb k\u00ebta kandidat\u00eb p\u00ebr deputet t\u00eb cil\u00ebt mendojn\u00eb p\u00ebr thinjat e bardha si p\u00ebr ata q\u00eb ecin rrug\u00ebs ashtu dhe p\u00ebr prind\u00ebrit e tyre. Mos t\u00eb mendojn\u00eb t\u00eb vjedhin, por t\u00eb mendojn\u00eb p\u00ebr buk\u00ebn e fukarait atij q\u00eb lyp, q\u00eb \u00ebsht\u00eb nder ti fal\u00ebsh di\u00e7ka por nder \u00ebsht\u00eb ti sh\u00ebrbesh familjes s\u00eb tij si do q\u00eb t\u00eb jet\u00eb. \u00cbsht\u00eb shum\u00eb p\u00ebrgjegj\u00ebsi t\u00eb flas\u00ebsh p\u00ebrpara jush n\u00eb k\u00ebt\u00eb Kuvend dhe p\u00ebrgjegj\u00ebsi shum\u00eb e madhe. Dhe t\u00eb gjith\u00eb s\u00eb bashku ne do t\u00eb mbetemi ata dhjetorist\u00ebt e 90-t\u00ebs, do t\u00eb mbetemi ata q\u00eb luftojm\u00eb p\u00ebr brezat e ardhsh\u00ebm, ne jemi dhe do t\u00eb mbetemi leva dhe shtysa t\u00eb rinis\u00eb\u201d, tha Lika.<\/p>\n","protected":false},"excerpt":{"rendered":"<p>Pensionistja, Liljana Lika, theksoi se lideri i opozit\u00ebs Sali Berisha p\u00ebrfaq\u00ebson t\u00eb gjith\u00eb qytetar\u00ebt e ndersh\u00ebm shqiptar\u00eb.\u00a0Ajo tha kandidat\u00ebt p\u00ebr deputete t\u00eb koalicionit PD-ASHM jan\u00eb ata t\u00eb cil\u00ebt mund t\u00eb b\u00ebjn\u00eb m\u00eb t\u00eb mir\u00ebn p\u00ebr pensionist\u00ebt n\u00eb vend \u201cShum\u00eb mir\u00ebnjohje nga zemra e shum\u00eb demokrat\u00ebve shum\u00eb shqiptar\u00ebve t\u00eb ndersh\u00ebm. E ku ka m\u00eb mir\u00eb t\u00eb &hellip;<\/p>\n","protected":false},"author":4,"featured_media":110187,"comment_status":"closed","ping_status":"closed","sticky":false,"template":"","format":"standard","meta":{"footnotes":""},"categories":[37],"tags":[],"class_list":["post-110186","post","type-post","status-publish","format-standard","has-post-thumbnail","","category-politike"],"_links":{"self":[{"href":"https:\/\/rdnews.al\/index.php\/wp-json\/wp\/v2\/posts\/110186","targetHints":{"allow":["GET"]}}],"collection":[{"href":"https:\/\/rdnews.al\/index.php\/wp-json\/wp\/v2\/posts"}],"about":[{"href":"https:\/\/rdnews.al\/index.php\/wp-json\/wp\/v2\/types\/post"}],"author":[{"embeddable":true,"href":"https:\/\/rdnews.al\/index.php\/wp-json\/wp\/v2\/users\/4"}],"replies":[{"embeddable":true,"href":"https:\/\/rdnews.al\/index.php\/wp-json\/wp\/v2\/comments?post=110186"}],"version-history":[{"count":1,"href":"https:\/\/rdnews.al\/index.php\/wp-json\/wp\/v2\/posts\/110186\/revisions"}],"predecessor-version":[{"id":110188,"href":"https:\/\/rdnews.al\/index.php\/wp-json\/wp\/v2\/posts\/110186\/revisions\/110188"}],"wp:featuredmedia":[{"embeddable":true,"href":"https:\/\/rdnews.al\/index.php\/wp-json\/wp\/v2\/media\/110187"}],"wp:attachment":[{"href":"https:\/\/rdnews.al\/index.php\/wp-json\/wp\/v2\/media?parent=110186"}],"wp:term":[{"taxonomy":"category","embeddable":true,"href":"https:\/\/rdnews.al\/index.php\/wp-json\/wp\/v2\/categories?post=110186"},{"taxonomy":"post_tag","embeddable":true,"href":"https:\/\/rdnews.al\/index.php\/wp-json\/wp\/v2\/tags?post=110186"}],"curies":[{"name":"wp","href":"https:\/\/api.w.org\/{rel}","templated":true}]}}