{"id":110405,"date":"2025-04-15T08:11:06","date_gmt":"2025-04-15T08:11:06","guid":{"rendered":"https:\/\/rdnews.al\/?p=110405"},"modified":"2025-04-15T08:11:06","modified_gmt":"2025-04-15T08:11:06","slug":"kryemadhi-dezinfekton-karrigen-ku-ishte-ulur-basha-ne-emision","status":"publish","type":"post","link":"https:\/\/rdnews.al\/index.php\/2025\/04\/15\/kryemadhi-dezinfekton-karrigen-ku-ishte-ulur-basha-ne-emision\/","title":{"rendered":"Kryemadhi dezinfekton karrigen ku ishte ulur Basha n\u00eb emision"},"content":{"rendered":"<p>Monika Kryemadhi ka qen\u00eb e ftuar n\u00eb emisionin \u201cT\u00eb Paekspozuarit\u201d n\u00eb MCN TV, ku ka b\u00ebr\u00eb nj\u00eb hyrje mjaft t\u00eb pazakont\u00eb.<\/p>\n<p>Sapo hyri n\u00eb studio, Kryemadhi nisi t\u00eb dezinfektonte karrigen ku do t\u00eb ulej. Kjo sepse n\u00eb k\u00ebt\u00eb karrige ishte ulur n\u00eb pjes\u00ebn e par\u00eb t\u00eb emisionit Lulzim Basha.<\/p>\n<p>Ylli Rakipi: Ua moj, po dezinfekton vendin ku u ul Luli?<\/p>\n<p>Monika Kryemadhi: Po, po, patjet\u00ebr!<\/p>\n<div class=\"jeg_preview_slider gallery_1\" data-selector=\"gallery_1\">\n<div class=\"jeg_preview_holder\">\n<div class=\"jeg_preview_media\">\n<div class=\"jeg_preview_media_holder\">\n<div class=\"jeg_preview_media_content\">\n<div class=\"jeg_preview_media_content_holder_padding\">\n<div class=\"jeg_preview_media_content_holder\"><img decoding=\"async\" class=\"jeg_preview_hide\" src=\"https:\/\/boldnews.al\/wp-content\/uploads\/2025\/04\/640-0-monika-kryemadhi-karrige-267-1.jpeg\" \/><\/div>\n<\/div>\n<div class=\"jeg_preview_media_content_navigation\">\n<div class=\"next\"><span class=\"reduce off\">&#8211;<\/span><span class=\"increase\">+<\/span><\/div>\n<\/div>\n<\/div>\n<\/div>\n<\/div>\n<div id=\"tns1-ow\" class=\"tns-outer\">\n<div id=\"tns1-mw\" class=\"tns-ovh\">\n<div id=\"tns1-iw\" class=\"tns-inner\">\n<div id=\"tns1\" class=\"jeg_preview_bottom_slider tns-slider tns-carousel tns-subpixel tns-calc tns-horizontal jeg_tns_active\">\n<div class=\"jeg_preview_item_thumbnail\"><img loading=\"lazy\" decoding=\"async\" class=\"attachment-jnews-120x86 size-jnews-120x86\" src=\"https:\/\/boldnews.al\/wp-content\/uploads\/2025\/04\/640-0-monika-kryemadhi-karrige-267-1-120x86.jpeg\" sizes=\"auto, (max-width: 120px) 100vw, 120px\" srcset=\"https:\/\/boldnews.al\/wp-content\/uploads\/2025\/04\/640-0-monika-kryemadhi-karrige-267-1-120x86.jpeg 120w, https:\/\/boldnews.al\/wp-content\/uploads\/2025\/04\/640-0-monika-kryemadhi-karrige-267-1-350x250.jpeg 350w\" alt=\"\" width=\"120\" height=\"86\" data-pin-no-hover=\"true\" \/><\/div>\n<div class=\"jeg_preview_item_thumbnail\"><img loading=\"lazy\" decoding=\"async\" class=\"attachment-jnews-120x86 size-jnews-120x86\" src=\"https:\/\/boldnews.al\/wp-content\/uploads\/2025\/04\/640-0-monika-kryemadhi-7jpg-185-120x86.jpg\" sizes=\"auto, (max-width: 120px) 100vw, 120px\" srcset=\"https:\/\/boldnews.al\/wp-content\/uploads\/2025\/04\/640-0-monika-kryemadhi-7jpg-185-120x86.jpg 120w, https:\/\/boldnews.al\/wp-content\/uploads\/2025\/04\/640-0-monika-kryemadhi-7jpg-185-350x250.jpg 350w\" alt=\"\" width=\"120\" height=\"86\" data-pin-no-hover=\"true\" \/><\/div>\n<div class=\"jeg_preview_item_thumbnail\"><img loading=\"lazy\" decoding=\"async\" class=\"attachment-jnews-120x86 size-jnews-120x86\" src=\"https:\/\/boldnews.al\/wp-content\/uploads\/2025\/04\/640-0-monika-kryemadhi-8jpg-705-120x86.jpg\" sizes=\"auto, (max-width: 120px) 100vw, 120px\" srcset=\"https:\/\/boldnews.al\/wp-content\/uploads\/2025\/04\/640-0-monika-kryemadhi-8jpg-705-120x86.jpg 120w, https:\/\/boldnews.al\/wp-content\/uploads\/2025\/04\/640-0-monika-kryemadhi-8jpg-705-350x250.jpg 350w\" alt=\"\" width=\"120\" height=\"86\" data-pin-no-hover=\"true\" \/><\/div>\n<\/div>\n<\/div>\n<\/div>\n<\/div>\n<\/div>\n<\/div>\n","protected":false},"excerpt":{"rendered":"<p>Monika Kryemadhi ka qen\u00eb e ftuar n\u00eb emisionin \u201cT\u00eb Paekspozuarit\u201d n\u00eb MCN TV, ku ka b\u00ebr\u00eb nj\u00eb hyrje mjaft t\u00eb pazakont\u00eb. Sapo hyri n\u00eb studio, Kryemadhi nisi t\u00eb dezinfektonte karrigen ku do t\u00eb ulej. Kjo sepse n\u00eb k\u00ebt\u00eb karrige ishte ulur n\u00eb pjes\u00ebn e par\u00eb t\u00eb emisionit Lulzim Basha. Ylli Rakipi: Ua moj, po dezinfekton &hellip;<\/p>\n","protected":false},"author":4,"featured_media":110406,"comment_status":"closed","ping_status":"closed","sticky":false,"template":"","format":"standard","meta":{"footnotes":""},"categories":[37],"tags":[],"class_list":["post-110405","post","type-post","status-publish","format-standard","has-post-thumbnail","","category-politike"],"_links":{"self":[{"href":"https:\/\/rdnews.al\/index.php\/wp-json\/wp\/v2\/posts\/110405","targetHints":{"allow":["GET"]}}],"collection":[{"href":"https:\/\/rdnews.al\/index.php\/wp-json\/wp\/v2\/posts"}],"about":[{"href":"https:\/\/rdnews.al\/index.php\/wp-json\/wp\/v2\/types\/post"}],"author":[{"embeddable":true,"href":"https:\/\/rdnews.al\/index.php\/wp-json\/wp\/v2\/users\/4"}],"replies":[{"embeddable":true,"href":"https:\/\/rdnews.al\/index.php\/wp-json\/wp\/v2\/comments?post=110405"}],"version-history":[{"count":1,"href":"https:\/\/rdnews.al\/index.php\/wp-json\/wp\/v2\/posts\/110405\/revisions"}],"predecessor-version":[{"id":110407,"href":"https:\/\/rdnews.al\/index.php\/wp-json\/wp\/v2\/posts\/110405\/revisions\/110407"}],"wp:featuredmedia":[{"embeddable":true,"href":"https:\/\/rdnews.al\/index.php\/wp-json\/wp\/v2\/media\/110406"}],"wp:attachment":[{"href":"https:\/\/rdnews.al\/index.php\/wp-json\/wp\/v2\/media?parent=110405"}],"wp:term":[{"taxonomy":"category","embeddable":true,"href":"https:\/\/rdnews.al\/index.php\/wp-json\/wp\/v2\/categories?post=110405"},{"taxonomy":"post_tag","embeddable":true,"href":"https:\/\/rdnews.al\/index.php\/wp-json\/wp\/v2\/tags?post=110405"}],"curies":[{"name":"wp","href":"https:\/\/api.w.org\/{rel}","templated":true}]}}