{"id":110411,"date":"2025-04-15T08:21:39","date_gmt":"2025-04-15T08:21:39","guid":{"rendered":"https:\/\/rdnews.al\/?p=110411"},"modified":"2025-04-15T08:25:06","modified_gmt":"2025-04-15T08:25:06","slug":"analisti-rama-beri-spektakel-pe-tiu-shmangur-thelbit-ndersa-berisha-fitoi-betejen-politike","status":"publish","type":"post","link":"https:\/\/rdnews.al\/index.php\/2025\/04\/15\/analisti-rama-beri-spektakel-pe-tiu-shmangur-thelbit-ndersa-berisha-fitoi-betejen-politike\/","title":{"rendered":"Analisti: Rama b\u00ebri spektak\u00ebl p\u00eb t\u2019iu shmangur thelbit, Berisha fitoi betej\u00ebn politike"},"content":{"rendered":"<p>Analisti Andi Bushati deklaroi se n\u00eb dit\u00ebt e para t\u00eb fushat\u00ebs u pa nj\u00eb ndarje e qart\u00eb mes Edi Ram\u00ebs dhe Sali Berish\u00ebs.<\/p>\n<p>Sipas Bushatit, Rama fitoi betej\u00ebn e spektaklit, nd\u00ebrsa Berisha fitoi betej\u00ebn politike. Ai tha se n\u00eb pamund\u00ebsi p\u00ebr t\u00eb b\u00ebr\u00eb bilancin e qeverisjes s\u00eb tij, Rama zgjodhi t\u2019i shmangej thelbit me nj\u00eb spektak\u00ebl q\u00eb p\u00ebr t\u00eb personalisht nuk ishte i p\u00eblqyesh\u00ebm.<\/p>\n<p>Sipas tij, kreu i qeveris\u00eb hodhi topin larg zgjedhjeve duke folur p\u00ebr vitin 2030, nd\u00ebrsa mandati aktual p\u00ebrfundon n\u00eb 2029. N\u00eb t\u00eb kund\u00ebrt, Bushati vler\u00ebsoi qasjen e Berish\u00ebs si nj\u00eb diskurs tipik opozitar n\u00eb nj\u00eb vend autoritar, duke e paraqitur rezistenc\u00ebn e PD-s\u00eb si shembull p\u00ebr shoq\u00ebrin\u00eb. Ai theksoi gjithashtu se debatet mbi premtimet konkrete ekonomike t\u00eb Berish\u00ebs, si rritja e pensioneve apo rikthimi i taks\u00ebs s\u00eb shesht\u00eb, duhet t\u00eb ishin n\u00eb qend\u00ebr t\u00eb fushat\u00ebs.<\/p>\n<p>\u201cN\u00eb k\u00ebto dit\u00eb t\u00eb para apo 2 dit\u00eb t\u00eb para kishim nj\u00eb ndarje shum\u00eb t\u00eb qart\u00eb, n\u00eb nj\u00eb far\u00eb m\u00ebnyre Rama fitoi betej\u00ebn e spektaklit me Berish\u00ebn, kurse Berisha fitoi betej\u00ebn politike me Ram\u00ebn n\u00ebse shohim dit\u00ebn e par\u00eb t\u00eb fushat\u00ebs si rivalitet mes tyre.<\/p>\n<p>V\u00ebre pak veten n\u00eb l\u00ebkur\u00ebn e Ram\u00ebs, t\u00eb b\u00ebsh dhe bilanc 4-vje\u00e7ar dhe bilanc 12-vje\u00e7ar.<\/p>\n<p>Nuk ke \u00e7far\u00eb thua, dhe kur nuk ke \u00e7far\u00eb thua, \u00e7far\u00eb zgjedhje b\u00ebn?<\/p>\n<p>Ose do i shmangesh thelbit dhe do mundohesh t\u00eb b\u00ebsh nj\u00eb spektak\u00ebl, p\u00ebr mua ai nuk qe nj\u00eb spektak\u00ebl q\u00eb m\u00eb p\u00eblqeu, nuk \u00ebsht\u00eb as ai Goliku n\u00eb shijet e mia, nuk \u00ebsht\u00eb as ai lahutari i Ulsiut n\u00eb shijet e mia.<\/p>\n<p>Por b\u00ebri nj\u00eb zgjedhje p\u00ebr t\u2019iu shmangur thelbit, pra p\u00ebr t\u00eb b\u00ebr\u00eb nj\u00eb fushat\u00eb politike me bilanc.<br \/>\nPra \u00e7far\u00eb b\u00ebri? Spektak\u00ebl nj\u00eb, dhe at\u00eb q\u00eb do t\u00eb diskutojm\u00eb m\u00eb von\u00eb, e hodhi topin larg zgjedhjeve, 2030 thot\u00eb, ky mandat mbaron n\u00eb 2029.<\/p>\n<p>N\u00eb k\u00ebt\u00eb kuptim i gjith\u00eb spektakli ishte, mbulimi m\u00eb i mir\u00eb i mundsh\u00ebm p\u00ebr munges\u00ebn e thelbit dhe n\u00eb kuptim, edhe mua po t\u00eb m\u00eb pyeste Rama, ore si t\u00eb g\u00ebnjej sot se s\u2019kam \u00e7\u2019t\u00eb them, \u201ck\u00ebt\u00eb b\u00ebj\u201d mund t\u2019i thosha.<\/p>\n<p>Pse them q\u00eb pjes\u00ebn politike e fitoi Berisha?<\/p>\n<p>Po t\u00eb d\u00ebgjoje Berish\u00ebn edhe n\u00eb Pallat t\u00eb Kongreseve edhe n\u00eb sheshe, e para pati diskurin e nj\u00eb lideri tipik opozite n\u00eb nj\u00eb vend autoritarist.<\/p>\n<p>Ne kemi diskutuar shpesh sesi diktatura dhe autokracia e mposht shoq\u00ebrin\u00eb, e p\u00ebrgjum shoq\u00ebrin\u00eb, e b\u00ebn apatike.<\/p>\n<p>Berisha e mori k\u00ebt\u00eb fabul dhe tha jo, na votoni ne se ne jemi shembulli konkret si nj\u00eb parti q\u00eb ishte projektuar p\u00ebr t\u2019u p\u00ebr\u00e7ar\u00eb, p\u00ebr t\u2019u shkat\u00ebrruar, p\u00ebr t\u2019i marr\u00eb vul\u00ebn dhe flamurin, arriti t\u00eb rezistoj\u00eb.<\/p>\n<p>Pra mori fabul\u00ebn e vet 4-vje\u00e7are dhe e demonstroi si shembull p\u00ebr shoq\u00ebrin\u00eb dhe kjo \u00ebsht\u00eb tipikisht nj\u00eb qasje politike n\u00eb t\u00eb cil\u00ebn i adresohesh shoq\u00ebris\u00eb, kjo ishte nj\u00eb gj\u00eb p\u00ebr mua q\u00eb ia vlente n\u00eb hapjen e fushat\u00ebs s\u00eb Berish\u00ebs.<\/p>\n<p>E dyta, un\u00eb nuk jam ekonomist dhe nuk kam par\u00eb asnj\u00ebri q\u00eb t\u2019i b\u00ebj\u00eb nj\u00eb skanim sa t\u00eb vlefshme jan\u00eb premtimet e Berish\u00ebs, por ama ky duhej t\u00eb ishte thelbi i nj\u00eb fushate, pra minimum jetik 200 euro, p\u00ebr pensionist\u00ebt, p\u00ebr ata q\u00eb s\u2019kan\u00eb asnj\u00eb t\u00eb ardhur, dyfishim pensionesh dhe pagash, kthim tek taksa e shesht\u00eb, jan\u00eb debate q\u00eb duhet t\u00eb ishin normale n\u00eb nj\u00eb fushat\u00eb, prandaj them betej\u00ebn politike Berisha e fitoi, kund\u00ebr sazeve, lahutarit dhe Golikut t\u00eb Ram\u00ebs q\u00eb nuk dha ndonj\u00eb gj\u00eb m\u00eb shum\u00eb se kaq\u201d, tha Bushati p\u00ebr Syri tv.<\/p>\n","protected":false},"excerpt":{"rendered":"<p>Analisti Andi Bushati deklaroi se n\u00eb dit\u00ebt e para t\u00eb fushat\u00ebs u pa nj\u00eb ndarje e qart\u00eb mes Edi Ram\u00ebs dhe Sali Berish\u00ebs. Sipas Bushatit, Rama fitoi betej\u00ebn e spektaklit, nd\u00ebrsa Berisha fitoi betej\u00ebn politike. Ai tha se n\u00eb pamund\u00ebsi p\u00ebr t\u00eb b\u00ebr\u00eb bilancin e qeverisjes s\u00eb tij, Rama zgjodhi t\u2019i shmangej thelbit me nj\u00eb &hellip;<\/p>\n","protected":false},"author":4,"featured_media":110127,"comment_status":"closed","ping_status":"closed","sticky":false,"template":"","format":"standard","meta":{"footnotes":""},"categories":[37],"tags":[],"class_list":["post-110411","post","type-post","status-publish","format-standard","has-post-thumbnail","","category-politike"],"_links":{"self":[{"href":"https:\/\/rdnews.al\/index.php\/wp-json\/wp\/v2\/posts\/110411","targetHints":{"allow":["GET"]}}],"collection":[{"href":"https:\/\/rdnews.al\/index.php\/wp-json\/wp\/v2\/posts"}],"about":[{"href":"https:\/\/rdnews.al\/index.php\/wp-json\/wp\/v2\/types\/post"}],"author":[{"embeddable":true,"href":"https:\/\/rdnews.al\/index.php\/wp-json\/wp\/v2\/users\/4"}],"replies":[{"embeddable":true,"href":"https:\/\/rdnews.al\/index.php\/wp-json\/wp\/v2\/comments?post=110411"}],"version-history":[{"count":3,"href":"https:\/\/rdnews.al\/index.php\/wp-json\/wp\/v2\/posts\/110411\/revisions"}],"predecessor-version":[{"id":110414,"href":"https:\/\/rdnews.al\/index.php\/wp-json\/wp\/v2\/posts\/110411\/revisions\/110414"}],"wp:featuredmedia":[{"embeddable":true,"href":"https:\/\/rdnews.al\/index.php\/wp-json\/wp\/v2\/media\/110127"}],"wp:attachment":[{"href":"https:\/\/rdnews.al\/index.php\/wp-json\/wp\/v2\/media?parent=110411"}],"wp:term":[{"taxonomy":"category","embeddable":true,"href":"https:\/\/rdnews.al\/index.php\/wp-json\/wp\/v2\/categories?post=110411"},{"taxonomy":"post_tag","embeddable":true,"href":"https:\/\/rdnews.al\/index.php\/wp-json\/wp\/v2\/tags?post=110411"}],"curies":[{"name":"wp","href":"https:\/\/api.w.org\/{rel}","templated":true}]}}