{"id":110468,"date":"2025-04-15T11:48:46","date_gmt":"2025-04-15T11:48:46","guid":{"rendered":"https:\/\/rdnews.al\/?p=110468"},"modified":"2025-04-15T11:48:46","modified_gmt":"2025-04-15T11:48:46","slug":"vokshi-koncesioni-e-chek-upp-ka-perfunduar-vilma-nushi-marr-ende-para","status":"publish","type":"post","link":"https:\/\/rdnews.al\/index.php\/2025\/04\/15\/vokshi-koncesioni-e-chek-upp-ka-perfunduar-vilma-nushi-marr-ende-para\/","title":{"rendered":"Vokshi: Koncesioni e Chek upp ka p\u00ebrfunduar, Vilma Nushi marr ende para!"},"content":{"rendered":"<p>Deputetja e PD, Albana Vokshi teksa ka vijuar akuzat ndaj sip\u00ebrmarr\u00ebses Vilma Nushi p\u00ebr koncesionin e Chek upp n\u00eb sh\u00ebndet\u00ebsi, u shpreh se kjo kontrat\u00eb ka p\u00ebrfunduar q\u00eb n\u00eb janar t\u00eb k\u00ebtij viti, ndon\u00ebse ende vijon t\u00eb marr\u00eb para nga taksapaguesit shqiptar\u00eb.<\/p>\n<p>Pas seanc\u00ebs n\u00eb GJKKO, ku ishte thirrur p\u00ebr t\u00eb disat\u00ebn her\u00eb p\u00ebr t\u2019u p\u00ebrballur me padin\u00eb p\u00ebr shpifje nga biznesmenia, Vilma Nushi, Vokshi tha se p\u00ebr koncesionin e chek upp n\u00eb sh\u00ebndet\u00ebsi nuk \u00ebsht\u00eb marr\u00eb vendim p\u00ebr amendim t\u00eb kontrat\u00ebs, e si e till\u00eb theksoi deputetja e PD, pagesat p\u00ebr k\u00ebt\u00eb koncesion duhej t\u00eb nd\u00ebrpriteshin.<\/p>\n<p>Vokshi dha garancin\u00eb se p\u00ebrgjegj\u00ebsit e abuzimeve n\u00eb sh\u00ebndet\u00ebsi, p\u00ebrfshir\u00eb Ram\u00ebn, Manastrirliun, Beqajn dhe biznesmenen Nushi do t\u00eb p\u00ebrballen me ligjin pas 11 majit.<\/p>\n<p>\u201cDo vijoj her\u00ebn tjet\u00ebr kur \u00ebsht\u00eb caktuar seanca e radh\u00ebs m\u00eb 24 prill, ora 09.00. Sot q\u00eb flasim, e dini ju se afati i chek upp ka p\u00ebrfunduar n\u00eb mes t\u00eb janarit dhe Vilma Nushi paguhet edhe pse s\u2019ka amendim kontrate. Kemi kall\u00ebzuar edhe Vilma Nushin, Manastrirliun, Ram\u00ebn e Beqajn. M\u00eb 11 maj kjo merr fund, marrin fund koncesionet abuzive e korruptive. \u00c7do para e abuzuar nga ata do t\u2019i kthehet qytetar\u00ebve shqiptar\u00eb\u201d, tha Vokshi.<\/p>\n","protected":false},"excerpt":{"rendered":"<p>Deputetja e PD, Albana Vokshi teksa ka vijuar akuzat ndaj sip\u00ebrmarr\u00ebses Vilma Nushi p\u00ebr koncesionin e Chek upp n\u00eb sh\u00ebndet\u00ebsi, u shpreh se kjo kontrat\u00eb ka p\u00ebrfunduar q\u00eb n\u00eb janar t\u00eb k\u00ebtij viti, ndon\u00ebse ende vijon t\u00eb marr\u00eb para nga taksapaguesit shqiptar\u00eb. Pas seanc\u00ebs n\u00eb GJKKO, ku ishte thirrur p\u00ebr t\u00eb disat\u00ebn her\u00eb p\u00ebr t\u2019u &hellip;<\/p>\n","protected":false},"author":4,"featured_media":95289,"comment_status":"closed","ping_status":"closed","sticky":false,"template":"","format":"standard","meta":{"footnotes":""},"categories":[37],"tags":[],"class_list":["post-110468","post","type-post","status-publish","format-standard","has-post-thumbnail","","category-politike"],"_links":{"self":[{"href":"https:\/\/rdnews.al\/index.php\/wp-json\/wp\/v2\/posts\/110468","targetHints":{"allow":["GET"]}}],"collection":[{"href":"https:\/\/rdnews.al\/index.php\/wp-json\/wp\/v2\/posts"}],"about":[{"href":"https:\/\/rdnews.al\/index.php\/wp-json\/wp\/v2\/types\/post"}],"author":[{"embeddable":true,"href":"https:\/\/rdnews.al\/index.php\/wp-json\/wp\/v2\/users\/4"}],"replies":[{"embeddable":true,"href":"https:\/\/rdnews.al\/index.php\/wp-json\/wp\/v2\/comments?post=110468"}],"version-history":[{"count":1,"href":"https:\/\/rdnews.al\/index.php\/wp-json\/wp\/v2\/posts\/110468\/revisions"}],"predecessor-version":[{"id":110469,"href":"https:\/\/rdnews.al\/index.php\/wp-json\/wp\/v2\/posts\/110468\/revisions\/110469"}],"wp:featuredmedia":[{"embeddable":true,"href":"https:\/\/rdnews.al\/index.php\/wp-json\/wp\/v2\/media\/95289"}],"wp:attachment":[{"href":"https:\/\/rdnews.al\/index.php\/wp-json\/wp\/v2\/media?parent=110468"}],"wp:term":[{"taxonomy":"category","embeddable":true,"href":"https:\/\/rdnews.al\/index.php\/wp-json\/wp\/v2\/categories?post=110468"},{"taxonomy":"post_tag","embeddable":true,"href":"https:\/\/rdnews.al\/index.php\/wp-json\/wp\/v2\/tags?post=110468"}],"curies":[{"name":"wp","href":"https:\/\/api.w.org\/{rel}","templated":true}]}}