{"id":110474,"date":"2025-04-15T12:05:27","date_gmt":"2025-04-15T12:05:27","guid":{"rendered":"https:\/\/rdnews.al\/?p=110474"},"modified":"2025-04-15T12:05:55","modified_gmt":"2025-04-15T12:05:55","slug":"berisha-i-pergjigjet-rames-blinken-eshte-sot-non-grata-ne-vendin-e-tij-skandali-mcgonigal-nuk-mbyllet-kurre","status":"publish","type":"post","link":"https:\/\/rdnews.al\/index.php\/2025\/04\/15\/berisha-i-pergjigjet-rames-blinken-eshte-sot-non-grata-ne-vendin-e-tij-skandali-mcgonigal-nuk-mbyllet-kurre\/","title":{"rendered":"Berisha i p\u00ebrgjigjet Ram\u00ebs: Blinken \u00ebsht\u00eb sot non-grata n\u00eb vendin e tij! Skandali McGonigal nuk mbyllet kurr\u00eb!"},"content":{"rendered":"<p>Kryetari i PD, Sali Berisha ka paralajm\u00ebruar Ram\u00ebn se skandali McGonigal nuk do t\u00eb mbyllet kurr\u00eb, nd\u00ebrsa nuk kurseu ironin\u00eb ndaj kryeministrit se \u2018kazani po zien\u2019, teksa iu referua skandalit me detaje t\u00eb reja.<\/p>\n<p>Nj\u00eb p\u00ebrgjigje lideri demokrat pati edhe ndaj komenteve t\u00eb Ram\u00ebs, lidhur me \u2018non grat\u00ebn\u2019 n\u00eb SHBA, teksa Berisha i kujtoi ish-sekretarin amerikan, Antony Blinken, i cili sipas tij, sot \u00ebsht\u00eb person i pad\u00ebshiruar n\u00eb vendin e tij.<\/p>\n<p>P\u00ebrgjigjen Ran\u00ebs, kryedemokrati Sali Berisha ia dha n\u00eb nj\u00eb deklarat\u00eb p\u00ebr mediat nga selia blu mesdit\u00ebn e k\u00ebsaj t\u00eb marte.<\/p>\n<p>\u201cTani, q\u00eb t\u00eb m\u00eb b\u00ebsh mua t\u00eb komentoj deklaratat e nj\u00eb njeriu t\u00eb ndryr\u00eb, q\u00eb ka frik\u00eb dhe tmerr nga gazetari, nuk e di sa \u00ebsht\u00eb etike q\u00eb un\u00eb t\u2019i p\u00ebrgjigjem atij.<\/p>\n<p>Sepse un\u00eb dhe ai dhe \u00e7do politikan kemi detyrim elementar ndaj qytetar\u00ebve shqiptar\u00eb t\u00eb paraqitemi para gazetar\u00ebve.<\/p>\n<p>Pardje lexova nj\u00eb artikull, presidenti Donald Trump ishte paraqitur para gazetar\u00ebve dhe kishte komunikuar me gazetar\u00ebt, n\u00eb k\u00ebt\u00eb hark kohor nga 20 janari gjer tani, 20 her\u00eb m\u00eb shum\u00eb se pasardh\u00ebsi i tij n\u00eb 4 vite.<\/p>\n<p>E kuptoni ju se me k\u00ebt\u00eb q\u00ebndrim anti-transparenc\u00eb, anti-media, nuk ia vlen ta konsiderosh p\u00ebr asgj\u00eb.<\/p>\n<p>P\u00ebr sa i p\u00ebrket asaj q\u00eb tha ai, un\u00eb them dy fjal\u00eb, se Antony Blinken sot \u00ebsht\u00eb non-grata n\u00eb vendin e tij dhe uroj t\u00eb paraqitet para drejt\u00ebsis\u00eb amerikane.<\/p>\n<p>I them gjithashtu se n\u00eb qoft\u00eb se Blinken b\u00ebri nj\u00eb vizit\u00eb blic n\u00eb Shqip\u00ebri, i paguar apo i papaguar, nuk di gj\u00eb, p\u00ebr t\u2019i mbuluar skandalin e tmerrsh\u00ebm McGonigal, kazani po zien.<\/p>\n<p>Ai skandal nuk mbyllet kurr\u00eb. Kjo \u00ebsht\u00eb p\u00ebrgjigja ime p\u00ebr sa tha ai\u201d, tha Berisha.<\/p>\n","protected":false},"excerpt":{"rendered":"<p>Kryetari i PD, Sali Berisha ka paralajm\u00ebruar Ram\u00ebn se skandali McGonigal nuk do t\u00eb mbyllet kurr\u00eb, nd\u00ebrsa nuk kurseu ironin\u00eb ndaj kryeministrit se \u2018kazani po zien\u2019, teksa iu referua skandalit me detaje t\u00eb reja. Nj\u00eb p\u00ebrgjigje lideri demokrat pati edhe ndaj komenteve t\u00eb Ram\u00ebs, lidhur me \u2018non grat\u00ebn\u2019 n\u00eb SHBA, teksa Berisha i kujtoi ish-sekretarin &hellip;<\/p>\n","protected":false},"author":4,"featured_media":110475,"comment_status":"closed","ping_status":"closed","sticky":false,"template":"","format":"standard","meta":{"footnotes":""},"categories":[37],"tags":[],"class_list":["post-110474","post","type-post","status-publish","format-standard","has-post-thumbnail","","category-politike"],"_links":{"self":[{"href":"https:\/\/rdnews.al\/index.php\/wp-json\/wp\/v2\/posts\/110474","targetHints":{"allow":["GET"]}}],"collection":[{"href":"https:\/\/rdnews.al\/index.php\/wp-json\/wp\/v2\/posts"}],"about":[{"href":"https:\/\/rdnews.al\/index.php\/wp-json\/wp\/v2\/types\/post"}],"author":[{"embeddable":true,"href":"https:\/\/rdnews.al\/index.php\/wp-json\/wp\/v2\/users\/4"}],"replies":[{"embeddable":true,"href":"https:\/\/rdnews.al\/index.php\/wp-json\/wp\/v2\/comments?post=110474"}],"version-history":[{"count":2,"href":"https:\/\/rdnews.al\/index.php\/wp-json\/wp\/v2\/posts\/110474\/revisions"}],"predecessor-version":[{"id":110477,"href":"https:\/\/rdnews.al\/index.php\/wp-json\/wp\/v2\/posts\/110474\/revisions\/110477"}],"wp:featuredmedia":[{"embeddable":true,"href":"https:\/\/rdnews.al\/index.php\/wp-json\/wp\/v2\/media\/110475"}],"wp:attachment":[{"href":"https:\/\/rdnews.al\/index.php\/wp-json\/wp\/v2\/media?parent=110474"}],"wp:term":[{"taxonomy":"category","embeddable":true,"href":"https:\/\/rdnews.al\/index.php\/wp-json\/wp\/v2\/categories?post=110474"},{"taxonomy":"post_tag","embeddable":true,"href":"https:\/\/rdnews.al\/index.php\/wp-json\/wp\/v2\/tags?post=110474"}],"curies":[{"name":"wp","href":"https:\/\/api.w.org\/{rel}","templated":true}]}}