{"id":110478,"date":"2025-04-15T16:29:07","date_gmt":"2025-04-15T16:29:07","guid":{"rendered":"https:\/\/rdnews.al\/?p=110478"},"modified":"2025-04-15T16:30:51","modified_gmt":"2025-04-15T16:30:51","slug":"gaztori-i-portokallise-me-banese-ne-pronesi-te-erion-veliajt","status":"publish","type":"post","link":"https:\/\/rdnews.al\/index.php\/2025\/04\/15\/gaztori-i-portokallise-me-banese-ne-pronesi-te-erion-veliajt\/","title":{"rendered":"Zbulohet nj\u00eb tjet\u00ebr banes\u00eb e Veliajt, e kishte n\u00eb p\u00ebrdorim gaztori i portokallis\u00eb"},"content":{"rendered":"<p>Nj\u00eb zhvillim i papritur ka ndodhur n\u00eb zon\u00ebn e Kodr\u00ebs s\u00eb Diellit, ku agjent\u00ebt e BKH-s\u00eb kan\u00eb kryer nj\u00eb kontroll n\u00eb nj\u00eb banes\u00eb q\u00eb, sipas burimeve, i p\u00ebrket aktorit t\u00eb njohur Gaz Paj\u00ebs. Ajo q\u00eb e b\u00ebn edhe m\u00eb t\u00eb bujsh\u00ebm rastin \u00ebsht\u00eb fakti se banesa rezulton t\u00eb jet\u00eb bler\u00eb nga kryebashkiaku i Tiran\u00ebs, Erion Veliaj.<\/p>\n<p>Lajmi u b\u00eb i ditur nga profesori i kriminalistik\u00ebs, Ervin Karamu\u00e7o, gjat\u00eb nj\u00eb interviste n\u00eb emisionin \u201cNo\u00eb me Erla M\u00ebhillin\u201d n\u00eb Eurone\u00ebs Albania.<\/p>\n<p>Ai theksoi se, megjith\u00ebse SPAK e ka zhvendosur v\u00ebmendjen te procesi zgjedhor, kontrollet p\u00ebr \u00e7\u00ebshtjet q\u00eb jan\u00eb ende n\u00ebn hetim vijojn\u00eb me intensitet.<\/p>\n<p><em>\u201cPara dy or\u00ebsh \u00ebsht\u00eb kontrolluar nj\u00eb banes\u00eb nj\u00eb kat m\u00eb lart me banes\u00ebn e Erion Veliaj<\/em><em>t. Hetimet jan\u00eb n\u00eb vazhdim dhe ndon\u00ebse zgjedhjet jan\u00eb af\u00ebr, p\u00ebr raste t\u00eb ve\u00e7anta <\/em><em>SPAK nuk po ndalet\u201d<\/em><em>,<\/em>\u00a0deklaroi Karamu\u00e7o.<\/p>\n<p>Burime t\u00eb pa konfirmuara zyrtarisht flasin p\u00ebr nj\u00eb lidhje midis p\u00ebrdorimit t\u00eb k\u00ebsaj banese nga ana e aktorit dhe marr\u00ebdh\u00ebnieve t\u00eb tij me figura t\u00eb njohura t\u00eb politik\u00ebs.<\/p>\n<p>Ende nuk dihet zyrtarisht arsyeja e kontrollit, nd\u00ebrsa reagime nga Veliaj apo Paja nuk ka pasur deri tani.<\/p>\n","protected":false},"excerpt":{"rendered":"<p>Nj\u00eb zhvillim i papritur ka ndodhur n\u00eb zon\u00ebn e Kodr\u00ebs s\u00eb Diellit, ku agjent\u00ebt e BKH-s\u00eb kan\u00eb kryer nj\u00eb kontroll n\u00eb nj\u00eb banes\u00eb q\u00eb, sipas burimeve, i p\u00ebrket aktorit t\u00eb njohur Gaz Paj\u00ebs. Ajo q\u00eb e b\u00ebn edhe m\u00eb t\u00eb bujsh\u00ebm rastin \u00ebsht\u00eb fakti se banesa rezulton t\u00eb jet\u00eb bler\u00eb nga kryebashkiaku i Tiran\u00ebs, Erion &hellip;<\/p>\n","protected":false},"author":4,"featured_media":110479,"comment_status":"closed","ping_status":"closed","sticky":false,"template":"","format":"standard","meta":{"footnotes":""},"categories":[37],"tags":[],"class_list":["post-110478","post","type-post","status-publish","format-standard","has-post-thumbnail","","category-politike"],"_links":{"self":[{"href":"https:\/\/rdnews.al\/index.php\/wp-json\/wp\/v2\/posts\/110478","targetHints":{"allow":["GET"]}}],"collection":[{"href":"https:\/\/rdnews.al\/index.php\/wp-json\/wp\/v2\/posts"}],"about":[{"href":"https:\/\/rdnews.al\/index.php\/wp-json\/wp\/v2\/types\/post"}],"author":[{"embeddable":true,"href":"https:\/\/rdnews.al\/index.php\/wp-json\/wp\/v2\/users\/4"}],"replies":[{"embeddable":true,"href":"https:\/\/rdnews.al\/index.php\/wp-json\/wp\/v2\/comments?post=110478"}],"version-history":[{"count":3,"href":"https:\/\/rdnews.al\/index.php\/wp-json\/wp\/v2\/posts\/110478\/revisions"}],"predecessor-version":[{"id":110482,"href":"https:\/\/rdnews.al\/index.php\/wp-json\/wp\/v2\/posts\/110478\/revisions\/110482"}],"wp:featuredmedia":[{"embeddable":true,"href":"https:\/\/rdnews.al\/index.php\/wp-json\/wp\/v2\/media\/110479"}],"wp:attachment":[{"href":"https:\/\/rdnews.al\/index.php\/wp-json\/wp\/v2\/media?parent=110478"}],"wp:term":[{"taxonomy":"category","embeddable":true,"href":"https:\/\/rdnews.al\/index.php\/wp-json\/wp\/v2\/categories?post=110478"},{"taxonomy":"post_tag","embeddable":true,"href":"https:\/\/rdnews.al\/index.php\/wp-json\/wp\/v2\/tags?post=110478"}],"curies":[{"name":"wp","href":"https:\/\/api.w.org\/{rel}","templated":true}]}}