{"id":110485,"date":"2025-04-15T16:47:00","date_gmt":"2025-04-15T16:47:00","guid":{"rendered":"https:\/\/rdnews.al\/?p=110485"},"modified":"2025-04-15T16:47:41","modified_gmt":"2025-04-15T16:47:41","slug":"bardeli-beci-vegel-e-verber-e-rames-ne-shkoder-shembulli-me-i-paster-i-korrupsionit-te-institucionalizuar","status":"publish","type":"post","link":"https:\/\/rdnews.al\/index.php\/2025\/04\/15\/bardeli-beci-vegel-e-verber-e-rames-ne-shkoder-shembulli-me-i-paster-i-korrupsionit-te-institucionalizuar\/","title":{"rendered":"Bardeli: Benet Beci, veg\u00ebl e verb\u00ebr e Ram\u00ebs n\u00eb Shkod\u00ebr! Shembulli i korrupsionit t\u00eb institucionalizuar!"},"content":{"rendered":"<p>Kandidatja e PD p\u00ebr deputete, Greta Bardeli tha n\u00eb nj\u00eb deklarat\u00eb p\u00ebr mediat se, Benet Beci \u00ebsht\u00eb veg\u00ebl e verb\u00ebr e Ram\u00ebs n\u00eb Shkod\u00ebr. Ajo tha se, Beci \u00ebsht\u00eb shembulli m\u00eb i past\u00ebr i korrupsionit t\u00eb institucionalizuar!<\/p>\n<p>Bardeli akuzoi kryebashkiakun e Shkodr\u00ebs, nj\u00ebkoh\u00ebsisht drejtues politik i PS, si njeriun q\u00eb vjedh fonde publike, duke ngritur vila me miliona euro, nd\u00ebrsa i b\u00ebn karshill\u00ebk drejt\u00ebsis\u00eb.<\/p>\n<p>\u201cKam nj\u00eb mesazh t\u00eb drejtp\u00ebrdrejt\u00eb p\u00ebr veglen e verb\u00ebr t\u00eb\u00a0Edi Ram\u00ebs n\u00eb Shkod\u00ebr:<\/p>\n<p>Mos kujto se po i mbani ti\u00a0me buk\u00eb shkodran\u00ebt!<\/p>\n<p>Nuk je ti q\u00eb ke nd\u00ebrtuar ndonj\u00eb t\u00eb ardhme p\u00ebr k\u00ebt\u00eb qytet \u2013 je thjesht nj\u00eb p\u00ebrfitues i paskrupullt i pushtetit, nj\u00eb njeri pa shtyll\u00eb, q\u00eb i \u00ebsht\u00eb p\u00ebrulur \u00e7do qeverie p\u00ebr t\u00eb ruajtur privilegjet personale.<\/p>\n<p>Shkodra nuk e ka shkruar historin\u00eb me njer\u00ebz si ti \u2013 shkodra ka duruar, por nuk harron.<\/p>\n<p>Demokrat\u00ebt t\u00eb kan\u00eb mbajtur n\u00eb shpin\u00eb nd\u00ebr vite, nd\u00ebrsa ti i ke tradhtuar, i ke vjedhur dhe ke shkelur mbi ta pa m\u00ebshir\u00eb.<\/p>\n<p>Je shembulli m\u00eb i past\u00ebr i korrupsionit t\u00eb institucionalizuar \u2013 i njeriut q\u00eb dit\u00ebn p\u00ebr diell ka vjedhur fondet publike, q\u00eb ka ngritur vila me miliona euro, dhe ende ec\u00ebn i lir\u00eb n\u00eb syt\u00eb e drejt\u00ebsis\u00eb.<\/p>\n<p>A i kan\u00eb shp\u00ebtuar v\u00ebrtet syrit t\u00eb Altin Dumanit vilat e tua?<\/p>\n<p>A ka kaluar pa u par\u00eb videoja ku ti ndaje parat\u00eb me \u201cBerberin e Ballukes\u201d?<\/p>\n<p>Mos guxo t\u00eb b\u00ebsh presion mbi demokrat\u00ebt dhe qytetar\u00ebt e Shkodr\u00ebs!<\/p>\n<p>Ti ke ngr\u00ebn\u00eb buk\u00ebn dhe mundin e tyre \u2013 pa turp, pa dinjitet.<\/p>\n<p>Ta kam th\u00ebn\u00eb dhe ta them s\u00ebrish:<\/p>\n<p>Oret e tua jan\u00eb t\u00eb num\u00ebruara.<\/p>\n<p>Qesh sot n\u00eb oborrin e Rilindjes, sepse shum\u00eb shpejt, do t\u00eb p\u00ebrfundosh aty ku p\u00ebrfundon \u00e7do simbol i kalbur i pushtetit t\u00eb korruptuar \u2013 n\u00eb koshin e harres\u00ebs politike t\u00eb Edi Ram\u00ebs. Shkodra nuk ta ka borxh\u201d, tha Bardeli.<\/p>\n","protected":false},"excerpt":{"rendered":"<p>Kandidatja e PD p\u00ebr deputete, Greta Bardeli tha n\u00eb nj\u00eb deklarat\u00eb p\u00ebr mediat se, Benet Beci \u00ebsht\u00eb veg\u00ebl e verb\u00ebr e Ram\u00ebs n\u00eb Shkod\u00ebr. Ajo tha se, Beci \u00ebsht\u00eb shembulli m\u00eb i past\u00ebr i korrupsionit t\u00eb institucionalizuar! Bardeli akuzoi kryebashkiakun e Shkodr\u00ebs, nj\u00ebkoh\u00ebsisht drejtues politik i PS, si njeriun q\u00eb vjedh fonde publike, duke ngritur &hellip;<\/p>\n","protected":false},"author":4,"featured_media":110486,"comment_status":"closed","ping_status":"closed","sticky":false,"template":"","format":"standard","meta":{"footnotes":""},"categories":[37],"tags":[],"class_list":["post-110485","post","type-post","status-publish","format-standard","has-post-thumbnail","","category-politike"],"_links":{"self":[{"href":"https:\/\/rdnews.al\/index.php\/wp-json\/wp\/v2\/posts\/110485","targetHints":{"allow":["GET"]}}],"collection":[{"href":"https:\/\/rdnews.al\/index.php\/wp-json\/wp\/v2\/posts"}],"about":[{"href":"https:\/\/rdnews.al\/index.php\/wp-json\/wp\/v2\/types\/post"}],"author":[{"embeddable":true,"href":"https:\/\/rdnews.al\/index.php\/wp-json\/wp\/v2\/users\/4"}],"replies":[{"embeddable":true,"href":"https:\/\/rdnews.al\/index.php\/wp-json\/wp\/v2\/comments?post=110485"}],"version-history":[{"count":3,"href":"https:\/\/rdnews.al\/index.php\/wp-json\/wp\/v2\/posts\/110485\/revisions"}],"predecessor-version":[{"id":110489,"href":"https:\/\/rdnews.al\/index.php\/wp-json\/wp\/v2\/posts\/110485\/revisions\/110489"}],"wp:featuredmedia":[{"embeddable":true,"href":"https:\/\/rdnews.al\/index.php\/wp-json\/wp\/v2\/media\/110486"}],"wp:attachment":[{"href":"https:\/\/rdnews.al\/index.php\/wp-json\/wp\/v2\/media?parent=110485"}],"wp:term":[{"taxonomy":"category","embeddable":true,"href":"https:\/\/rdnews.al\/index.php\/wp-json\/wp\/v2\/categories?post=110485"},{"taxonomy":"post_tag","embeddable":true,"href":"https:\/\/rdnews.al\/index.php\/wp-json\/wp\/v2\/tags?post=110485"}],"curies":[{"name":"wp","href":"https:\/\/api.w.org\/{rel}","templated":true}]}}