{"id":110490,"date":"2025-04-15T16:51:42","date_gmt":"2025-04-15T16:51:42","guid":{"rendered":"https:\/\/rdnews.al\/?p=110490"},"modified":"2025-04-15T16:51:42","modified_gmt":"2025-04-15T16:51:42","slug":"perleshje-mes-kriminelesh-ne-gjader-a-ishte-ky-borxhi-qe-rama-po-i-shlyen-italise","status":"publish","type":"post","link":"https:\/\/rdnews.al\/index.php\/2025\/04\/15\/perleshje-mes-kriminelesh-ne-gjader-a-ishte-ky-borxhi-qe-rama-po-i-shlyen-italise\/","title":{"rendered":"P\u00ebrleshje mes kriminel\u00ebsh n\u00eb Gjad\u00ebr! A ishte ky borxhi q\u00eb Rama po i shlyen Italis\u00eb?"},"content":{"rendered":"<p>Emigrant\u00ebt me urdh\u00ebr d\u00ebbimi nga Italia, q\u00eb ndodhen n\u00eb kampin e Gjadrit, kan\u00eb shfaqur sjellje agresive dhe q\u00eb n\u00eb dit\u00ebt e para iu jan\u00eb kund\u00ebrv\u00ebn\u00eb forcave t\u00eb policis\u00eb italiane.<\/p>\n<p>Mediat italiane raportojn\u00eb se nj\u00ebzet emigrant\u00eb kan\u00eb filluar nj\u00eb protest\u00eb t\u00eb dhunshme, duke d\u00ebmtuar mobiliet dhe infrastruktur\u00ebn e qendr\u00ebs p\u00ebr t\u00eb shprehur irritimin e tyre mbi burgosjen q\u00eb i kan\u00eb b\u00ebr\u00eb. Menj\u00ebher\u00eb, autoritetet italiane kan\u00eb shtuar masat e siguris\u00eb brenda kampit, nd\u00ebrsa xhamat e thyera, dyshek\u00ebt e shkat\u00ebrruar dhe dhomat e pla\u00e7kitura jan\u00eb disa nga shenjat e l\u00ebna nga dhuna e emigrant\u00ebve.<\/p>\n<p>Nd\u00ebrkoh\u00eb n\u00eb Itali, pamjet e refugjat\u00ebve q\u00eb u soll\u00ebn n\u00eb Sh\u00ebngjin me duart e lidhura me fasheta plastike kan\u00eb provokuar reagimin e menj\u00ebhersh\u00ebm t\u00eb shoqatave p\u00ebr mbrojtjen e t\u00eb drejtave t\u00eb njeriut, q\u00eb \u00ebsht\u00eb pasuar me shqet\u00ebsimin e t\u00eb forcave t\u00eb majta p\u00ebr keqtrajtime t\u00eb mundshme.<\/p>\n<p>Dhe n\u00eb sfondin e polemikave p\u00ebr emigrant\u00ebt e transferuar nga Italia n\u00eb Shqip\u00ebri, nj\u00eb detaj q\u00eb ende nuk \u00ebsht\u00eb kuptuar mir\u00eb n\u00eb Shqip\u00ebri \u00ebsht\u00eb pik\u00ebrisht profili i atyre 40 personave q\u00eb mb\u00ebrrit\u00ebn n\u00eb portin e Sh\u00ebngjinit m\u00eb 11 prill.<\/p>\n<p>Ata nuk jan\u00eb azilk\u00ebrkues t\u00eb zakonsh\u00ebm n\u00eb k\u00ebrkim t\u00eb nj\u00eb jete m\u00eb t\u00eb mir\u00eb, por individ\u00eb q\u00eb, sipas autoriteteve italiane, p\u00ebrb\u00ebjn\u00eb rrezik p\u00ebr rendin publik, t\u00eb d\u00ebnuar apo t\u00eb hetuar p\u00ebr vepra t\u00eb r\u00ebnda penale.<\/p>\n<p><strong>P\u00ebrdhunues, trafikant\u00eb arm\u00ebsh, tentativ\u00eb vrasje<\/strong><\/p>\n<p><img loading=\"lazy\" decoding=\"async\" class=\"alignnone wp-image-1533936 size-medium\" src=\"https:\/\/boldnews.al\/wp-content\/uploads\/2025\/04\/23284880_large-1024x683-1-640x427.jpg\" sizes=\"auto, (max-width: 640px) 100vw, 640px\" srcset=\"https:\/\/boldnews.al\/wp-content\/uploads\/2025\/04\/23284880_large-1024x683-1-640x427.jpg 640w, https:\/\/boldnews.al\/wp-content\/uploads\/2025\/04\/23284880_large-1024x683-1-750x500.jpg 750w, https:\/\/boldnews.al\/wp-content\/uploads\/2025\/04\/23284880_large-1024x683-1.jpg 1024w\" alt=\"\" width=\"640\" height=\"427\" data-pin-no-hover=\"true\" \/><\/p>\n<p>Ishte Ministri i Brendsh\u00ebm italian, Matteo Piantedosi q\u00eb e qart\u00ebsoi situat\u00ebn pas pik\u00ebpyetjeve q\u00eb u ngrit\u00ebn n\u00eb Itali mbi shoq\u00ebrimin e refugjat\u00ebve me duar t\u00eb lidhura nga prangat plastike. Piantedosi ka theksuar se kjo \u00ebsht\u00eb nj\u00eb \u201cprocedur\u00eb e zakonshme e zbatuar n\u00eb m\u00ebnyr\u00eb autonome nga forcat e rendit\u201d dhe se \u201cpersonat n\u00eb fjal\u00eb ndodheshin n\u00eb nj\u00eb gjendje kufizimi t\u00eb liris\u00eb personale si rezultat i vendimeve t\u00eb autoritetit gjyq\u00ebsor.\u201d<\/p>\n<p>Sipas t\u00eb dh\u00ebnave t\u00eb b\u00ebra publike: 5 prej migrant\u00ebve ishin t\u00eb d\u00ebnuar p\u00ebr dhun\u00eb seksuale, pra ishin p\u00ebrdhunues, nj\u00eb tjet\u00ebr ishte i d\u00ebnuar p\u00ebr tentativ\u00eb vrasjeje, disa t\u00eb tjer\u00eb kishin precedent\u00eb p\u00ebr vepra t\u00eb tilla si: posedim i arm\u00ebve, vjedhje, rezistenc\u00eb ndaj forcave t\u00eb rendit dhe plagosje, nd\u00ebrsa kat\u00ebr vet\u00eb ishin konsideruar t\u00eb rreziksh\u00ebm p\u00ebr shkak t\u00eb historikut t\u00eb tyre kriminal.<\/p>\n<p>N\u00eb nj\u00eb shembull q\u00eb raportojn\u00eb mediat italiane rezulton se autoritetet italiane referojn\u00eb p\u00ebr nj\u00eb shtetas me origjin\u00eb nga Afrika Veriore, i cili ishte liruar nga burgu m\u00eb 30 mars pas nj\u00eb d\u00ebnimi prej 1 viti, 5 muajsh e 27 dit\u00ebsh, p\u00ebr mbajtje t\u00eb paligjshme arm\u00ebsh, vjedhje dhe rezistenc\u00eb ndaj policis\u00eb. Ai kishte marr\u00eb disa d\u00ebnime, p\u00ebrfshir\u00eb p\u00ebr grabitje dhe plagosje, si dhe kishte p\u00ebrdorur shum\u00eb identitete t\u00eb rreme. Ky person, q\u00eb kishte hyr\u00eb n\u00eb m\u00ebnyr\u00eb t\u00eb paligjshme n\u00eb Itali m\u00eb 8 n\u00ebntor 2016, nuk kishte b\u00ebr\u00eb asnj\u00eb p\u00ebrpjekje p\u00ebr t\u00eb rregulluar statusin e tij, duke mbetur n\u00eb m\u00ebnyr\u00eb t\u00eb paligjshme n\u00eb vend p\u00ebr vite me radh\u00eb.<\/p>\n<p>K\u00ebshtu 10 prej 40 personave kishin precedent\u00eb penal\u00eb apo ishin t\u00eb sinjalizuar p\u00ebr vepra kund\u00ebr personit, si tentativ\u00eb vrasjeje, dhun\u00eb seksuale apo plagosje. 16 t\u00eb tjer\u00eb ishin t\u00eb p\u00ebrfshir\u00eb n\u00eb krime kund\u00ebr pasuris\u00eb, p\u00ebr 7 kishte pasur akuza p\u00ebr trafik apo shp\u00ebrndarje droge dhe t\u00eb tjer\u00ebt kishin shkelje t\u00eb lidhura me imigracionin e parregullt apo p\u00ebrdorim t\u00eb dokumentave false.<\/p>\n<p><strong>A ishte ky borxhi p\u00ebr t\u2019iu shlyer Italis\u00eb?<\/strong><\/p>\n<p><img loading=\"lazy\" decoding=\"async\" class=\"alignnone wp-image-1533939 size-medium\" src=\"https:\/\/boldnews.al\/wp-content\/uploads\/2025\/04\/92460c9efec63547327497fc6215ad1a-640x489.jpg\" sizes=\"auto, (max-width: 640px) 100vw, 640px\" srcset=\"https:\/\/boldnews.al\/wp-content\/uploads\/2025\/04\/92460c9efec63547327497fc6215ad1a-640x489.jpg 640w, https:\/\/boldnews.al\/wp-content\/uploads\/2025\/04\/92460c9efec63547327497fc6215ad1a.jpg 700w\" alt=\"\" width=\"640\" height=\"489\" data-pin-no-hover=\"true\" \/><\/p>\n<p>N\u00ebse italian\u00ebt kan\u00eb gjith\u00eb t\u00eb drejt\u00ebn t\u2019i k\u00ebrkojn\u00eb llogari autoriteteve t\u00eb tyre se pse i kan\u00eb sjell\u00eb migrant\u00ebt t\u00eb lidhur gjat\u00eb zbarkimit, n\u00eb Shqip\u00ebri \u00e7\u00ebshtja \u00ebsht\u00eb nj\u00eb tjet\u00ebr: A ishte ky borxhi q\u00eb Shqip\u00ebria i kishte Italis\u00eb, sa p\u00ebr t\u00eb strehuar kriminel\u00ebt t\u00eb cil\u00ebve iu \u00ebsht\u00eb refuzuar pasaporta italiane?<\/p>\n<p>Sepse ky \u201cborxh\u201d ishte justifikimi q\u00eb kryeministri Rama dha n\u00eb momentin q\u00eb firmosi paktin me homologen e tij n\u00eb Itali, Xhorxhia Meloni.<\/p>\n<p>N\u00eb n\u00ebntor t\u00eb vitit 2023 u tha se Shqip\u00ebria do t\u00eb strehonte maksimumi 3 mij\u00eb refugjat\u00eb q\u00eb do t\u00eb kapeshin n\u00eb uj\u00ebrat nd\u00ebrkomb\u00ebtare dhe do t\u00eb trajtoheshin n\u00eb Kampin e Gjadrit. Gjat\u00eb ceremonis\u00eb s\u00eb n\u00ebnshkrimit t\u00eb marr\u00ebveshjes, Rama l\u00ebshoi edhe sloganin \u201cKur Italia th\u00ebrret, Shqip\u00ebria p\u00ebrgjigjet!\u201d.<\/p>\n<p>Ai e justifikoi dh\u00ebnien e territorit shqiptar n\u00eb dispozicion t\u00eb Italis\u00eb, duke th\u00ebn\u00eb se ky ishte nj\u00eb borxh q\u00eb populli shqiptar ia ka Italis\u00eb \u201cp\u00ebr at\u00eb q\u00eb kan\u00eb b\u00ebr\u00eb p\u00ebr ne nga dita q\u00eb kemi arritur n\u00eb k\u00ebt\u00eb an\u00eb t\u00eb bregut t\u00eb detit p\u00ebr t\u00eb gjetur mb\u00ebshtetje\u201d.\/<a href=\"https:\/\/lapsi.al\/2025\/04\/15\/perleshje-mes-kriminelesh-ne-gjader-a-ishte-ky-borxhi-per-tiu-shlyer-italise\/\" target=\"_blank\" rel=\"noopener\">\u00a0Lapsi.al<\/a><\/p>\n","protected":false},"excerpt":{"rendered":"<p>Emigrant\u00ebt me urdh\u00ebr d\u00ebbimi nga Italia, q\u00eb ndodhen n\u00eb kampin e Gjadrit, kan\u00eb shfaqur sjellje agresive dhe q\u00eb n\u00eb dit\u00ebt e para iu jan\u00eb kund\u00ebrv\u00ebn\u00eb forcave t\u00eb policis\u00eb italiane. Mediat italiane raportojn\u00eb se nj\u00ebzet emigrant\u00eb kan\u00eb filluar nj\u00eb protest\u00eb t\u00eb dhunshme, duke d\u00ebmtuar mobiliet dhe infrastruktur\u00ebn e qendr\u00ebs p\u00ebr t\u00eb shprehur irritimin e tyre mbi &hellip;<\/p>\n","protected":false},"author":4,"featured_media":110491,"comment_status":"closed","ping_status":"closed","sticky":false,"template":"","format":"standard","meta":{"footnotes":""},"categories":[37],"tags":[],"class_list":["post-110490","post","type-post","status-publish","format-standard","has-post-thumbnail","","category-politike"],"_links":{"self":[{"href":"https:\/\/rdnews.al\/index.php\/wp-json\/wp\/v2\/posts\/110490","targetHints":{"allow":["GET"]}}],"collection":[{"href":"https:\/\/rdnews.al\/index.php\/wp-json\/wp\/v2\/posts"}],"about":[{"href":"https:\/\/rdnews.al\/index.php\/wp-json\/wp\/v2\/types\/post"}],"author":[{"embeddable":true,"href":"https:\/\/rdnews.al\/index.php\/wp-json\/wp\/v2\/users\/4"}],"replies":[{"embeddable":true,"href":"https:\/\/rdnews.al\/index.php\/wp-json\/wp\/v2\/comments?post=110490"}],"version-history":[{"count":1,"href":"https:\/\/rdnews.al\/index.php\/wp-json\/wp\/v2\/posts\/110490\/revisions"}],"predecessor-version":[{"id":110492,"href":"https:\/\/rdnews.al\/index.php\/wp-json\/wp\/v2\/posts\/110490\/revisions\/110492"}],"wp:featuredmedia":[{"embeddable":true,"href":"https:\/\/rdnews.al\/index.php\/wp-json\/wp\/v2\/media\/110491"}],"wp:attachment":[{"href":"https:\/\/rdnews.al\/index.php\/wp-json\/wp\/v2\/media?parent=110490"}],"wp:term":[{"taxonomy":"category","embeddable":true,"href":"https:\/\/rdnews.al\/index.php\/wp-json\/wp\/v2\/categories?post=110490"},{"taxonomy":"post_tag","embeddable":true,"href":"https:\/\/rdnews.al\/index.php\/wp-json\/wp\/v2\/tags?post=110490"}],"curies":[{"name":"wp","href":"https:\/\/api.w.org\/{rel}","templated":true}]}}