{"id":110501,"date":"2025-04-15T18:01:25","date_gmt":"2025-04-15T18:01:25","guid":{"rendered":"https:\/\/rdnews.al\/?p=110501"},"modified":"2025-04-15T18:01:25","modified_gmt":"2025-04-15T18:01:25","slug":"qytetari-nga-diaspora-e-shkaterruan-bandat-kriminale-te-bashkohemi-per-ta-rimekembur-shqiperine","status":"publish","type":"post","link":"https:\/\/rdnews.al\/index.php\/2025\/04\/15\/qytetari-nga-diaspora-e-shkaterruan-bandat-kriminale-te-bashkohemi-per-ta-rimekembur-shqiperine\/","title":{"rendered":"Qytetari nga diaspora: E shkat\u00ebrruan bandat kriminale! T\u00eb bashkohemi p\u00ebr ta rim\u00ebk\u00ebmbur Shqip\u00ebrin\u00eb"},"content":{"rendered":"<p>Kryetari i Partis\u00eb Demokratike, Sali Berisha, zhvilloi sot nj\u00eb takim me qytetar\u00ebt e Vlor\u00ebs, ku prezantoi kandidatin e tij p\u00ebr zgjedhjet e ardhshme.<\/p>\n<p>N\u00eb k\u00ebt\u00eb takim, fjal\u00ebn e mori edhe p\u00ebrfaq\u00ebsuesi i diaspor\u00ebs, Bashkim Isufaj, i cili ndau historin\u00eb e tij si emigrant dhe angazhimin e tij p\u00ebr rikthimin dhe zhvillimin e vendit.<\/p>\n<p>N\u00eb fjal\u00ebn e tij, ai shprehu besimin se n\u00ebn drejtimin e Berish\u00ebs, Partia Demokratike po rikthehet si shpresa e v\u00ebrtet\u00eb e qytetar\u00ebve.<\/p>\n<p><strong>Fjala e plot\u00eb<\/strong><\/p>\n<p>Vij nga Torino, ku prej 32 vitesh jetoj si emigrant, i p\u00ebrballur me sfida dhe sakrifica, por gjithnj\u00eb me d\u00ebshir\u00ebn dhe p\u00ebrkushtimin p\u00ebr demokraci \u2014 ashtu si\u00e7 na m\u00ebsoi Partia Demokratike q\u00eb n\u00eb themelet e saj. Demokracia na m\u00ebsoi t\u00eb jemi t\u00eb gatsh\u00ebm, n\u00eb momentet m\u00eb vendimtare, t\u00eb japim kontributin ton\u00eb p\u00ebr ta mbrojtur dhe p\u00ebr ta mbajtur gjall\u00eb at\u00eb.<\/p>\n<p>N\u00eb vitin 2013, mora vendimin t\u00eb kthehem n\u00eb atdhe me gjith\u00eb familjen. Mbolla 1,000 rr\u00ebnj\u00eb ullinj dhe investova gjith\u00e7ka n\u00eb k\u00ebt\u00eb tok\u00eb t\u00eb bekuar, t\u00eb cil\u00ebn e dua po aq sa e duan t\u00eb gjith\u00eb emigrant\u00ebt q\u00eb jan\u00eb detyruar t\u00eb largohen, duke l\u00ebn\u00eb pas kockat, gjakun dhe djers\u00ebn, me shpres\u00ebn p\u00ebr nj\u00eb jet\u00eb m\u00eb t\u00eb mir\u00eb.<\/p>\n<p>Por, p\u00ebr fat t\u00eb keq, p\u00ebrvoja m\u00eb tregoi se ishte e pamundur t\u00eb ecje p\u00ebrpara. Me syt\u00eb e mendjes dhe t\u00eb dijes kuptova se n\u00eb krye t\u00eb Shqip\u00ebris\u00eb kishte ardhur nj\u00eb band\u00eb hajdut\u00ebsh dhe kriminel\u00ebsh q\u00eb e \u00e7uan vendin drejt humner\u00ebs.<\/p>\n<p>Si emigrant i informuar dhe i p\u00ebrfshir\u00eb n\u00eb jet\u00ebn shoq\u00ebrore, p\u00ebrsh\u00ebndes t\u00eb gjith\u00eb shqiptar\u00ebt anemban\u00eb bot\u00ebs dhe u b\u00ebj thirrje t\u00eb kthehemi n\u00eb vendin ton\u00eb, t\u00eb investojm\u00eb djers\u00ebn dhe mundin ton\u00eb, sepse \u00e7do kontribut e forcon Shqip\u00ebrin\u00eb. Ta lul\u00ebzojm\u00eb k\u00ebt\u00eb vend t\u00eb bekuar, q\u00eb p\u00ebr vite me radh\u00eb \u00ebsht\u00eb abuzuar dhe \u00ebsht\u00eb shtypur nga nj\u00eb regjim q\u00eb na hoqi t\u00eb drejt\u00ebn e fjal\u00ebs dhe na diskriminoi thjesht sepse jemi demokrat\u00eb.<\/p>\n<p>Sot, m\u00eb shum\u00eb se kurr\u00eb, kemi nevoj\u00eb p\u00ebr bashkim, sidomos mes emigrant\u00ebve. Erdhi momenti. Partia Demokratike pati brenda \u201ckallin e Troj\u00ebs\u201d q\u00eb e tradhtoi dhe i shkaktoi d\u00ebmin m\u00eb t\u00eb madh demokracis\u00eb. Por Berisha e rim\u00ebk\u00ebmbi PD-n\u00eb, solli s\u00ebrish shpres\u00ebn dhe me programin e tij un\u00eb kthehem t\u00eb punoj dhe t\u00eb luftoj bashk\u00eb me ju p\u00ebr nj\u00eb Shqip\u00ebri m\u00eb t\u00eb drejt\u00eb dhe m\u00eb t\u00eb lir\u00eb.<\/p>\n","protected":false},"excerpt":{"rendered":"<p>Kryetari i Partis\u00eb Demokratike, Sali Berisha, zhvilloi sot nj\u00eb takim me qytetar\u00ebt e Vlor\u00ebs, ku prezantoi kandidatin e tij p\u00ebr zgjedhjet e ardhshme. N\u00eb k\u00ebt\u00eb takim, fjal\u00ebn e mori edhe p\u00ebrfaq\u00ebsuesi i diaspor\u00ebs, Bashkim Isufaj, i cili ndau historin\u00eb e tij si emigrant dhe angazhimin e tij p\u00ebr rikthimin dhe zhvillimin e vendit. N\u00eb fjal\u00ebn &hellip;<\/p>\n","protected":false},"author":4,"featured_media":110502,"comment_status":"closed","ping_status":"closed","sticky":false,"template":"","format":"standard","meta":{"footnotes":""},"categories":[37],"tags":[],"class_list":["post-110501","post","type-post","status-publish","format-standard","has-post-thumbnail","","category-politike"],"_links":{"self":[{"href":"https:\/\/rdnews.al\/index.php\/wp-json\/wp\/v2\/posts\/110501","targetHints":{"allow":["GET"]}}],"collection":[{"href":"https:\/\/rdnews.al\/index.php\/wp-json\/wp\/v2\/posts"}],"about":[{"href":"https:\/\/rdnews.al\/index.php\/wp-json\/wp\/v2\/types\/post"}],"author":[{"embeddable":true,"href":"https:\/\/rdnews.al\/index.php\/wp-json\/wp\/v2\/users\/4"}],"replies":[{"embeddable":true,"href":"https:\/\/rdnews.al\/index.php\/wp-json\/wp\/v2\/comments?post=110501"}],"version-history":[{"count":1,"href":"https:\/\/rdnews.al\/index.php\/wp-json\/wp\/v2\/posts\/110501\/revisions"}],"predecessor-version":[{"id":110503,"href":"https:\/\/rdnews.al\/index.php\/wp-json\/wp\/v2\/posts\/110501\/revisions\/110503"}],"wp:featuredmedia":[{"embeddable":true,"href":"https:\/\/rdnews.al\/index.php\/wp-json\/wp\/v2\/media\/110502"}],"wp:attachment":[{"href":"https:\/\/rdnews.al\/index.php\/wp-json\/wp\/v2\/media?parent=110501"}],"wp:term":[{"taxonomy":"category","embeddable":true,"href":"https:\/\/rdnews.al\/index.php\/wp-json\/wp\/v2\/categories?post=110501"},{"taxonomy":"post_tag","embeddable":true,"href":"https:\/\/rdnews.al\/index.php\/wp-json\/wp\/v2\/tags?post=110501"}],"curies":[{"name":"wp","href":"https:\/\/api.w.org\/{rel}","templated":true}]}}