{"id":110547,"date":"2025-04-16T08:48:42","date_gmt":"2025-04-16T08:48:42","guid":{"rendered":"https:\/\/rdnews.al\/?p=110547"},"modified":"2025-04-16T08:48:42","modified_gmt":"2025-04-16T08:48:42","slug":"kandidatja-e-pd-reagon-ndaj-rames-je-i-ngarkuar-se-ke-shume-ahengje-per-te-bere-te-fala-gastoreve","status":"publish","type":"post","link":"https:\/\/rdnews.al\/index.php\/2025\/04\/16\/kandidatja-e-pd-reagon-ndaj-rames-je-i-ngarkuar-se-ke-shume-ahengje-per-te-bere-te-fala-gastoreve\/","title":{"rendered":"Kandidatja e PD reagon ndaj Ram\u00ebs: Je i ngarkuar se ke shum\u00eb ahengje p\u00ebr t\u00eb b\u00ebr\u00eb! T\u00eb fala gastor\u00ebve&#8230;"},"content":{"rendered":"<p>Aktorja Julia Ilirjani, kandidate p\u00ebr deputete n\u00eb list\u00ebn e hapur t\u00eb Partis\u00eb Demokratike i \u00ebsht\u00eb p\u00ebrgjigjur p\u00ebrmes nj\u00eb videoje n\u00eb rrjete sociale kryeministrit Edi Rama, i cili ka th\u00ebn\u00eb se m\u00eb shum\u00eb ka nxjerr\u00eb kandidat\u00eb Big Brother n\u00eb listat e k\u00ebnet\u00ebs, se sa Primaret e zhvilluara brenda selis\u00eb blu.<\/p>\n<p>Julia Ilirjani i k\u00ebrkon Ram\u00ebs q\u00eb t\u00eb mos merret me listat e Partis\u00eb Demokratike dhe me asnj\u00eb artist.<\/p>\n<p>&#8220;Organizatori i ahengjeve n\u00eb emisionin e vet ka th\u00ebn\u00eb q\u00eb aleanca e PD-s\u00eb e ka mbushur list\u00ebn me personazhe t\u00eb Big Brother.<\/p>\n<p>Ne jemi dy apo tre q\u00eb kemi qen\u00eb n\u00eb at\u00eb format, por ky kryeartisti e di q\u00eb n\u00eb Big Brother futen njer\u00ebzit q\u00eb jan\u00eb marr\u00eb me art n\u00eb jet\u00ebn e tyre?<\/p>\n<p>N\u00eb Big Brother ne jemi futuar si artista dhe un\u00eb e di q\u00eb ti ke nj\u00eb urrejtje patologjike p\u00ebr artist\u00ebt. E di q\u00eb arti jon\u00eb i vog\u00ebl t\u00eb duket ordiner sepse ti je n\u00eb majat e larta t\u00eb universit, je nj\u00eb naltmadhni, nj\u00eb super artist, edhe Picaso t\u00eb ka lakmi. Na l\u00ebr ne t\u00eb b\u00ebjm\u00eb artin ton\u00eb t\u00eb vog\u00ebl dhe politik\u00ebn ton\u00eb si\u00e7 dim\u00eb ne.<\/p>\n<p>Prit\u00ebm t\u00eb na e b\u00ebje ti Shqip\u00ebrin\u00eb por ti nuk ke koh\u00eb zemra. Ti do b\u00ebsh ahengje, do flas\u00ebsh n\u00eb rrjete sociale se s&#8217;ke pun\u00eb. Kafen e m\u00ebngjesit me k\u00eb ta pish? Shok\u00eb nuk ke, servilat s&#8217;do q\u00eb t&#8217;i shoh\u00ebsh q\u00eb n\u00eb m\u00ebngjes.<\/p>\n<p>L\u00ebri artist\u00ebt t\u00eb b\u00ebjn\u00eb at\u00eb q\u00eb din\u00eb, t\u00eb b\u00ebjn\u00eb at\u00eb q\u00eb munden me shpirt dhe me zem\u00ebr. Mos u merr me Big Brother, as me listat e PD dhe as me listat e t\u00eb tjer\u00ebve. Se list\u00ebn t\u00ebnde e qave, si artist q\u00eb je, nuk ke futur asnj\u00eb artist se at\u00eb fush\u00eb e mbulon ti.<\/p>\n<p>Je i ngarkuar k\u00ebt\u00eb periudh\u00eb se ke shum\u00eb ahengje p\u00ebr t\u00eb b\u00ebr\u00eb. T\u00eb fala gastor\u00ebve. Mos harro \u00eb! Pa\u00e7im&#8221;, shprehet aktorja Ilirjani.<\/p>\n","protected":false},"excerpt":{"rendered":"<p>Aktorja Julia Ilirjani, kandidate p\u00ebr deputete n\u00eb list\u00ebn e hapur t\u00eb Partis\u00eb Demokratike i \u00ebsht\u00eb p\u00ebrgjigjur p\u00ebrmes nj\u00eb videoje n\u00eb rrjete sociale kryeministrit Edi Rama, i cili ka th\u00ebn\u00eb se m\u00eb shum\u00eb ka nxjerr\u00eb kandidat\u00eb Big Brother n\u00eb listat e k\u00ebnet\u00ebs, se sa Primaret e zhvilluara brenda selis\u00eb blu. Julia Ilirjani i k\u00ebrkon Ram\u00ebs q\u00eb &hellip;<\/p>\n","protected":false},"author":4,"featured_media":107352,"comment_status":"closed","ping_status":"closed","sticky":false,"template":"","format":"standard","meta":{"footnotes":""},"categories":[37],"tags":[],"class_list":["post-110547","post","type-post","status-publish","format-standard","has-post-thumbnail","","category-politike"],"_links":{"self":[{"href":"https:\/\/rdnews.al\/index.php\/wp-json\/wp\/v2\/posts\/110547","targetHints":{"allow":["GET"]}}],"collection":[{"href":"https:\/\/rdnews.al\/index.php\/wp-json\/wp\/v2\/posts"}],"about":[{"href":"https:\/\/rdnews.al\/index.php\/wp-json\/wp\/v2\/types\/post"}],"author":[{"embeddable":true,"href":"https:\/\/rdnews.al\/index.php\/wp-json\/wp\/v2\/users\/4"}],"replies":[{"embeddable":true,"href":"https:\/\/rdnews.al\/index.php\/wp-json\/wp\/v2\/comments?post=110547"}],"version-history":[{"count":1,"href":"https:\/\/rdnews.al\/index.php\/wp-json\/wp\/v2\/posts\/110547\/revisions"}],"predecessor-version":[{"id":110548,"href":"https:\/\/rdnews.al\/index.php\/wp-json\/wp\/v2\/posts\/110547\/revisions\/110548"}],"wp:featuredmedia":[{"embeddable":true,"href":"https:\/\/rdnews.al\/index.php\/wp-json\/wp\/v2\/media\/107352"}],"wp:attachment":[{"href":"https:\/\/rdnews.al\/index.php\/wp-json\/wp\/v2\/media?parent=110547"}],"wp:term":[{"taxonomy":"category","embeddable":true,"href":"https:\/\/rdnews.al\/index.php\/wp-json\/wp\/v2\/categories?post=110547"},{"taxonomy":"post_tag","embeddable":true,"href":"https:\/\/rdnews.al\/index.php\/wp-json\/wp\/v2\/tags?post=110547"}],"curies":[{"name":"wp","href":"https:\/\/api.w.org\/{rel}","templated":true}]}}