{"id":110555,"date":"2025-04-16T09:18:37","date_gmt":"2025-04-16T09:18:37","guid":{"rendered":"https:\/\/rdnews.al\/?p=110555"},"modified":"2025-04-16T09:26:29","modified_gmt":"2025-04-16T09:26:29","slug":"berisha-pergezon-vlonjatet-e-perzute-ramen-sguxoi-te-kandidoje-me-ne-vlore","status":"publish","type":"post","link":"https:\/\/rdnews.al\/index.php\/2025\/04\/16\/berisha-pergezon-vlonjatet-e-perzute-ramen-sguxoi-te-kandidoje-me-ne-vlore\/","title":{"rendered":"Berisha p\u00ebrg\u00ebzon vlonjat\u00ebt: M\u00eb 11 maj ndahemi nga regjimi i s\u00eb keqes! E p\u00ebrzut\u00eb Ram\u00ebn, s\u2019guxoi t\u00eb kandidoj\u00eb m\u00eb n\u00eb Vlor\u00eb!"},"content":{"rendered":"<p>Kryetari i PD, Sali Berisha ka ndar\u00eb nj\u00eb pasazh t\u00eb shkurt\u00ebr nga fjalimi i tij\u00a0p\u00ebrpara demokrat\u00ebve n\u00eb prezantimin e kandiat\u00ebve t\u00eb PD-ASHM n\u00eb Vlor\u00eb.<\/p>\n<p>N\u00eb mesazhin e tij, p\u00ebrcjell\u00eb demokrat\u00ebve dhe qytetar\u00ebve shqiptar\u00eb, p\u00ebrmes nj\u00eb video t\u00eb shp\u00ebrndar\u00eb n\u00eb platform\u00ebn sociale, Facebook, Berisha teksa e ka cil\u00ebsuar qeverisjen 12 \u2013vje\u00e7are t\u00eb Ram\u00ebs, si regjimin m\u00eb t\u00eb keq, nd\u00ebrsa ka shprehur bindjen e tij se m\u00eb 11 maj, qytetar\u00ebt do t\u2019i japin fund k\u00ebtij regjimi nj\u00ebher\u00eb e p\u00ebrgjithmon\u00eb.<\/p>\n<p><strong>Statusi<\/strong><\/p>\n<p>Miqt\u00eb e mi, ky regjim \u00ebsht\u00eb regjim i t\u00eb keqes dhe ne do ndahemi me t\u00eb m\u00eb 11 maj!<\/p>\n<p>Nj\u00ebher\u00eb t\u2019u p\u00ebrg\u00ebzoj ju q\u00eb e p\u00ebrzut\u00eb Edi Ram\u00ebn dhe nuk guxoi t\u00eb kandidoj\u00eb m\u00eb n\u00eb Vlor\u00eb dhe kjo \u00ebsht\u00eb nj\u00eb fitore e moralit tuaj.<\/p>\n<p>\u00cbsht\u00eb nj\u00eb fitore morale!<\/p>\n<div class=\"readmore-text-here\">\n<p><em>rale.<\/em><\/p>\n<p><em><iframe loading=\"lazy\" src=\"https:\/\/www.facebook.com\/plugins\/video.php?height=476&amp;href=https%3A%2F%2Fwww.facebook.com%2Freel%2F653174074228150%2F&amp;show_text=false&amp;width=267&amp;t=0\" width=\"267\" height=\"476\" frameborder=\"0\" scrolling=\"no\" allowfullscreen=\"allowfullscreen\" data-mce-fragment=\"1\"><\/iframe><\/em><\/p>\n<\/div>\n<p><img loading=\"lazy\" decoding=\"async\" class=\"alignnone size-medium wp-image-110556\" src=\"https:\/\/rdnews.al\/wp-content\/uploads\/2025\/04\/Berisha-300x159.png\" alt=\"\" width=\"300\" height=\"159\" srcset=\"https:\/\/rdnews.al\/wp-content\/uploads\/2025\/04\/Berisha-300x159.png 300w, https:\/\/rdnews.al\/wp-content\/uploads\/2025\/04\/Berisha-768x406.png 768w, https:\/\/rdnews.al\/wp-content\/uploads\/2025\/04\/Berisha-310x165.png 310w, https:\/\/rdnews.al\/wp-content\/uploads\/2025\/04\/Berisha.png 800w\" sizes=\"auto, (max-width: 300px) 100vw, 300px\" \/><\/p>\n","protected":false},"excerpt":{"rendered":"<p>Kryetari i PD, Sali Berisha ka ndar\u00eb nj\u00eb pasazh t\u00eb shkurt\u00ebr nga fjalimi i tij\u00a0p\u00ebrpara demokrat\u00ebve n\u00eb prezantimin e kandiat\u00ebve t\u00eb PD-ASHM n\u00eb Vlor\u00eb. N\u00eb mesazhin e tij, p\u00ebrcjell\u00eb demokrat\u00ebve dhe qytetar\u00ebve shqiptar\u00eb, p\u00ebrmes nj\u00eb video t\u00eb shp\u00ebrndar\u00eb n\u00eb platform\u00ebn sociale, Facebook, Berisha teksa e ka cil\u00ebsuar qeverisjen 12 \u2013vje\u00e7are t\u00eb Ram\u00ebs, si regjimin m\u00eb &hellip;<\/p>\n","protected":false},"author":4,"featured_media":110508,"comment_status":"closed","ping_status":"closed","sticky":false,"template":"","format":"standard","meta":{"footnotes":""},"categories":[37],"tags":[],"class_list":["post-110555","post","type-post","status-publish","format-standard","has-post-thumbnail","","category-politike"],"_links":{"self":[{"href":"https:\/\/rdnews.al\/index.php\/wp-json\/wp\/v2\/posts\/110555","targetHints":{"allow":["GET"]}}],"collection":[{"href":"https:\/\/rdnews.al\/index.php\/wp-json\/wp\/v2\/posts"}],"about":[{"href":"https:\/\/rdnews.al\/index.php\/wp-json\/wp\/v2\/types\/post"}],"author":[{"embeddable":true,"href":"https:\/\/rdnews.al\/index.php\/wp-json\/wp\/v2\/users\/4"}],"replies":[{"embeddable":true,"href":"https:\/\/rdnews.al\/index.php\/wp-json\/wp\/v2\/comments?post=110555"}],"version-history":[{"count":4,"href":"https:\/\/rdnews.al\/index.php\/wp-json\/wp\/v2\/posts\/110555\/revisions"}],"predecessor-version":[{"id":110560,"href":"https:\/\/rdnews.al\/index.php\/wp-json\/wp\/v2\/posts\/110555\/revisions\/110560"}],"wp:featuredmedia":[{"embeddable":true,"href":"https:\/\/rdnews.al\/index.php\/wp-json\/wp\/v2\/media\/110508"}],"wp:attachment":[{"href":"https:\/\/rdnews.al\/index.php\/wp-json\/wp\/v2\/media?parent=110555"}],"wp:term":[{"taxonomy":"category","embeddable":true,"href":"https:\/\/rdnews.al\/index.php\/wp-json\/wp\/v2\/categories?post=110555"},{"taxonomy":"post_tag","embeddable":true,"href":"https:\/\/rdnews.al\/index.php\/wp-json\/wp\/v2\/tags?post=110555"}],"curies":[{"name":"wp","href":"https:\/\/api.w.org\/{rel}","templated":true}]}}