{"id":110561,"date":"2025-04-16T10:04:44","date_gmt":"2025-04-16T10:04:44","guid":{"rendered":"https:\/\/rdnews.al\/?p=110561"},"modified":"2025-04-16T10:04:44","modified_gmt":"2025-04-16T10:04:44","slug":"veliaj-ne-gjendje-te-renduar-kerkon-transferim-ne-burgun-e-fierit","status":"publish","type":"post","link":"https:\/\/rdnews.al\/index.php\/2025\/04\/16\/veliaj-ne-gjendje-te-renduar-kerkon-transferim-ne-burgun-e-fierit\/","title":{"rendered":"Veliaj n\u00eb gjendje t\u00eb r\u00ebnduar, k\u00ebrkon transferim n\u00eb burgun e Fierit"},"content":{"rendered":"<p>Kryebashkiaku i Tiran\u00ebs, Erion Veliaj, ka k\u00ebrkuar transferimin nga burgu i Durr\u00ebsit n\u00eb at\u00eb t\u00eb Fierit, pas sulmeve verbale dhe dhun\u00ebs psikologjike t\u00eb ushtruara ndaj tij nga t\u00eb burgosurit e tjer\u00eb. Sipas burimeve t\u00eb portalit Timoni.al, Veliaj ka shfaqur shenja t\u00eb gjendjes s\u00eb r\u00ebnduar psikologjike, duke mbajtur flok\u00ebt e l\u00ebshuar dhe duke mos treguar kujdes p\u00ebr pamjen e tij t\u00eb jashtme.<\/p>\n<p>N\u00eb burgun e Fierit, ai pritet t\u00eb bashkohet me ish-drejtues t\u00eb grupit 5D, si Taulant Tusha dhe Redi Molla, t\u00eb arrestuar m\u00eb her\u00ebt p\u00ebr abuzim me tenderat n\u00eb Bashkin\u00eb e Tiran\u00ebs. Ky transferim \u00ebsht\u00eb k\u00ebrkuar p\u00ebr t\u00eb siguruar nj\u00eb ambient m\u00eb t\u00eb qet\u00eb dhe p\u00ebr t\u00eb shmangur p\u00ebrballjet me t\u00eb burgosurit e tjer\u00eb.<\/p>\n<p>Erion Veliaj, i arrestuar nga SPAK p\u00ebr korrupsion pasiv dhe pastrim parash, ndodhet n\u00eb paraburgim n\u00eb Durr\u00ebs q\u00eb nga 13 shkurt 2025. Gjat\u00eb q\u00ebndrimit t\u00eb tij, ai ka k\u00ebrkuar konsult\u00eb me nj\u00eb psikiat\u00ebr, duke pretenduar se nuk ishte n\u00eb gjendje t\u00eb mir\u00eb psikologjike. Si burime nga burgu i Durr\u00ebsit, ai marr\u00eb vet\u00ebm ila\u00e7e p\u00ebr tensionin e lart\u00eb, duke sugjeruar se nuk ka pasur probleme t\u00eb tjera sh\u00ebndet\u00ebsore.<\/p>\n<p>Ky zhvillim vjen n\u00eb nj\u00eb moment t\u00eb tensionuar p\u00ebr Veliajn, i cili \u00ebsht\u00eb p\u00ebrballur me akuza t\u00eb r\u00ebnda dhe tani k\u00ebrkon nj\u00eb ambient m\u00eb t\u00eb sigurt p\u00ebr t\u00eb vazhduar q\u00ebndrimin e tij n\u00eb burg.<\/p>\n","protected":false},"excerpt":{"rendered":"<p>Kryebashkiaku i Tiran\u00ebs, Erion Veliaj, ka k\u00ebrkuar transferimin nga burgu i Durr\u00ebsit n\u00eb at\u00eb t\u00eb Fierit, pas sulmeve verbale dhe dhun\u00ebs psikologjike t\u00eb ushtruara ndaj tij nga t\u00eb burgosurit e tjer\u00eb. Sipas burimeve t\u00eb portalit Timoni.al, Veliaj ka shfaqur shenja t\u00eb gjendjes s\u00eb r\u00ebnduar psikologjike, duke mbajtur flok\u00ebt e l\u00ebshuar dhe duke mos treguar kujdes &hellip;<\/p>\n","protected":false},"author":4,"featured_media":107095,"comment_status":"closed","ping_status":"closed","sticky":false,"template":"","format":"standard","meta":{"footnotes":""},"categories":[37],"tags":[],"class_list":["post-110561","post","type-post","status-publish","format-standard","has-post-thumbnail","","category-politike"],"_links":{"self":[{"href":"https:\/\/rdnews.al\/index.php\/wp-json\/wp\/v2\/posts\/110561","targetHints":{"allow":["GET"]}}],"collection":[{"href":"https:\/\/rdnews.al\/index.php\/wp-json\/wp\/v2\/posts"}],"about":[{"href":"https:\/\/rdnews.al\/index.php\/wp-json\/wp\/v2\/types\/post"}],"author":[{"embeddable":true,"href":"https:\/\/rdnews.al\/index.php\/wp-json\/wp\/v2\/users\/4"}],"replies":[{"embeddable":true,"href":"https:\/\/rdnews.al\/index.php\/wp-json\/wp\/v2\/comments?post=110561"}],"version-history":[{"count":1,"href":"https:\/\/rdnews.al\/index.php\/wp-json\/wp\/v2\/posts\/110561\/revisions"}],"predecessor-version":[{"id":110562,"href":"https:\/\/rdnews.al\/index.php\/wp-json\/wp\/v2\/posts\/110561\/revisions\/110562"}],"wp:featuredmedia":[{"embeddable":true,"href":"https:\/\/rdnews.al\/index.php\/wp-json\/wp\/v2\/media\/107095"}],"wp:attachment":[{"href":"https:\/\/rdnews.al\/index.php\/wp-json\/wp\/v2\/media?parent=110561"}],"wp:term":[{"taxonomy":"category","embeddable":true,"href":"https:\/\/rdnews.al\/index.php\/wp-json\/wp\/v2\/categories?post=110561"},{"taxonomy":"post_tag","embeddable":true,"href":"https:\/\/rdnews.al\/index.php\/wp-json\/wp\/v2\/tags?post=110561"}],"curies":[{"name":"wp","href":"https:\/\/api.w.org\/{rel}","templated":true}]}}